{"id":21969,"date":"2026-01-06T06:03:45","date_gmt":"2026-01-06T05:03:45","guid":{"rendered":"https:\/\/monde25.info\/index.php\/2026\/01\/06\/les-etats-unis-assassinent-des-civils-dans-leur-sommeil-mais-les-medias-trouvent-loperation-audacieuse-et-stupefiante\/"},"modified":"2026-01-06T06:03:45","modified_gmt":"2026-01-06T05:03:45","slug":"les-etats-unis-assassinent-des-civils-dans-leur-sommeil-mais-les-medias-trouvent-loperation-audacieuse-et-stupefiante","status":"publish","type":"post","link":"https:\/\/monde25.info\/index.php\/2026\/01\/06\/les-etats-unis-assassinent-des-civils-dans-leur-sommeil-mais-les-medias-trouvent-loperation-audacieuse-et-stupefiante\/","title":{"rendered":"Les \u00c9tats-Unis assassinent des civils dans leur sommeil, mais les m\u00e9dias trouvent l&rsquo;op\u00e9ration \u00ab\u00a0audacieuse\u00a0\u00bb et \u00ab\u00a0stup\u00e9fiante\u00a0\u00bb"},"content":{"rendered":"<p> <br \/>\n<\/p>\n<div>\n      Voil\u00e0 maintenant 24 heures que les \u00c9tats-Unis ont enlev\u00e9 le pr\u00e9sident v\u00e9n\u00e9zu\u00e9lien Nicolas Maduro, l&rsquo;ont \u00e9quip\u00e9 de protections auditives et d&rsquo;un bandeau sur les yeux, fa\u00e7on <em>\u00ab\u00a0guerre contre le terrorisme\u00a0\u00bb,<\/em> et l&rsquo;ont transf\u00e9r\u00e9 \u00e0 New York pour y \u00eatre jug\u00e9 sur l&rsquo;accusation mensong\u00e8re d&rsquo;\u00eatre \u00e0 la t\u00eate d&rsquo;<a target=\"_blank\" href=\"https:\/\/substack.com\/redirect\/3920297d-5c4f-4a83-84d8-f5bc8f08c1a0?j=eyJ1IjoiNnAxN2k1In0.zeTjdRdeKknp0UGmvMcTfm4_zifWXVIgT0BO3wCh9fI\">un cartel de la drogue fant\u00f4me<\/a>.<br \/>\n<\/p>\n<div class=\"article-image-large to-center\"><a target=\"_blank\" href=\"https:\/\/fr.sott.net\/image\/s36\/738437\/full\/b5fdfb26_3003_4de5_ac3e_ccf27b.jpg\" target=\"_blank\"><img decoding=\"async\" src=\"https:\/\/fr.sott.net\/image\/s36\/738437\/large\/b5fdfb26_3003_4de5_ac3e_ccf27b.jpg\" alt=\"tthjgvfy\" title=\"Cliquer pour agrandir\"\/><\/a><\/div>\n<p>(Les protections auditives et le bandeau, ainsi que la photo publi\u00e9e par les \u00c9tats-Unis montrant Maduro portant ces \u00e9quipements, constituent en outre des violations de la Convention de Gen\u00e8ve).<\/p>\n<p>Au cours de l&rsquo;op\u00e9ration, <a target=\"_blank\" href=\"https:\/\/substack.com\/redirect\/ecdf38c8-6f07-4805-a5e5-f81c565f83e4?j=eyJ1IjoiNnAxN2k1In0.zeTjdRdeKknp0UGmvMcTfm4_zifWXVIgT0BO3wCh9fI\">au moins 40 V\u00e9n\u00e9zu\u00e9liens auraient \u00e9t\u00e9 tu\u00e9s<\/a>, dont des civils qui dormaient paisiblement dans leur lit lorsque leur immeuble a \u00e9t\u00e9 d\u00e9truit par un missile Hellfire tir\u00e9 par un avion de chasse am\u00e9ricain.<\/p>\n<div class=\"article-image-super to-center\"><a target=\"_blank\" href=\"https:\/\/fr.sott.net\/image\/s36\/738438\/full\/b62ba5e9_d1cb_49b0_aa3c_cef1fd.jpg\" target=\"_blank\"><img decoding=\"async\" loading=\"lazy\" src=\"https:\/\/fr.sott.net\/image\/s36\/738438\/super\/b62ba5e9_d1cb_49b0_aa3c_cef1fd.jpg\" alt=\"ukgijhj\" title=\"Cliquer pour agrandir\"\/><\/a><\/p>\n<p><span class=\"caption\">D\u00e9g\u00e2ts caus\u00e9s par un missile am\u00e9ricain sur un immeuble r\u00e9sidentiel \u00e0 Caracas.<\/span><\/p>\n<\/div>\n<p>Selon <em><a target=\"_blank\" href=\"https:\/\/substack.com\/redirect\/b29216d7-f43d-4e56-892a-b73c3212c505?j=eyJ1IjoiNnAxN2k1In0.zeTjdRdeKknp0UGmvMcTfm4_zifWXVIgT0BO3wCh9fI\">PBS<\/a><\/em><a target=\"_blank\" href=\"https:\/\/substack.com\/redirect\/b29216d7-f43d-4e56-892a-b73c3212c505?j=eyJ1IjoiNnAxN2k1In0.zeTjdRdeKknp0UGmvMcTfm4_zifWXVIgT0BO3wCh9fI\">,<\/a> <em><a target=\"_blank\" href=\"https:\/\/substack.com\/redirect\/98c037d8-eac2-4c84-9dad-f94167d6cbf9?j=eyJ1IjoiNnAxN2k1In0.zeTjdRdeKknp0UGmvMcTfm4_zifWXVIgT0BO3wCh9fI\">The Guardian<\/a><\/em>, <em><a target=\"_blank\" href=\"https:\/\/substack.com\/redirect\/c3c59f12-c94c-4b2e-a299-a3219e950946?j=eyJ1IjoiNnAxN2k1In0.zeTjdRdeKknp0UGmvMcTfm4_zifWXVIgT0BO3wCh9fI\">The Washington Post<\/a><\/em> et d&rsquo;autres m\u00e9dias, cette violence meurtri\u00e8re et cette violation flagrante du droit international constituent un <em>\u00ab\u00a0raid audacieux\u00a0\u00bb.<\/em> <em><a target=\"_blank\" href=\"https:\/\/substack.com\/redirect\/3b5615ac-9d8c-4f92-9614-6d5134b9a8aa?j=eyJ1IjoiNnAxN2k1In0.zeTjdRdeKknp0UGmvMcTfm4_zifWXVIgT0BO3wCh9fI\">ABC News<\/a><\/em> <a target=\"_blank\" href=\"https:\/\/substack.com\/redirect\/3b5615ac-9d8c-4f92-9614-6d5134b9a8aa?j=eyJ1IjoiNnAxN2k1In0.zeTjdRdeKknp0UGmvMcTfm4_zifWXVIgT0BO3wCh9fI\">l&rsquo;a m\u00eame qualifi\u00e9 de<\/a> de <em>\u00ab\u00a0stup\u00e9fiant\u00a0\u00bb<\/em>. <em>Sky News<\/em> l&rsquo;a <a target=\"_blank\" href=\"https:\/\/substack.com\/redirect\/163d2508-4a49-43de-85f3-74a375998d4b?j=eyJ1IjoiNnAxN2k1In0.zeTjdRdeKknp0UGmvMcTfm4_zifWXVIgT0BO3wCh9fI\">d\u00e9clar\u00e9<\/a> <em>\u00ab\u00a0spectaculaire\u00a0\u00bb<\/em> et <em>\u00ab\u00a0stup\u00e9fiant\u00a0\u00bb<\/em>, et \u00e9voqu\u00e9 des bombes <em>\u00ab\u00a0illuminant le ciel nocturne\u00a0\u00bb<\/em>. On aurait pu les croire en train de d\u00e9crire un feu d&rsquo;artifice du Nouvel An plut\u00f4t qu&rsquo;un coup d&rsquo;\u00c9tat meurtrier contre le dirigeant d&rsquo;un pays souverain.<\/p>\n<p>Les responsables europ\u00e9ens, de Macron \u00e0 Starmer, se sont montr\u00e9s frileux dans leurs r\u00e9actions et ont refus\u00e9 de condamner l&rsquo;attaque, invoquant tous la justification belliciste (<a target=\"_blank\" href=\"https:\/\/open.substack.com\/pub\/ssofidelis\/p\/les-etats-unis-attaquent-le-venezuela?r=egm99&amp;utm_campaign=post&amp;utm_medium=web\">comme on s&rsquo;y attendait hier<\/a>), affirmant que Maduro est un dictateur vou\u00e9 \u00e0 quitter le pouvoir. Macron a habilement us\u00e9 de la voix passive, comme si Maduro avait \u00e9t\u00e9 destitu\u00e9 par magie plut\u00f4t que la cible d&rsquo;une violente agression.<\/p>\n<div class=\"article-image-super to-center\"><a target=\"_blank\" href=\"https:\/\/fr.sott.net\/image\/s36\/738439\/full\/e2e6d6bd_1296_4dc4_821f_f0d6d9.jpg\" target=\"_blank\"><img decoding=\"async\" loading=\"lazy\" src=\"https:\/\/fr.sott.net\/image\/s36\/738439\/super\/e2e6d6bd_1296_4dc4_821f_f0d6d9.jpg\" alt=\"ujhgjikh\" title=\"Cliquer pour agrandir\"\/><\/a><\/div>\n<p>Les dirigeants sud-am\u00e9ricains ont bien s\u00fbr adopt\u00e9 un ton diff\u00e9rent. Le Br\u00e9sil, la Colombie, Cuba et le Mexique ont tous condamn\u00e9 cet acte de guerre ill\u00e9gal et ce terrorisme d&rsquo;\u00c9tat. D&rsquo;autant qu&rsquo;il n&rsquo;est pas exclu qu&rsquo;ils soient les prochains sur la liste. Hier soir, dans une interview accord\u00e9e \u00e0 <em>Fox News<\/em>, Trump a d\u00e9clar\u00e9 :<\/p>\n<blockquote><p>\n\u00ab\u00a0<a target=\"_blank\" href=\"https:\/\/substack.com\/redirect\/16e68c45-bafd-4c96-a169-b988964957b0?j=eyJ1IjoiNnAxN2k1In0.zeTjdRdeKknp0UGmvMcTfm4_zifWXVIgT0BO3wCh9fI\">Il va falloir faire quelque chose au sujet du Mexique<\/a>\u00ab\u00a0, \u00ab\u00a0Cuba est un sujet que nous aborderons t\u00f4t ou tard\u00a0\u00bb et \u00ab\u00a0On va devoir recommencer dans d&rsquo;autres pays. Nous pouvons y arriver. Personne ne nous en emp\u00eachera\u00a0\u00bb.\n<\/p><\/blockquote>\n<p><a target=\"_blank\" href=\"https:\/\/substack.com\/redirect\/e100a950-5fd8-4219-a6ae-5f5131412d8e?j=eyJ1IjoiNnAxN2k1In0.zeTjdRdeKknp0UGmvMcTfm4_zifWXVIgT0BO3wCh9fI\">Il l&rsquo;a vraiment dit.<\/a> Les \u00e9loges et l&rsquo;absence de condamnation l&rsquo;ont enhardi.<\/p>\n<p>Honte \u00e0 l&rsquo;Europe, honte aux dirigeants lib\u00e9raux et \u00e0 leurs laquais des m\u00e9dias qui d\u00e9non\u00e7aient les dangers de Trump pour finalement cautionner son gangst\u00e9risme.<\/p>\n<p>Mettons les choses bien \u00e0 plat. Le Venezuela n&rsquo;\u00e9tait pas opprim\u00e9 par Maduro. <span class=\"Hilite\">Le Venezuela \u00e9tait victime des \u00c9tats-Unis.<\/span><\/p>\n<p><strong><span class=\"BoldGrey\">La r\u00e9volution bolivarienn<\/span><\/strong><span class=\"BoldGrey\">e<\/span><\/p>\n<p>Lorsque Hugo Ch\u00e1vez est arriv\u00e9 au pouvoir en 1999, \u00e0 la suite d&rsquo;un soul\u00e8vement populaire contre un gouvernement n\u00e9olib\u00e9ral de droite et les programmes d&rsquo;aust\u00e9rit\u00e9 impos\u00e9s par le FMI, le Venezuela \u00e9tait en ruines. Le taux de pauvret\u00e9 d\u00e9passait 50 %, pr\u00e8s d&rsquo;un quart de la population survivait dans l&rsquo;extr\u00eame pauvret\u00e9, 10 % des adultes \u00e9taient analphab\u00e8tes et le taux de mortalit\u00e9 infantile surpassait 20 %. <a target=\"_blank\" href=\"https:\/\/substack.com\/redirect\/970d890e-200c-43d5-8b89-c8ecff80b10e?j=eyJ1IjoiNnAxN2k1In0.zeTjdRdeKknp0UGmvMcTfm4_zifWXVIgT0BO3wCh9fI\">\u00c0 la mort de Chavez et l&rsquo;arriv\u00e9e au pouvoir de Maduro<\/a>, la mortalit\u00e9 infantile \u00e9tait tomb\u00e9e \u00e0 13,7 pour 1 000 naissances, la pauvret\u00e9 \u00e9tait inf\u00e9rieure \u00e0 30 %, l&rsquo;extr\u00eame pauvret\u00e9 avait diminu\u00e9 de plus de moiti\u00e9 pour atteindre 8,5 % et l&rsquo;esp\u00e9rance de vie avait augment\u00e9 de pr\u00e8s de deux ans, pour atteindre la moyenne r\u00e9gionale. De plus, le PIB avait doubl\u00e9, le taux de ch\u00f4mage n&rsquo;\u00e9tait plus que de 7,6 % et 2,6 millions de jeunes adultes \u00e9taient inscrits \u00e0 l&rsquo;universit\u00e9, contre moins d&rsquo;un million avant Ch\u00e1vez.<\/p>\n<p>\u00c0 l&rsquo;\u00e9poque, <em>The Guardian<\/em> <a target=\"_blank\" href=\"https:\/\/substack.com\/redirect\/1c41f53d-2ba7-49c8-b80d-cc6c6540190c?j=eyJ1IjoiNnAxN2k1In0.zeTjdRdeKknp0UGmvMcTfm4_zifWXVIgT0BO3wCh9fI\">rendait r\u00e9guli\u00e8rement compte<\/a> des <a target=\"_blank\" href=\"https:\/\/substack.com\/redirect\/92ebf172-dc5a-4869-94c9-409cd3fa3e3c?j=eyJ1IjoiNnAxN2k1In0.zeTjdRdeKknp0UGmvMcTfm4_zifWXVIgT0BO3wCh9fI\">succ\u00e8s du chavisme.<\/a><\/p>\n<p><strong>Quiconque r\u00e9p\u00e8te que le Venezuela a \u00e9t\u00e9 appauvri par la r\u00e9volution socialiste n&rsquo;est donc qu&rsquo;un menteur ou un larbin de l&rsquo;imp\u00e9rialisme.<\/strong><\/p>\n<p>Il est vrai que depuis le milieu des ann\u00e9es 2010, bon nombre de ces indicateurs ont r\u00e9gress\u00e9. Cependant, tous les documents fiables sur le sujet, y compris les rapports de l&rsquo;ONU, attribuent la responsabilit\u00e9 de cette situation aux sanctions s\u00e9v\u00e8res impos\u00e9es par les \u00c9tats-Unis et l&rsquo;Occident, dont le but \u00e9tait d&rsquo;appauvrir les V\u00e9n\u00e9zu\u00e9liens pour les pousser \u00e0 la r\u00e9bellion.<\/p>\n<p><a target=\"_blank\" href=\"https:\/\/substack.com\/redirect\/c5b3b1aa-6dcb-4bac-ab43-25df37949158?j=eyJ1IjoiNnAxN2k1In0.zeTjdRdeKknp0UGmvMcTfm4_zifWXVIgT0BO3wCh9fI\">Un rapport publi\u00e9 en 2021<\/a> par l&rsquo;experte ind\u00e9pendante de l&rsquo;ONU pour le Venezuela, Alena Douhan, a fait la lumi\u00e8re sur ces pratiques.<\/p>\n<p>Dans son rapport, Mme Douhan affirme que le programme de sanctions contre le Venezuela \u00e9quivaut \u00e0 un <em>\u00ab\u00a0blocus \u00e9conomique\u00a0\u00bb<\/em> avec des effets d\u00e9vastateurs sur les conditions de vie des V\u00e9n\u00e9zu\u00e9liens moyens. Elle a ajout\u00e9 que les sanctions sectorielles contre les industries p\u00e9troli\u00e8re, aurif\u00e8re et mini\u00e8re, ainsi que le gel de tous les actifs de la Banque centrale, ont\n<\/p>\n<blockquote class=\"typ1\"><p>\n\u00ab\u00a0consid\u00e9rablement r\u00e9duit les recettes, affectant les syst\u00e8mes publics de l&rsquo;\u00e9lectricit\u00e9, du gaz, de l&rsquo;eau, des transports, de la t\u00e9l\u00e9phonie et de la communication, ainsi que les \u00e9coles, les h\u00f4pitaux et d&rsquo;autres institutions publiques\u00a0\u00bb.\n<\/p><\/blockquote>\n<p>Elle a en outre soulign\u00e9 que ces sanctions ont provoqu\u00e9 une grave crise sanitaire, alimentaire et nutritionnelle. Selon le rapport, le Tr\u00e9sor am\u00e9ricain a sp\u00e9cifiquement cibl\u00e9 un programme alimentaire mis en place par Maduro pour lutter contre la faim. Le rapport conclut que le programme de sanctions contre le Venezuela est<\/p>\n<blockquote><p>\n\u00ab\u00a0motiv\u00e9 par des consid\u00e9rations politiques, porte atteinte aux droits humains les plus fondamentaux et viole le droit international\u00a0\u00bb.\n<\/p><\/blockquote>\n<p><strong>Les \u00c9tats-Unis et l&rsquo;Occident ont d\u00e9lib\u00e9r\u00e9ment paralys\u00e9 le Venezuela.<\/strong><\/p>\n<p>Quiconque omet ce contexte essentiel n&rsquo;est qu&rsquo;un menteur ou un pantin. Soit l&rsquo;ensemble des m\u00e9dias mainstream.<\/p>\n<p>Avez-vous retrouv\u00e9 l&rsquo;un de ces faits, l&rsquo;un de ces aspects du contexte, dans les reportages de ces derniers jours ? Les m\u00e9dias mainstream ont-ils rapport\u00e9 que les accusations de trafic de drogue sont <a target=\"_blank\" href=\"https:\/\/substack.com\/redirect\/3920297d-5c4f-4a83-84d8-f5bc8f08c1a0?j=eyJ1IjoiNnAxN2k1In0.zeTjdRdeKknp0UGmvMcTfm4_zifWXVIgT0BO3wCh9fI\">ridicules et infond\u00e9es<\/a> ? Bien s\u00fbr que non. Parce que leur but n&rsquo;est pas informatif, mais endoctrinatoire. Ces reportages n&rsquo;ont pas vocation \u00e0 susciter le scepticisme ou la col\u00e8re contre l&rsquo;imp\u00e9rialisme et le statu quo, mais \u00e0 les perp\u00e9tuer et les soutenir.<\/p>\n<p><span class=\"Hilite\">Maduro \u00e9tait l&rsquo;un des rares dirigeants mondiaux \u00e0 se montrer solidaire des Palestiniens et \u00e0 <\/span><a target=\"_blank\" href=\"https:\/\/substack.com\/redirect\/1ffb5f55-4075-423c-b3d8-69b9daa58d10?j=eyJ1IjoiNnAxN2k1In0.zeTjdRdeKknp0UGmvMcTfm4_zifWXVIgT0BO3wCh9fI\"><span class=\"Hilite\">d\u00e9noncer le sionisme comme une id\u00e9ologie haineuse et terroriste<\/span><\/a><span class=\"Hilite\">. Sa sortie de sc\u00e8ne est \u00e9galement tout b\u00e9n\u00e9fice pour Isra\u00ebl.<\/span><\/p>\n<p>Selon la version officielle des m\u00e9dias occidentaux et de la classe politique, la cheffe de l&rsquo;opposition, Maria Corina Machado, serait \u00e0 la t\u00eate d&rsquo;un mouvement populaire massif et son parti aurait remport\u00e9 les derni\u00e8res \u00e9lections. Cependant, hier soir, <a target=\"_blank\" href=\"https:\/\/substack.com\/redirect\/08aebb7d-e975-4d86-9011-824fe924caa4?j=eyJ1IjoiNnAxN2k1In0.zeTjdRdeKknp0UGmvMcTfm4_zifWXVIgT0BO3wCh9fI\">Trump a d\u00e9clar\u00e9<\/a> qu&rsquo;elle ne remplit pas les conditions d&rsquo;un leadership, car elle ne b\u00e9n\u00e9ficie pas de respect ni de soutien g\u00e9n\u00e9ralis\u00e9. Une d\u00e9claration d&rsquo;autant plus surprenante que les accusations port\u00e9es contre Maduro en tant que dictateur reposent explicitement sur la pr\u00e9tendue l\u00e9gitimit\u00e9 de Corina Machado et son soi-disant soutien populaire.<\/p>\n<p>C&rsquo;est extr\u00eamement r\u00e9v\u00e9lateur de l&rsquo;histoire que vous ne lirez pas dans les m\u00e9dias mainstream.<\/p>\n<p>L&rsquo;histoire des 24 derni\u00e8res heures et celle de la violence imp\u00e9riale racontent une nouvelle fois le r\u00e9cit de m\u00e9dias d\u00e9faillants, corrompus et instrumentalis\u00e9s. Des m\u00e9dias qui ne disent pas la v\u00e9rit\u00e9 au pouvoir, pr\u00e9f\u00e9rant amplifier les mensonges et la propagande des puissants.<\/p>\n<p>Des m\u00e9dias qui omettent d\u00e9lib\u00e9r\u00e9ment tout regard critique et fabriquent le consentement \u00e0 la violence.<\/p>\n<p>Des m\u00e9dias qui affichent leur souci du droit international, de la d\u00e9mocratie et des opprim\u00e9s, puis acclament les coups d&rsquo;\u00c9tat et la violence de l&#8217;empire.<\/p>\n<p>Ces derni\u00e8res 24 heures ont une fois encore d\u00e9montr\u00e9 la faillite des m\u00e9dias mainstream et la n\u00e9cessit\u00e9 imp\u00e9rieuse de faire entendre les voix ind\u00e9pendantes.<\/p>\n<p>Article original en anglais : <a target=\"_blank\" href=\"https:\/\/www.donotpanic.news\/p\/us-murders-sleeping-civilians-media?utm_source=substack&amp;utm_campaign=post_embed&amp;utm_medium=email\">US Murders Sleeping Civilians, Media Calls It \u00ab Audacious, Stunning \u00bb<\/a>, \u00a1Do Not Panic!<\/p>\n<p><em>Traduit par<\/em> <em><a target=\"_blank\" href=\"https:\/\/substack.com\/redirect\/0fee2296-6829-4649-bab0-f82867a4aae4?j=eyJ1IjoiNnAxN2k1In0.zeTjdRdeKknp0UGmvMcTfm4_zifWXVIgT0BO3wCh9fI\">Spirit of Free Speech<\/a><\/em><\/p>\n<p>La source originale de cet article est <a target=\"_blank\" href=\"https:\/\/www.donotpanic.news\/p\/us-murders-sleeping-civilians-media?utm_source=substack&amp;utm_campaign=post_embed&amp;utm_medium=email\">\u00a1Do Not Panic!<\/a>\n\t\t<\/p>\n<\/div>\n<p><br \/>\n<br \/><a href=\"https:\/\/fr.sott.net\/article\/44485-Les-Etats-Unis-assassinent-des-civils-dans-leur-sommeil-mais-les-medias-trouvent-l-operation-audacieuse-et-stupefiante\" target=\"_blank\"\">Source link <\/a><\/p>\n","protected":false},"excerpt":{"rendered":"<p>Voil\u00e0 maintenant 24 heures que les \u00c9tats-Unis ont enlev\u00e9 le pr\u00e9sident v\u00e9n\u00e9zu\u00e9lien Nicolas Maduro, l&rsquo;ont \u00e9quip\u00e9 de protections auditives et d&rsquo;un bandeau sur les yeux, fa\u00e7on \u00ab\u00a0guerre contre le terrorisme\u00a0\u00bb,&hellip; <\/p>\n","protected":false},"author":1,"featured_media":21970,"comment_status":"open","ping_status":"open","sticky":false,"template":"","format":"standard","meta":{"footnotes":""},"categories":[1],"tags":[],"class_list":["post-21969","post","type-post","status-publish","format-standard","has-post-thumbnail","hentry","category-non-classe"],"_links":{"self":[{"href":"https:\/\/monde25.info\/index.php\/wp-json\/wp\/v2\/posts\/21969","targetHints":{"allow":["GET"]}}],"collection":[{"href":"https:\/\/monde25.info\/index.php\/wp-json\/wp\/v2\/posts"}],"about":[{"href":"https:\/\/monde25.info\/index.php\/wp-json\/wp\/v2\/types\/post"}],"author":[{"embeddable":true,"href":"https:\/\/monde25.info\/index.php\/wp-json\/wp\/v2\/users\/1"}],"replies":[{"embeddable":true,"href":"https:\/\/monde25.info\/index.php\/wp-json\/wp\/v2\/comments?post=21969"}],"version-history":[{"count":0,"href":"https:\/\/monde25.info\/index.php\/wp-json\/wp\/v2\/posts\/21969\/revisions"}],"wp:featuredmedia":[{"embeddable":true,"href":"https:\/\/monde25.info\/index.php\/wp-json\/wp\/v2\/media\/21970"}],"wp:attachment":[{"href":"https:\/\/monde25.info\/index.php\/wp-json\/wp\/v2\/media?parent=21969"}],"wp:term":[{"taxonomy":"category","embeddable":true,"href":"https:\/\/monde25.info\/index.php\/wp-json\/wp\/v2\/categories?post=21969"},{"taxonomy":"post_tag","embeddable":true,"href":"https:\/\/monde25.info\/index.php\/wp-json\/wp\/v2\/tags?post=21969"}],"curies":[{"name":"wp","href":"https:\/\/api.w.org\/{rel}","templated":true}]}}