{"id":21971,"date":"2026-01-06T07:42:46","date_gmt":"2026-01-06T06:42:46","guid":{"rendered":"https:\/\/monde25.info\/index.php\/2026\/01\/06\/des-marseillais-sorganisent-pour-se-passer-des-pompiers\/"},"modified":"2026-01-06T07:42:46","modified_gmt":"2026-01-06T06:42:46","slug":"des-marseillais-sorganisent-pour-se-passer-des-pompiers","status":"publish","type":"post","link":"https:\/\/monde25.info\/index.php\/2026\/01\/06\/des-marseillais-sorganisent-pour-se-passer-des-pompiers\/","title":{"rendered":"Des Marseillais s&#039;organisent pour \u00ab\u00a0se passer des pompiers\u00a0\u00bb"},"content":{"rendered":"<p> <br \/>\n<br \/><img loading=\"lazy\" decoding=\"async\" src=\"https:\/\/reporterre.net\/local\/cache-vignettes\/L700xH467\/20251213_ecole_du_feu_22-modified_2_1_1_-a658e.png?1767679202\" class=\"spip_logo\" width=\"700\" height=\"467\" alt=\"\" \/><\/p>\n<p>\u00c0 Marseille, quelques mois apr\u00e8s un incendie qui a ravag\u00e9 le nord de la ville, un groupe d&rsquo;habitants s&rsquo;organise au sein de l&rsquo;\u00c9cole du feu. Cette initiative vise faire conna\u00eetre les bons gestes, avant et pendant le sinistre. <br class=\"autobr\" \/><br \/>\nMarseille (Bouches-du-Rh\u00f4ne), reportage <br class=\"autobr\" \/><br \/>\n\u00ab<small class=\"fine d-inline\">\u00a0<\/small>Le feu est pass\u00e9 et il repassera. La seule mani\u00e8re d&rsquo;habiter ici, c&rsquo;est d&rsquo;apprendre \u00e0 vivre avec ce risque<small class=\"fine d-inline\">\u00a0<\/small>\u00bb, affirme Lucile. En ce samedi de d\u00e9cembre, aux c\u00f4t\u00e9s de son conjoint et de ses deux enfants, cette com\u00e9dienne de 36\u00a0(\u2026)<\/p>\n<p>                    <a target=\"_blank\" href=\"https:\/\/reporterre.net\/Des-Marseillais-s-organisent-pour-se-passer-des-pompiers?utm_source=RSS&amp;utm_medium=RSS\">Lire la suite<\/a><\/p>\n<p>                    &#8211;<br \/>\n                        <a target=\"_blank\" href=\"https:\/\/reporterre.net\/Reportage\" rel=\"directory\">Reportage<\/a><\/p>\n<p>                    \/<br \/>\n                        <a target=\"_blank\" href=\"https:\/\/reporterre.net\/Ecologie-et-quartiers-populaires\" rel=\"tag\">\u00c9cologies populaires<\/a><br \/>\n                    ,<br \/>\n                        <a target=\"_blank\" href=\"https:\/\/reporterre.net\/Megafeux\" rel=\"tag\">Incendies<\/a><br \/>\n                    ,<br \/>\n                        <a target=\"_blank\" href=\"https:\/\/reporterre.net\/Alternatives\" rel=\"tag\">Alternatives<\/a><br \/>\n<br \/><br \/>\n<br \/><a href=\"https:\/\/reporterre.net\/Des-Marseillais-s-organisent-pour-se-passer-des-pompiers\" target=\"_blank\"\">Source link <\/a><\/p>\n","protected":false},"excerpt":{"rendered":"<p>\u00c0 Marseille, quelques mois apr\u00e8s un incendie qui a ravag\u00e9 le nord de la ville, un groupe d&rsquo;habitants s&rsquo;organise au sein de l&rsquo;\u00c9cole du feu. Cette initiative vise faire conna\u00eetre&hellip; <\/p>\n","protected":false},"author":1,"featured_media":0,"comment_status":"open","ping_status":"open","sticky":false,"template":"","format":"standard","meta":{"footnotes":""},"categories":[1],"tags":[],"class_list":["post-21971","post","type-post","status-publish","format-standard","hentry","category-non-classe"],"_links":{"self":[{"href":"https:\/\/monde25.info\/index.php\/wp-json\/wp\/v2\/posts\/21971","targetHints":{"allow":["GET"]}}],"collection":[{"href":"https:\/\/monde25.info\/index.php\/wp-json\/wp\/v2\/posts"}],"about":[{"href":"https:\/\/monde25.info\/index.php\/wp-json\/wp\/v2\/types\/post"}],"author":[{"embeddable":true,"href":"https:\/\/monde25.info\/index.php\/wp-json\/wp\/v2\/users\/1"}],"replies":[{"embeddable":true,"href":"https:\/\/monde25.info\/index.php\/wp-json\/wp\/v2\/comments?post=21971"}],"version-history":[{"count":0,"href":"https:\/\/monde25.info\/index.php\/wp-json\/wp\/v2\/posts\/21971\/revisions"}],"wp:attachment":[{"href":"https:\/\/monde25.info\/index.php\/wp-json\/wp\/v2\/media?parent=21971"}],"wp:term":[{"taxonomy":"category","embeddable":true,"href":"https:\/\/monde25.info\/index.php\/wp-json\/wp\/v2\/categories?post=21971"},{"taxonomy":"post_tag","embeddable":true,"href":"https:\/\/monde25.info\/index.php\/wp-json\/wp\/v2\/tags?post=21971"}],"curies":[{"name":"wp","href":"https:\/\/api.w.org\/{rel}","templated":true}]}}