{"id":21980,"date":"2026-01-06T11:33:38","date_gmt":"2026-01-06T10:33:38","guid":{"rendered":"https:\/\/monde25.info\/index.php\/2026\/01\/06\/je-suis-le-president-du-venezuela-et-je-me-considere-comme-un-prisonnier-de-guerre\/"},"modified":"2026-01-06T11:33:38","modified_gmt":"2026-01-06T10:33:38","slug":"je-suis-le-president-du-venezuela-et-je-me-considere-comme-un-prisonnier-de-guerre","status":"publish","type":"post","link":"https:\/\/monde25.info\/index.php\/2026\/01\/06\/je-suis-le-president-du-venezuela-et-je-me-considere-comme-un-prisonnier-de-guerre\/","title":{"rendered":"\u00ab Je suis le pr\u00e9sident du Venezuela et je me consid\u00e8re comme un prisonnier de guerre. \u00bb"},"content":{"rendered":"<p> <br \/>\n<\/p>\n<div id=\"\">\n<p>Premi\u00e8res d\u00e9clarations de Maduro devant le tribunal de New York<\/p>\n<p>\u00ab\u00a0Je suis le pr\u00e9sident du Venezuela et je me consid\u00e8re comme un prisonnier de guerre.\u00a0\u00bb<\/p>\n<p>\u00ab\u00a0Je suis le pr\u00e9sident du Venezuela et je me consid\u00e8re comme un prisonnier de guerre.\u00a0\u00bb \u00ab\u00a0J\u2019ai \u00e9t\u00e9 arr\u00eat\u00e9 \u00e0 mon domicile \u00e0 Caracas\u00a0\u00bb, a d\u00e9clar\u00e9 le dirigeant v\u00e9n\u00e9zu\u00e9lien lors de sa comparution.<\/p>\n<p>\u00ab\u00a0Je suis innocent, je suis un homme int\u00e8gre, je suis toujours le pr\u00e9sident de mon pays\u00a0\u00bb, a-t-il poursuivi devant le juge Alvin Hellerstein, rejetant l\u2019accusation de narcoterrorisme port\u00e9e contre lui.<\/p>\n<p>Suite \u00e0 cela, l\u2019\u00e9pouse du pr\u00e9sident, Cilia Flores, a fait de m\u00eame et a d\u00e9clar\u00e9 devant le magistrat\u00a0: \u00ab\u00a0Non coupable, compl\u00e8tement innocente.\u00a0\u00bb<\/p>\n<p>Le dirigeant v\u00e9n\u00e9zu\u00e9lien a \u00e9t\u00e9 conduit dans la salle d\u2019audience sans menottes, v\u00eatu d\u2019un t-shirt noir et d\u2019un casque audio, probablement pour la traduction simultan\u00e9e.<\/p>\n<p>Le pr\u00e9sident a mentionn\u00e9 qu\u2019il avait vu l\u2019acte d\u2019accusation mais qu\u2019il ne l\u2019avait pas lu et qu\u2019il en avait discut\u00e9 partiellement avec son avocat. L\u2019avocat de Maduro est Barry Pollack, un avocat exp\u00e9riment\u00e9 qui a d\u00e9fendu le fondateur de WikiLeaks, Julian Assange.<\/p>\n<p>Dans le m\u00eame temps, il a \u00e9t\u00e9 rapport\u00e9 que le juge avait ordonn\u00e9 \u00e0 Maduro de compara\u00eetre devant le tribunal le 17 mars pour une audience et que, pour l\u2019instant, le pr\u00e9sident v\u00e9n\u00e9zu\u00e9lien resterait assign\u00e9 \u00e0 r\u00e9sidence.<\/p>\n<p>Suite \u00e0 leur enl\u00e8vement, le pr\u00e9sident v\u00e9n\u00e9zu\u00e9lien et son \u00e9pouse ont \u00e9t\u00e9 d\u00e9tenus au centre de d\u00e9tention m\u00e9tropolitain de Brooklyn en attendant leur proc\u00e8s. La procureure g\u00e9n\u00e9rale des \u00c9tats-Unis, Pamela Bondi, a d\u00e9clar\u00e9 que Maduro et Flores \u00ab\u00a0seront bient\u00f4t confront\u00e9s \u00e0 toute la rigueur de la justice am\u00e9ricaine sur le sol am\u00e9ricain et devant les tribunaux am\u00e9ricains\u00a0\u00bb.<\/p>\n<p>Maduro sera repr\u00e9sent\u00e9 par l\u2019avocat qui a d\u00e9fendu Assange.<\/p>\n<p>Le pr\u00e9sident v\u00e9n\u00e9zu\u00e9lien \u00ab\u00a0est accus\u00e9 de complot en vue de commettre un narcoterrorisme, de complot en vue d\u2019importer de la coca\u00efne, de possession d\u2019armes automatiques et d\u2019engins explosifs, et de complot en vue de poss\u00e9der des armes automatiques et des engins explosifs contre les \u00c9tats-Unis\u00a0\u00bb.<\/p>\n<p>Samedi dernier, une intervention militaire am\u00e9ricaine au Venezuela, men\u00e9e sous le faux pr\u00e9texte de la lutte contre la drogue, a abouti \u00e0 la capture et \u00e0 l\u2019exfiltration de Nicol\u00e1s Maduro et de son \u00e9pouse. Caracas a qualifi\u00e9 cet \u00e9v\u00e9nement d\u2019\u00ab\u00a0agression militaire tr\u00e8s grave\u00a0\u00bb visant \u00e0 s\u2019emparer des ressources strat\u00e9giques du Venezuela.<\/p>\n<p>La Cour supr\u00eame v\u00e9n\u00e9zu\u00e9lienne a ordonn\u00e9 \u00e0 la vice-pr\u00e9sidente Delcy Rodr\u00edguez d\u2019assumer les fonctions de pr\u00e9sidente par int\u00e9rim.<\/p>\n<p>Mme\u00a0Rodr\u00edguez a adress\u00e9 un message \u00ab\u00a0au monde et aux \u00c9tats-Unis\u00a0\u00bb dans lequel elle a r\u00e9affirm\u00e9 \u00ab\u00a0l\u2019engagement de son pays en faveur de la paix\u00a0\u00bb, soulign\u00e9 la n\u00e9cessit\u00e9 de respecter le principe de \u00ab\u00a0non-ing\u00e9rence\u00a0\u00bb et insist\u00e9 sur l\u2019importance de travailler avec Washington \u00ab\u00a0\u00e0 un programme de coop\u00e9ration commun visant un d\u00e9veloppement partag\u00e9, dans le cadre du droit international, et \u00e0 renforcer une coexistence communautaire durable\u00a0\u00bb.<\/p>\n<p>De nombreux pays \u00e0 travers le monde, dont la Russie, ont appel\u00e9 \u00e0 la lib\u00e9ration de Maduro et de son \u00e9pouse. Moscou a condamn\u00e9 l\u2019attaque et d\u00e9clar\u00e9 que le Venezuela devait avoir le droit de d\u00e9cider de son propre destin sans aucune ing\u00e9rence \u00e9trang\u00e8re.<\/p>\n<p>Quelques heures apr\u00e8s l\u2019attaque contre le Venezuela, Trump a averti que Cuba, le Mexique et la Colombie pourraient \u00eatre les prochaines cibles de Washington.<\/p>\n<\/div>\n<p><br \/>\n<br \/><a href=\"https:\/\/www.legrandsoir.info\/maduro-je-suis-le-president-du-venezuela-et-je-me-considere-comme-un-prisonnier-de-guerre.html\" target=\"_blank\"\">Source link <\/a><\/p>\n","protected":false},"excerpt":{"rendered":"<p>Premi\u00e8res d\u00e9clarations de Maduro devant le tribunal de New York \u00ab\u00a0Je suis le pr\u00e9sident du Venezuela et je me consid\u00e8re comme un prisonnier de guerre.\u00a0\u00bb \u00ab\u00a0Je suis le pr\u00e9sident du&hellip; <\/p>\n","protected":false},"author":1,"featured_media":21981,"comment_status":"open","ping_status":"open","sticky":false,"template":"","format":"standard","meta":{"footnotes":""},"categories":[1],"tags":[],"class_list":["post-21980","post","type-post","status-publish","format-standard","has-post-thumbnail","hentry","category-non-classe"],"_links":{"self":[{"href":"https:\/\/monde25.info\/index.php\/wp-json\/wp\/v2\/posts\/21980","targetHints":{"allow":["GET"]}}],"collection":[{"href":"https:\/\/monde25.info\/index.php\/wp-json\/wp\/v2\/posts"}],"about":[{"href":"https:\/\/monde25.info\/index.php\/wp-json\/wp\/v2\/types\/post"}],"author":[{"embeddable":true,"href":"https:\/\/monde25.info\/index.php\/wp-json\/wp\/v2\/users\/1"}],"replies":[{"embeddable":true,"href":"https:\/\/monde25.info\/index.php\/wp-json\/wp\/v2\/comments?post=21980"}],"version-history":[{"count":0,"href":"https:\/\/monde25.info\/index.php\/wp-json\/wp\/v2\/posts\/21980\/revisions"}],"wp:featuredmedia":[{"embeddable":true,"href":"https:\/\/monde25.info\/index.php\/wp-json\/wp\/v2\/media\/21981"}],"wp:attachment":[{"href":"https:\/\/monde25.info\/index.php\/wp-json\/wp\/v2\/media?parent=21980"}],"wp:term":[{"taxonomy":"category","embeddable":true,"href":"https:\/\/monde25.info\/index.php\/wp-json\/wp\/v2\/categories?post=21980"},{"taxonomy":"post_tag","embeddable":true,"href":"https:\/\/monde25.info\/index.php\/wp-json\/wp\/v2\/tags?post=21980"}],"curies":[{"name":"wp","href":"https:\/\/api.w.org\/{rel}","templated":true}]}}