{"id":21987,"date":"2026-01-06T13:45:38","date_gmt":"2026-01-06T12:45:38","guid":{"rendered":"https:\/\/monde25.info\/index.php\/2026\/01\/06\/colere-agricole-les-autorites-craignent-lescalade-et-poursuivent-leurs-consultations\/"},"modified":"2026-01-06T13:45:38","modified_gmt":"2026-01-06T12:45:38","slug":"colere-agricole-les-autorites-craignent-lescalade-et-poursuivent-leurs-consultations","status":"publish","type":"post","link":"https:\/\/monde25.info\/index.php\/2026\/01\/06\/colere-agricole-les-autorites-craignent-lescalade-et-poursuivent-leurs-consultations\/","title":{"rendered":"Col\u00e8re agricole, les autorit\u00e9s craignent l&rsquo;escalade et poursuivent leurs consultations"},"content":{"rendered":"<p> <br \/>\n<\/p>\n<div>\n<p data-start=\"163\" data-end=\"544\">Le gouvernement poursuit mardi ses consultations avec les syndicats agricoles dans l\u2019espoir de calmer la contestation, alors que sur le terrain les tensions restent vives. Tandis que la FNSEA, proche du pouvoir, est re\u00e7ue \u00e0 Matignon, les autorit\u00e9s ont interdit les d\u00e9placements de tracteurs dans une grande partie du pays, une mesure que certains agriculteurs promettent de braver.<\/p>\n<p data-start=\"546\" data-end=\"1052\">Apr\u00e8s les Jeunes agriculteurs (JA) et la Coordination rurale (CR), la FNSEA et la Conf\u00e9d\u00e9ration paysanne doivent \u00eatre re\u00e7ues mardi par le Premier ministre S\u00e9bastien Lecornu, respectivement \u00e0 17h30 et 19h00. Les motifs de col\u00e8re s\u2019accumulent : \u00e9pizootie de dermatose nodulaire contagieuse (DNC) chez les bovins, faibles cours du bl\u00e9, hausse du prix des engrais ou encore crainte d\u2019une concurrence accrue des pays du Mercosur. Autant de sujets sur lesquels les annonces gouvernementales peinent \u00e0 convaincre.<\/p>\n<p data-start=\"1054\" data-end=\"1632\">Selon plusieurs arr\u00eat\u00e9s pr\u00e9fectoraux, les mouvements et convois de tracteurs sont interdits jusqu\u2019\u00e0 jeudi dans la majeure partie de la France, afin d\u2019\u00e9viter des blocages, notamment aux abords de Paris d\u00e9j\u00e0 perturb\u00e9s par la neige et le verglas. La Coordination rurale a toutefois annonc\u00e9 son intention de passer outre. \u00ab On montera porter les dol\u00e9ances des agriculteurs \u00e0 Paris, de mani\u00e8re pacifique, m\u00eame si la moiti\u00e9 doit finir en garde \u00e0 vue \u00bb, a d\u00e9clar\u00e9 lundi soir Bertrand Venteau, pr\u00e9sident du syndicat, qui esp\u00e8re voir ses cort\u00e8ges atteindre la capitale \u00e0 partir de jeudi.<\/p>\n<p data-start=\"1634\" data-end=\"1920\">La FNSEA, qui a appel\u00e9 dimanche \u00e0 une \u00ab mobilisation nationale \u00bb, privil\u00e9gie pour l\u2019instant des actions locales, sans grands d\u00e9placements. Lundi, la gendarmerie a recens\u00e9 plusieurs blocages, notamment sur les autoroutes A75, A64, A51, A84 et sur l\u2019A7, en particulier aux abords de Lyon.<\/p>\n<p data-start=\"1922\" data-end=\"2451\">Face \u00e0 la mont\u00e9e de la contestation, le Premier ministre a tent\u00e9 dimanche de reprendre l\u2019initiative. Il a appel\u00e9 l\u2019Union europ\u00e9enne \u00e0 \u00ab amplifier rapidement \u00bb les contr\u00f4les aux fronti\u00e8res sur les produits agricoles ne respectant pas les normes sanitaires et phytosanitaires europ\u00e9ennes. S\u00e9bastien Lecornu et la ministre de l\u2019Agriculture Annie Genevard ont \u00e9galement annonc\u00e9 la suspension, par arr\u00eat\u00e9, de l\u2019importation de fruits et l\u00e9gumes d\u2019Am\u00e9rique du Sud contenant des r\u00e9sidus de fongicides ou d\u2019herbicides interdits en Europe.<\/p>\n<p data-start=\"2453\" data-end=\"2780\">Cet arr\u00eat\u00e9, attendu mardi au Journal officiel, devra toutefois obtenir le feu vert de Bruxelles. Annie Genevard se rendra mercredi dans la capitale europ\u00e9enne pour une r\u00e9union sp\u00e9ciale avec ses homologues sur le Mercosur et la Politique agricole commune (PAC). En attendant, les syndicats jugent ces annonces \u00ab insuffisantes \u00bb.<\/p>\n<p data-start=\"2782\" data-end=\"3200\">\u00ab On ne bouge pas tant que le gouvernement ne r\u00e9pond pas clairement sur la dermatose bovine et l\u2019accord Mercosur \u00bb, a d\u00e9clar\u00e9 lundi \u00e0 l\u2019AFP Laurence Chanove, animatrice r\u00e9gionale de la Coordination rurale, depuis un barrage routier au sud de Lyon. La CR, fer de lance de la mobilisation depuis d\u00e9but d\u00e9cembre avec la Conf\u00e9d\u00e9ration paysanne, r\u00e9clame notamment la fin de l\u2019abattage syst\u00e9matique des troupeaux contamin\u00e9s.<\/p>\n<p data-start=\"3202\" data-end=\"3472\">Apr\u00e8s une relative tr\u00eave de No\u00ebl, la Coordination rurale et la Conf\u00e9d\u00e9ration paysanne avaient pr\u00e9venu que la mobilisation reprendrait de plus belle en janvier, laissant planer la perspective d\u2019un troisi\u00e8me hiver de col\u00e8re agricole \u00e0 l\u2019approche du Salon de l\u2019agriculture.<\/p>\n<\/div>\n<p><script>(function(d, s, id) {  var js, fjs = d.getElementsByTagName(s)[0];  if (d.getElementById(id)) return;  js = d.createElement(s); js.id = id;  js.src = \"\/\/connect.facebook.net\/fr_FR\/sdk.js#xfbml=1&version=v2.3\";  fjs.parentNode.insertBefore(js, fjs);}(document, \"script\", \"facebook-jssdk\"));<\/script><br \/>\n<br \/><br \/>\n<br \/><a href=\"https:\/\/www.francesoir.fr\/politique-france\/colere-agricole-les-autorites-craignent-l-escalade-et-poursuivent-leurs\" target=\"_blank\"\">Source link <\/a><\/p>\n","protected":false},"excerpt":{"rendered":"<p>Le gouvernement poursuit mardi ses consultations avec les syndicats agricoles dans l\u2019espoir de calmer la contestation, alors que sur le terrain les tensions restent vives. Tandis que la FNSEA, proche&hellip; <\/p>\n","protected":false},"author":1,"featured_media":21988,"comment_status":"open","ping_status":"open","sticky":false,"template":"","format":"standard","meta":{"footnotes":""},"categories":[1],"tags":[],"class_list":["post-21987","post","type-post","status-publish","format-standard","has-post-thumbnail","hentry","category-non-classe"],"_links":{"self":[{"href":"https:\/\/monde25.info\/index.php\/wp-json\/wp\/v2\/posts\/21987","targetHints":{"allow":["GET"]}}],"collection":[{"href":"https:\/\/monde25.info\/index.php\/wp-json\/wp\/v2\/posts"}],"about":[{"href":"https:\/\/monde25.info\/index.php\/wp-json\/wp\/v2\/types\/post"}],"author":[{"embeddable":true,"href":"https:\/\/monde25.info\/index.php\/wp-json\/wp\/v2\/users\/1"}],"replies":[{"embeddable":true,"href":"https:\/\/monde25.info\/index.php\/wp-json\/wp\/v2\/comments?post=21987"}],"version-history":[{"count":0,"href":"https:\/\/monde25.info\/index.php\/wp-json\/wp\/v2\/posts\/21987\/revisions"}],"wp:featuredmedia":[{"embeddable":true,"href":"https:\/\/monde25.info\/index.php\/wp-json\/wp\/v2\/media\/21988"}],"wp:attachment":[{"href":"https:\/\/monde25.info\/index.php\/wp-json\/wp\/v2\/media?parent=21987"}],"wp:term":[{"taxonomy":"category","embeddable":true,"href":"https:\/\/monde25.info\/index.php\/wp-json\/wp\/v2\/categories?post=21987"},{"taxonomy":"post_tag","embeddable":true,"href":"https:\/\/monde25.info\/index.php\/wp-json\/wp\/v2\/tags?post=21987"}],"curies":[{"name":"wp","href":"https:\/\/api.w.org\/{rel}","templated":true}]}}