{"id":21989,"date":"2026-01-06T14:18:36","date_gmt":"2026-01-06T13:18:36","guid":{"rendered":"https:\/\/monde25.info\/index.php\/2026\/01\/06\/a-la-television-francaise-un-general-estime-quil-faudrait-se-battre-contre-les-americains-rt-en-francais\/"},"modified":"2026-01-06T14:18:36","modified_gmt":"2026-01-06T13:18:36","slug":"a-la-television-francaise-un-general-estime-quil-faudrait-se-battre-contre-les-americains-rt-en-francais","status":"publish","type":"post","link":"https:\/\/monde25.info\/index.php\/2026\/01\/06\/a-la-television-francaise-un-general-estime-quil-faudrait-se-battre-contre-les-americains-rt-en-francais\/","title":{"rendered":"\u00e0 la t\u00e9l\u00e9vision fran\u00e7aise, un g\u00e9n\u00e9ral estime qu\u2019\u00abil faudrait se battre contre les Am\u00e9ricains\u00bb \u2014 RT en fran\u00e7ais"},"content":{"rendered":"<p> <br \/>\n<br \/><img decoding=\"async\" src=\"https:\/\/mf.b37mrtl.ru\/french\/images\/2026.01\/thumbnail\/695cf17087f3ec2a193f65b8.jpg\" \/><\/p>\n<div>\n<p class=\"text__summary\">\n                                        Sur le plateau de la cha\u00eene d\u2019information LCI, un g\u00e9n\u00e9ral en deuxi\u00e8me section a estim\u00e9 que les Europ\u00e9ens devaient envoyer des troupes au Groenland en cas de \u00absignes\u00bb de l\u2019imminence d\u2019une attaque am\u00e9ricaine.\n                                    <\/p>\n<p>\u00ab Moi, \u00e9ventuellement, oui je pense qu\u2019il faudrait se battre contre les Am\u00e9ricains, parce que s\u2019ils nous attaquent sur un territoire alli\u00e9, \u00e0 ce moment il faut qu\u2019ils passent pour les crapules historiques \u00bb, a lanc\u00e9 le g\u00e9n\u00e9ral de brigade (2S) Nicolas Richoux, consultant D\u00e9fense sur la cha\u00eene LCI, le 4 janvier au soir.<\/p>\n<p>\u00ab Si on a des signes, il faut projeter des troupes l\u00e0-bas \u00bb, avait-il d\u00e9clar\u00e9 juste avant, alors qu\u2019une ancienne ambassadrice de France en Russie l\u2019interpellait sur les \u00ab cons\u00e9quences pratiques \u00bb que devrait, selon lui, prendre la r\u00e9ponse europ\u00e9enne \u00e0 une \u00e9ventuelle annexion am\u00e9ricaine du Groenland.<\/p>\n<div class=\"rtcode\">\n<blockquote class=\"twitter-tweet\">\n<p lang=\"fr\" dir=\"ltr\">[ \ud83c\uddec\ud83c\uddf1 GROENLAND ]<\/p>\n<p>\ud83d\udd38 \u00ab Si on a des signes, il faut projeter des troupes l\u00e0-bas. [&#8230;] Je pense qu&rsquo;il faudrait se battre contre les am\u00e9ricains. S&rsquo;ils nous attaquent sur un territoire alli\u00e9, il faut qu&rsquo;ils passent pour les crapules historiques \u00bb d\u00e9clare le G\u00e9n\u00e9ral Nicolas Richoux. <a target=\"_blank\" href=\"https:\/\/t.co\/hWZJh6PzJq\">pic.twitter.com\/hWZJh6PzJq<\/a><\/p>\n<p>\u2014 Little Think Tank (@L_ThinkTank) <a target=\"_blank\" href=\"https:\/\/twitter.com\/L_ThinkTank\/status\/2008177414409437293?ref_src=twsrc%5Etfw\">January 5, 2026<\/a><\/p><\/blockquote>\n<\/div>\n<p>\u00ab Il n\u2019y a pas simplement le probl\u00e8me d\u2019\u00eatre vassalis\u00e9s, il y a le probl\u00e8me de l\u2019existence m\u00eame de notre projet europ\u00e9en \u00bb, a \u00e9galement avanc\u00e9 cet ancien commandant (2015-2017) de la 7e brigade blind\u00e9e, appr\u00e9ci\u00e9 sur la toile des trolls \u2014\u00a0<a target=\"_blank\" href=\"https:\/\/www.ukrinform.fr\/rubric-defense\/4002250-un-cessezlefeu-pourrait-etre-atteint-cette-annee-grace-a-une-aide-militaire-massive-a-lukraine-general-francais.html\">et m\u00e9dias<\/a>\u00a0\u2014 pro-Kiev, mettant en garde contre de potentielles vell\u00e9it\u00e9s washingtoniennes de \u00ab d\u00e9couper \u00bb l\u2019Union europ\u00e9enne.<\/p>\n<h2>\u00ab Ils ont ajout\u00e9 un tra\u00eeneau \u00e0 chiens \u00bb<\/h2>\n<p>Ces propos, auxquels cette cha\u00eene d\u2019information fran\u00e7aise s\u2019est accoutum\u00e9e depuis l\u2019\u00e9clatement du conflit russo-ukrainien, surviennent dans la foul\u00e9e de ceux du pr\u00e9sident des \u00c9tats-Unis. Ce dernier venait, \u00e0 bord d\u2019Air Force One, de r\u00e9affirmer avoir \u00ab besoin du Groenland du point de vue de la s\u00e9curit\u00e9 nationale \u00bb, r\u00e9it\u00e9rant des propos tenus plus t\u00f4t lors d\u2019une <a target=\"_blank\" href=\"https:\/\/francais.rt.com\/international\/129061-venezuela-rodriguez-payer-plus-maduro\">interview t\u00e9l\u00e9phonique<\/a> au magazine <em>The Atlantic<\/em>. Selon le locataire de la Maison Blanche, l\u2019\u00eele serait \u00ab cern\u00e9e \u00bb par des \u00ab navires russes et chinois \u00bb et \u00ab le Danemark ne peut pas s\u2019en occuper \u00bb.<\/p>\n<p>\u00ab Vous savez ce que les Danois ont fait r\u00e9cemment pour renforcer la s\u00e9curit\u00e9 au Groenland ? Ils ont ajout\u00e9 un tra\u00eeneau \u00e0 chiens \u00bb, a-t-il poursuivi, avant d\u2019ajouter, moqueur : \u00ab C\u2019est vrai. Ils ont pens\u00e9 que c\u2019\u00e9tait une super initiative. \u00bb<\/p>\n<p>\u00ab Nous nous occuperons du Groenland dans environ deux mois, [\u2026] parlons du Groenland dans 20 jours \u00bb, avait-il r\u00e9pondu aux questions des journalistes dans un premier temps, sous les rires du s\u00e9nateur r\u00e9publicain de Caroline du Sud Lindsey Graham et du secr\u00e9taire au Commerce Howard Lutnick.<\/p>\n<\/div>\n<p><script async src=\"\/\/platform.twitter.com\/widgets.js\" charset=\"utf-8\"><\/script><br \/>\n<br \/><br \/>\n<br \/><a href=\"https:\/\/francais.rt.com\/france\/129116-crapules-historiques-television-francaise-general\" target=\"_blank\"\">Source link <\/a><\/p>\n","protected":false},"excerpt":{"rendered":"<p>Sur le plateau de la cha\u00eene d\u2019information LCI, un g\u00e9n\u00e9ral en deuxi\u00e8me section a estim\u00e9 que les Europ\u00e9ens devaient envoyer des troupes au Groenland en cas de \u00absignes\u00bb de l\u2019imminence&hellip; <\/p>\n","protected":false},"author":1,"featured_media":21990,"comment_status":"open","ping_status":"open","sticky":false,"template":"","format":"standard","meta":{"footnotes":""},"categories":[1],"tags":[],"class_list":["post-21989","post","type-post","status-publish","format-standard","has-post-thumbnail","hentry","category-non-classe"],"_links":{"self":[{"href":"https:\/\/monde25.info\/index.php\/wp-json\/wp\/v2\/posts\/21989","targetHints":{"allow":["GET"]}}],"collection":[{"href":"https:\/\/monde25.info\/index.php\/wp-json\/wp\/v2\/posts"}],"about":[{"href":"https:\/\/monde25.info\/index.php\/wp-json\/wp\/v2\/types\/post"}],"author":[{"embeddable":true,"href":"https:\/\/monde25.info\/index.php\/wp-json\/wp\/v2\/users\/1"}],"replies":[{"embeddable":true,"href":"https:\/\/monde25.info\/index.php\/wp-json\/wp\/v2\/comments?post=21989"}],"version-history":[{"count":0,"href":"https:\/\/monde25.info\/index.php\/wp-json\/wp\/v2\/posts\/21989\/revisions"}],"wp:featuredmedia":[{"embeddable":true,"href":"https:\/\/monde25.info\/index.php\/wp-json\/wp\/v2\/media\/21990"}],"wp:attachment":[{"href":"https:\/\/monde25.info\/index.php\/wp-json\/wp\/v2\/media?parent=21989"}],"wp:term":[{"taxonomy":"category","embeddable":true,"href":"https:\/\/monde25.info\/index.php\/wp-json\/wp\/v2\/categories?post=21989"},{"taxonomy":"post_tag","embeddable":true,"href":"https:\/\/monde25.info\/index.php\/wp-json\/wp\/v2\/tags?post=21989"}],"curies":[{"name":"wp","href":"https:\/\/api.w.org\/{rel}","templated":true}]}}