{"id":21996,"date":"2026-01-06T17:03:39","date_gmt":"2026-01-06T16:03:39","guid":{"rendered":"https:\/\/monde25.info\/index.php\/2026\/01\/06\/belgique-les-belges-sont-vraiment-trop-forts-les-magritte-du-cinema-rebaptises-les-rene\/"},"modified":"2026-01-06T17:03:39","modified_gmt":"2026-01-06T16:03:39","slug":"belgique-les-belges-sont-vraiment-trop-forts-les-magritte-du-cinema-rebaptises-les-rene","status":"publish","type":"post","link":"https:\/\/monde25.info\/index.php\/2026\/01\/06\/belgique-les-belges-sont-vraiment-trop-forts-les-magritte-du-cinema-rebaptises-les-rene\/","title":{"rendered":"Belgique, les Belges sont vraiment trop forts&#8230; les Magritte du cin\u00e9ma rebaptis\u00e9s les Ren\u00e9"},"content":{"rendered":"<p> <br \/>\n<\/p>\n<div>\n<p>Les organisateurs des \u00ab\u00a0Magritte\u00a0\u00bb, la grande f\u00eate annuelle de r\u00e9compenses du cin\u00e9ma belge francophone, ont annonc\u00e9 mardi que l&rsquo;\u00e9v\u00e9nement \u00e9tait d\u00e9sormais rebaptis\u00e9 \u00ab\u00a0les Ren\u00e9 du cin\u00e9ma\u00a0\u00bb, apr\u00e8s une rupture de contrat avec les ayants droit\u00a0du c\u00e9l\u00e8bre peintre belge.<\/p>\n<p>La nouvelle appellation sera inaugur\u00e9e \u00e0 l&rsquo;occasion de la prochaine c\u00e9r\u00e9monie, le 7 mars, qui marquera les 15 ans de ce qui est l&rsquo;\u00e9quivalent belge des C\u00e9sar fran\u00e7ais.<\/p>\n<p>L&rsquo;\u00e9v\u00e9nement, qui attribue chaque ann\u00e9e une vingtaine de prix, est organis\u00e9 par l&rsquo;Acad\u00e9mie Andr\u00e9 Delvaux, \u00e0 la t\u00eate de laquelle une nouvelle \u00e9quipe s&rsquo;est install\u00e9e, affirmant vouloir renouveler le style.<\/p>\n<p>\u00ab\u00a0On veut aller chercher davantage le public, il y aura d\u00e9sormais plusieurs prix du public dont celui de la meilleure s\u00e9rie\u00a0\u00bb, a expliqu\u00e9 Jean-Yves Roubin, le nouveau pr\u00e9sident de l&rsquo;acad\u00e9mie, patron de l&rsquo;Union des producteurs francophones de films (UPFF). Cet \u00e9largissement du palmar\u00e8s aux s\u00e9ries sera une premi\u00e8re en 2026.<\/p>\n<p>M. Roubin a \u00e9galement rappel\u00e9 que la Fondation Magritte, g\u00e9rant les droits li\u00e9es \u00e0 l&rsquo;oeuvre de Ren\u00e9 Magritte (1898-1967), avait souhait\u00e9 l&rsquo;an dernier, au bout de quatorze ans de collaboration, ne plus \u00eatre associ\u00e9e \u00e0 cette f\u00eate du cin\u00e9ma.<\/p>\n<p>\u00ab\u00a0Il y a eu une rupture contractuelle l&rsquo;\u00e9t\u00e9 dernier avec le nom Magritte\u00a0\u00bb, a ajout\u00e9 ce producteur de cin\u00e9ma, pour qui le pr\u00e9nom Ren\u00e9 est aussi une mani\u00e8re de faire vivre \u00ab\u00a0la belgitude\u00a0\u00bb. \u00ab\u00a0Avec Ren\u00e9, on est dans le tutoiement, la proximit\u00e9\u00a0\u00bb.<\/p>\n<p>La Fondation Magritte, fond\u00e9e \u00e0 Bruxelles en 1998 \u00e0 l&rsquo;initiative de Charly Herscovici, ne s&rsquo;est pas exprim\u00e9e publiquement sur le sujet, mais des m\u00e9dias belges avaient fait \u00e9tat d'\u00a0\u00bbun malaise\u00a0\u00bb en son sein apr\u00e8s la c\u00e9r\u00e9monie de f\u00e9vrier 2025.<\/p>\n<\/div>\n<p><script>(function(d, s, id) {  var js, fjs = d.getElementsByTagName(s)[0];  if (d.getElementById(id)) return;  js = d.createElement(s); js.id = id;  js.src = \"\/\/connect.facebook.net\/fr_FR\/sdk.js#xfbml=1&version=v2.3\";  fjs.parentNode.insertBefore(js, fjs);}(document, \"script\", \"facebook-jssdk\"));<\/script><br \/>\n<br \/><br \/>\n<br \/><a href=\"https:\/\/www.francesoir.fr\/culture-cinema\/belgique-les-belges-sont-vraiment-trop-forts-les-magritte-du-cinema-rebaptises-les\" target=\"_blank\"\">Source link <\/a><\/p>\n","protected":false},"excerpt":{"rendered":"<p>Les organisateurs des \u00ab\u00a0Magritte\u00a0\u00bb, la grande f\u00eate annuelle de r\u00e9compenses du cin\u00e9ma belge francophone, ont annonc\u00e9 mardi que l&rsquo;\u00e9v\u00e9nement \u00e9tait d\u00e9sormais rebaptis\u00e9 \u00ab\u00a0les Ren\u00e9 du cin\u00e9ma\u00a0\u00bb, apr\u00e8s une rupture de&hellip; <\/p>\n","protected":false},"author":1,"featured_media":21997,"comment_status":"open","ping_status":"open","sticky":false,"template":"","format":"standard","meta":{"footnotes":""},"categories":[1],"tags":[],"class_list":["post-21996","post","type-post","status-publish","format-standard","has-post-thumbnail","hentry","category-non-classe"],"_links":{"self":[{"href":"https:\/\/monde25.info\/index.php\/wp-json\/wp\/v2\/posts\/21996","targetHints":{"allow":["GET"]}}],"collection":[{"href":"https:\/\/monde25.info\/index.php\/wp-json\/wp\/v2\/posts"}],"about":[{"href":"https:\/\/monde25.info\/index.php\/wp-json\/wp\/v2\/types\/post"}],"author":[{"embeddable":true,"href":"https:\/\/monde25.info\/index.php\/wp-json\/wp\/v2\/users\/1"}],"replies":[{"embeddable":true,"href":"https:\/\/monde25.info\/index.php\/wp-json\/wp\/v2\/comments?post=21996"}],"version-history":[{"count":0,"href":"https:\/\/monde25.info\/index.php\/wp-json\/wp\/v2\/posts\/21996\/revisions"}],"wp:featuredmedia":[{"embeddable":true,"href":"https:\/\/monde25.info\/index.php\/wp-json\/wp\/v2\/media\/21997"}],"wp:attachment":[{"href":"https:\/\/monde25.info\/index.php\/wp-json\/wp\/v2\/media?parent=21996"}],"wp:term":[{"taxonomy":"category","embeddable":true,"href":"https:\/\/monde25.info\/index.php\/wp-json\/wp\/v2\/categories?post=21996"},{"taxonomy":"post_tag","embeddable":true,"href":"https:\/\/monde25.info\/index.php\/wp-json\/wp\/v2\/tags?post=21996"}],"curies":[{"name":"wp","href":"https:\/\/api.w.org\/{rel}","templated":true}]}}