{"id":22006,"date":"2026-01-06T20:54:44","date_gmt":"2026-01-06T19:54:44","guid":{"rendered":"https:\/\/monde25.info\/index.php\/2026\/01\/06\/mathilde-panot-reitere-lappel-a-la-liberation-et-au-retour-au-venezuela-de-nicolas-maduro-rt-en-francais\/"},"modified":"2026-01-06T20:54:44","modified_gmt":"2026-01-06T19:54:44","slug":"mathilde-panot-reitere-lappel-a-la-liberation-et-au-retour-au-venezuela-de-nicolas-maduro-rt-en-francais","status":"publish","type":"post","link":"https:\/\/monde25.info\/index.php\/2026\/01\/06\/mathilde-panot-reitere-lappel-a-la-liberation-et-au-retour-au-venezuela-de-nicolas-maduro-rt-en-francais\/","title":{"rendered":"Mathilde Panot r\u00e9it\u00e8re l&rsquo;appel \u00e0 \u00abla lib\u00e9ration\u00bb et au \u00abretour au Venezuela\u00bb de Nicol\u00e1s Maduro \u2014 RT en fran\u00e7ais"},"content":{"rendered":"<p> <br \/>\n<br \/><img decoding=\"async\" src=\"https:\/\/mf.b37mrtl.ru\/french\/images\/2026.01\/thumbnail\/695d46fb6f7ccc54f0107e3d.jpg\" \/><\/p>\n<div>\n<p class=\"text__summary\">\n                                        Invit\u00e9e sur une matinale, ce 6 janvier, la pr\u00e9sidente du groupe LFI \u00e0 l&rsquo;Assembl\u00e9e nationale a rappel\u00e9 la ligne de son parti concernant l\u2019intervention militaire des \u00c9tats-Unis au Venezuela, \u00e0 savoir l\u2019appel \u00e0 la lib\u00e9ration et au retour dans son pays de Nicol\u00e1s Maduro et de son \u00e9pouse, enlev\u00e9s le 3 janvier par les forces am\u00e9ricaines.\n                                    <\/p>\n<p>\u00ab\u00a0Oui, nous demandons sa lib\u00e9ration\u00a0\u00bb. Invit\u00e9e ce 6 janvier du \u00ab\u00a0Face-\u00e0-Face\u00a0\u00bb sur RMC\/BFM, Mathilde Panot, a confirm\u00e9 l\u2019<a target=\"_blank\" href=\"https:\/\/lafranceinsoumise.fr\/2026\/01\/03\/soutien-au-peuple-venezuelien-contre-lagression-de-trump\/\">appel de son parti \u00e0 la lib\u00e9ration<\/a> du pr\u00e9sident v\u00e9n\u00e9zu\u00e9lien Nicol\u00e1s Maduro et de son \u00e9pouse, enlev\u00e9s le 3 janvier par les forces am\u00e9ricaines lors d\u2019un raid sur Caracas.<\/p>\n<p>Un appel \u00e0 la lib\u00e9ration et \u00e0 son \u00ab\u00a0retour au Venezuela\u00a0\u00bb, a pr\u00e9cis\u00e9 la chef de file des d\u00e9put\u00e9s de La France insoumise (LFI) \u00e0 l\u2019Assembl\u00e9e nationale, ajoutant que \u00ab\u00a0sinon, \u00e7a veut dire que vous cautionnez un kidnapping\u00a0\u00bb,\u00a0estimant\u00a0que le \u00ab monde est en grand danger\u00bb si \u00ab\u00a0la loi du plus fort supplante le droit international\u00a0\u00bb.<\/p>\n<p>\u00ab\u00a0Si on accepte que le droit international est \u00e0 g\u00e9om\u00e9trie et \u00e0 g\u00e9ographie variables, alors on l\u00e9gitime les coups de force [&#8230;] ce qui se passe sur l&rsquo;Ukraine, ce qui se passe \u00e0 Gaza, ce qui se passe en R\u00e9publique d\u00e9mocratique du Congo, et ce n&rsquo;est pas possible\u00a0\u00bb, a ajout\u00e9\u00a0la d\u00e9put\u00e9e du Val-de-Marne.<\/p>\n<p>Cette derni\u00e8re a notamment fustig\u00e9 le pr\u00e9sident fran\u00e7ais qui a \u00e9t\u00e9 \u00ab incapable de condamner des violations du droit international extr\u00eamement graves \u00bb et \u00ab\u00a0incapable de nommer Donald Trump et les \u00c9tats-Unis comme \u00e9tant les agresseurs\u00a0\u00bb.<\/p>\n<p>\u00ab\u00a0Lorsque la France s\u2019est honor\u00e9e \u00e0 dire \u00ab\u00a0non\u00a0\u00bb \u00e0 la boucherie qui avait \u00e9t\u00e9 d\u00e9cid\u00e9e par Bush junior en 2003 en Irak [\u2026], elle ne l\u2019a pas fait en soutien \u00e0 Saddam Hussein, elle l\u2019a fait au nom de principes intangibles du droit international\u00a0\u00bb, a-t-elle par ailleurs d\u00e9clar\u00e9.<\/p>\n<p>\u00ab\u00a0Il faut sans barguigner, exiger la lib\u00e9ration et le retour imm\u00e9diat de Nicol\u00e1s Maduro \u2013 libre \u2013 au Venezuela\u00bb, avait d\u00e9clar\u00e9 Jean-Luc M\u00e9lenchon, fondateur de LFI, lors d\u2019une manifestation organis\u00e9e place de la R\u00e9publique \u00e0 Paris pour d\u00e9noncer la capture du pr\u00e9sident v\u00e9n\u00e9zu\u00e9lien\u00a0par Donald Trump. \u00ab Ainsi bien s\u00fbr que son \u00e9pouse qui dans cette histoire est une sorte de capture que fait l\u2019Empire pour impressionner ses adversaires\u00a0\u00bb, avait-il ajout\u00e9.<\/p>\n<p>\u00ab\u00a0Pourquoi cet abaissement devant l\u2019Empire, pourquoi cette servilit\u00e9 europ\u00e9enne\u00a0?\u00a0\u00bb, avait-il par ailleurs fustig\u00e9 alors que les chancelleries europ\u00e9ennes avaient r\u00e9agi avec disparit\u00e9 \u00e0 l\u2019offensive am\u00e9ricaine sur le Venezuela.<\/p>\n<p>Une op\u00e9ration de l\u2019arm\u00e9e am\u00e9ricaine sur laquelle n\u2019avait rien d\u00e9clar\u00e9 Emmanuel Macron dans sa premi\u00e8re r\u00e9action, arriv\u00e9e tardivement dans la journ\u00e9e du 3 janvier, d\u00e9clarant que le \u00ab\u00a0peuple v\u00e9n\u00e9zu\u00e9lien\u00a0\u00bb \u00e9tait \u00ab\u00a0d\u00e9barrass\u00e9 de la dictature de Nicol\u00e1s Maduro\u00a0\u00bb et \u00ab\u00a0ne peut que s\u2019en r\u00e9jouir\u00a0\u00bb.<\/p>\n<\/div>\n<p><br \/>\n<br \/><a href=\"https:\/\/francais.rt.com\/france\/129132-france-mathilde-panot-reitere-appel-liberation-retour-venezuela-maduro\" target=\"_blank\"\">Source link <\/a><\/p>\n","protected":false},"excerpt":{"rendered":"<p>Invit\u00e9e sur une matinale, ce 6 janvier, la pr\u00e9sidente du groupe LFI \u00e0 l&rsquo;Assembl\u00e9e nationale a rappel\u00e9 la ligne de son parti concernant l\u2019intervention militaire des \u00c9tats-Unis au Venezuela, \u00e0&hellip; <\/p>\n","protected":false},"author":1,"featured_media":22007,"comment_status":"open","ping_status":"open","sticky":false,"template":"","format":"standard","meta":{"footnotes":""},"categories":[1],"tags":[],"class_list":["post-22006","post","type-post","status-publish","format-standard","has-post-thumbnail","hentry","category-non-classe"],"_links":{"self":[{"href":"https:\/\/monde25.info\/index.php\/wp-json\/wp\/v2\/posts\/22006","targetHints":{"allow":["GET"]}}],"collection":[{"href":"https:\/\/monde25.info\/index.php\/wp-json\/wp\/v2\/posts"}],"about":[{"href":"https:\/\/monde25.info\/index.php\/wp-json\/wp\/v2\/types\/post"}],"author":[{"embeddable":true,"href":"https:\/\/monde25.info\/index.php\/wp-json\/wp\/v2\/users\/1"}],"replies":[{"embeddable":true,"href":"https:\/\/monde25.info\/index.php\/wp-json\/wp\/v2\/comments?post=22006"}],"version-history":[{"count":0,"href":"https:\/\/monde25.info\/index.php\/wp-json\/wp\/v2\/posts\/22006\/revisions"}],"wp:featuredmedia":[{"embeddable":true,"href":"https:\/\/monde25.info\/index.php\/wp-json\/wp\/v2\/media\/22007"}],"wp:attachment":[{"href":"https:\/\/monde25.info\/index.php\/wp-json\/wp\/v2\/media?parent=22006"}],"wp:term":[{"taxonomy":"category","embeddable":true,"href":"https:\/\/monde25.info\/index.php\/wp-json\/wp\/v2\/categories?post=22006"},{"taxonomy":"post_tag","embeddable":true,"href":"https:\/\/monde25.info\/index.php\/wp-json\/wp\/v2\/tags?post=22006"}],"curies":[{"name":"wp","href":"https:\/\/api.w.org\/{rel}","templated":true}]}}