{"id":2201,"date":"2024-12-14T21:48:08","date_gmt":"2024-12-14T20:48:08","guid":{"rendered":"https:\/\/monde25.info\/index.php\/2024\/12\/14\/fais-moi-mal-volodymyr-par-pierre-rimbert-le-monde-diplomatique-decembre-2024\/"},"modified":"2024-12-14T21:48:08","modified_gmt":"2024-12-14T20:48:08","slug":"fais-moi-mal-volodymyr-par-pierre-rimbert-le-monde-diplomatique-decembre-2024","status":"publish","type":"post","link":"https:\/\/monde25.info\/index.php\/2024\/12\/14\/fais-moi-mal-volodymyr-par-pierre-rimbert-le-monde-diplomatique-decembre-2024\/","title":{"rendered":"Fais-moi mal, Volodymyr !, par Pierre Rimbert (Le Monde diplomatique, d\u00e9cembre 2024)"},"content":{"rendered":"<p> <br \/>\n<\/p>\n<div couleurfade=\"fde9e5\" couleurclaire=\"f5e7d5\" couleurpale=\"f3d0a4\" couleurmi=\"be2e0d\" couleurfoncee=\"8e220a\" couleursombre=\"2f0b03\" couleurfond=\"7b554c\" couleurtexte=\"ffffff\">\n<div class=\"spip_documents spip_documents_right\">\n\t\t\t\t\t\t\t<img decoding=\"async\" src=\"https:\/\/www.monde-diplomatique.fr\/\/squelettes\/images\/cavalier.png\" alt=\"\" width=\"250\" height=\"161px\"\/>\n\t\t\t\t\t\t<\/div>\n<p><span class=\"mot-lettrine\"><span class=\"lettrine\">E<\/span>n<\/span> Allemagne, l\u2019art de battre sa coulpe oppose deux \u00e9coles. L\u2019une, contemporaine, milite pour sous-traiter la culpabilit\u00e9 historique du g\u00e9nocide des Juifs par les nazis aux immigr\u00e9s musulmans qui, contrairement aux Allemands, n\u2019auraient pas d\u00e9velopp\u00e9 des aptitudes morales exceptionnelles \u00e0 l\u2019issue d\u2019un long travail de m\u00e9moire<span class=\"spip_note_ref\">\u00a0(<a target=\"_blank\" href=\"http:\/\/www.monde-diplomatique.fr\/2024\/12\/RIMBERT\/67826#nb1\" class=\"spip_note\" rel=\"appendix\" title=\"Esra \u00d6zy\u00fcrek, Subcontractors of Guilt. Holocaust, Memory and Muslim Belonging\u00a0(...)\" id=\"nh1\">1<\/a>)<\/span>. Dans un pays o\u00f9 les partis de gouvernement acceptent sans ciller la destruction de Gaza par Isra\u00ebl, le Parlement a vot\u00e9 le 7\u00a0novembre dernier une r\u00e9solution intitul\u00e9e \u00ab<small class=\"fine\">\u00a0<\/small>Plus jamais \u00e7a, c\u2019est maintenant<small class=\"fine\">\u00a0<\/small>\u00bb qui d\u00e9nonce l\u2019<i>\u00ab<small class=\"fine\">\u00a0<\/small>ampleur effrayante de l\u2019antis\u00e9mitisme li\u00e9 \u00e0 l\u2019immigration en provenance des pays d\u2019Afrique du Nord et du Proche-Orient, o\u00f9 l\u2019antis\u00e9mitisme et l\u2019hostilit\u00e9 \u00e0 Isra\u00ebl sont r\u00e9pandus<small class=\"fine\">\u00a0<\/small>\u00bb.<\/i> Seule l\u2019Alliance Sahra Wagenknecht (BSW) s\u2019y est oppos\u00e9e.<\/p>\n<p>L\u2019autre \u00e9cole des batteurs de coulpe enseigne le style plus classique de l\u2019autoflagellation. Son dernier chef-d\u2019\u0153uvre s\u2019expose dans les journaux \u00e0 propos du sabotage des gazoducs Nord Stream fin septembre\u00a02022. Lorsqu\u2019elle publie le 15\u00a0novembre dernier un entretien avec M.\u00a0Roman Tscherwinskyj, coordinateur pr\u00e9sum\u00e9 de l\u2019attentat, la <i>Frankfurter Allgemeine Zeitung<\/i> dresse le portrait d\u2019un sympathique humaniste. \u00ab<small class=\"fine\">\u00a0<\/small>\u201cPour l\u2019ensemble du monde civilis\u00e9, ce fut une bonne chose\u201d<small class=\"fine\">\u00a0<\/small>\u00bb, titre le quotidien, qui aurait sans doute montr\u00e9 moins d\u2019allant si un commando Greta Thunberg avait d\u00e9truit \u00e0 l\u2019explosif les centrales \u00e0 charbon qui g\u00e9n\u00e8rent un quart de l\u2019\u00e9lectricit\u00e9 outre-Rhin.<\/p>\n<p>Quatre jours plus tard, une enqu\u00eate du <i>Spiegel<\/i><span class=\"spip_note_ref\">\u00a0(<a target=\"_blank\" href=\"http:\/\/www.monde-diplomatique.fr\/2024\/12\/RIMBERT\/67826#nb2\" class=\"spip_note\" rel=\"appendix\" title=\"J\u00f6rg Diehl, Roman H\u00f6fner, Martin Knobbe, Roman Lehberger, Fidelius Schmid,\u00a0(...)\" id=\"nh2\">2<\/a>)<\/span> r\u00e9v\u00e8le les d\u00e9tails de l\u2019op\u00e9ration \u00ab<small class=\"fine\">\u00a0<\/small>Diam\u00e8tre<small class=\"fine\">\u00a0<\/small>\u00bb\u00a0: une \u00e9quipe de militaires et de civils ukrainiens, dont certains form\u00e9s par l\u2019Agence centrale de renseignement (CIA), aurait fait exploser les tubes apr\u00e8s que les services secrets am\u00e9ricains ont averti leurs homologues allemands et le pr\u00e9sident ukrainien Volodymyr Zelensky de l\u2019imminence de l\u2019attentat. Aussit\u00f4t l\u2019hebdomadaire lance le d\u00e9bat qui s\u2019impose. Non pas sur l\u2019aide militaire apport\u00e9e \u00e0 un pays impliqu\u00e9 dans <i>\u00ab<small class=\"fine\">\u00a0<\/small>une attaque contre la s\u00e9curit\u00e9 int\u00e9rieure de l\u2019\u00c9tat<small class=\"fine\">\u00a0<\/small>\u00bb,<\/i> selon les mots de la Cour f\u00e9d\u00e9rale de Karlsruhe, ni sur le fait que la Pologne prot\u00e8ge les saboteurs, mais autour de la question\u00a0: \u00ab<small class=\"fine\">\u00a0<\/small>Nord Stream\u00a01 et 2 d\u00e9truits par les Ukrainiens\u00a0: l\u2019Allemagne devrait-elle \u00eatre reconnaissante<small class=\"fine\">\u00a0<\/small>?<small class=\"fine\">\u00a0<\/small>\u00bb Coauteur de l\u2019enqu\u00eate, le journaliste Fidelius Schmid titre son analyse \u00ab<small class=\"fine\">\u00a0<\/small>Gut f\u00fcr Deutschland<small class=\"fine\">\u00a0<\/small>\u00bb. Puisque les \u00c9tats-Unis, la Pologne et les Baltes s\u2019opposaient \u00e0 ce que l\u2019Allemagne ach\u00e8te du gaz russe, explique Schmid, Berlin a en d\u00e9finitive <i>\u00ab<small class=\"fine\">\u00a0<\/small>profit\u00e9 du sabotage sur un plan strat\u00e9gique<small class=\"fine\">\u00a0<\/small>\u00bb.<\/i> Et malgr\u00e9 de menus d\u00e9sagr\u00e9ments \u2014 un d\u00e9sastre \u00e9conomique et social cons\u00e9cutif au rench\u00e9rissement de l\u2019\u00e9nergie\u00a0\u2014, le pays <i>\u00ab<small class=\"fine\">\u00a0<\/small>s\u2019en sort mieux qu\u2019avant<small class=\"fine\">\u00a0<\/small>\u00bb<\/i> car <i>\u00ab<small class=\"fine\">\u00a0<\/small>l\u2019Occident se retrouve plus uni<small class=\"fine\">\u00a0<\/small>\u00bb.<\/i> Tout est l\u00e0\u00a0: la grande civilisation du \u00ab<small class=\"fine\">\u00a0<\/small>monde libre<small class=\"fine\">\u00a0<\/small>\u00bb ne vaut-elle pas de fermer les yeux sur les crimes isra\u00e9liens \u00e0 Gaza et de se r\u00e9jouir quand des barbouzes ukrainiens d\u00e9font \u00e0 la dynamite les d\u00e9cisions de gouvernements issus des \u00e9lections<small class=\"fine\">\u00a0<\/small>?<\/p>\n<\/p><\/div>\n<div>\n<div id=\"nb1\">\n<p><span class=\"spip_note_ref\">(<a target=\"_blank\" href=\"http:\/\/www.monde-diplomatique.fr\/2024\/12\/RIMBERT\/67826#nh1\" class=\"spip_note\" title=\"Notes 1\" rev=\"appendix\">1<\/a>)\u00a0<\/span>Esra \u00d6zy\u00fcrek, <i>Subcontractors of Guilt. Holocaust, Memory and Muslim Belonging in Postwar Germany,<\/i> Stanford University Press, Redwood City, 2023.<\/p>\n<\/div>\n<div id=\"nb2\">\n<p><span class=\"spip_note_ref\">(<a target=\"_blank\" href=\"http:\/\/www.monde-diplomatique.fr\/2024\/12\/RIMBERT\/67826#nh2\" class=\"spip_note\" title=\"Notes 2\" rev=\"appendix\">2<\/a>)\u00a0<\/span>J\u00f6rg Diehl, Roman H\u00f6fner, Martin Knobbe, Roman Lehberger, Fidelius Schmid, Thomas Schulz, Wolf Wiedmann-Schmidt et Anika Zeller, \u00ab<small class=\"fine\">\u00a0<\/small><a target=\"_blank\" href=\"https:\/\/www.spiegel.de\/politik\/deutschland\/nord-stream-wie-ein-ukrainisches-geheimkommando-pipelines-sprengte-a-7aceb6f8-060f-4d29-9ddd-582dfdaf4ac6\" class=\"spip_out\" rel=\"external\">Wie ein ukrainisches Geheimkommando Nord Stream sprengte<\/a><small class=\"fine\">\u00a0<\/small>\u00bb, 20\u00a0novembre 2024. <i>Cf.<\/i> aussi \u00ab<small class=\"fine\">\u00a0<\/small>Die Lage am Abend<small class=\"fine\">\u00a0<\/small>\u00bb, la lettre d\u2019information de l\u2019hebdomadaire dat\u00e9e du m\u00eame jour. Et, en contrepoint, lire Fabian Scheidler, \u00ab<small class=\"fine\">\u00a0<\/small><a target=\"_blank\" href=\"https:\/\/www.monde-diplomatique.fr\/2024\/10\/SCHEIDLER\/67648\" class=\"spip_in\">Nord Stream, trois sc\u00e9narios pour un attentat<\/a><small class=\"fine\">\u00a0<\/small>\u00bb, <i>Le Monde diplomatique,<\/i> octobre 2024.<\/p>\n<\/div>\n<\/div>\n<p><br \/>\n<br \/><a href=\"https:\/\/www.monde-diplomatique.fr\/2024\/12\/RIMBERT\/67826\" target=\"_blank\"\">Source link <\/a><\/p>\n","protected":false},"excerpt":{"rendered":"<p>En Allemagne, l\u2019art de battre sa coulpe oppose deux \u00e9coles. L\u2019une, contemporaine, milite pour sous-traiter la culpabilit\u00e9 historique du g\u00e9nocide des Juifs par les nazis aux immigr\u00e9s musulmans qui, contrairement&hellip; <\/p>\n","protected":false},"author":1,"featured_media":2202,"comment_status":"open","ping_status":"open","sticky":false,"template":"","format":"standard","meta":{"footnotes":""},"categories":[1],"tags":[],"class_list":["post-2201","post","type-post","status-publish","format-standard","has-post-thumbnail","hentry","category-non-classe"],"_links":{"self":[{"href":"https:\/\/monde25.info\/index.php\/wp-json\/wp\/v2\/posts\/2201","targetHints":{"allow":["GET"]}}],"collection":[{"href":"https:\/\/monde25.info\/index.php\/wp-json\/wp\/v2\/posts"}],"about":[{"href":"https:\/\/monde25.info\/index.php\/wp-json\/wp\/v2\/types\/post"}],"author":[{"embeddable":true,"href":"https:\/\/monde25.info\/index.php\/wp-json\/wp\/v2\/users\/1"}],"replies":[{"embeddable":true,"href":"https:\/\/monde25.info\/index.php\/wp-json\/wp\/v2\/comments?post=2201"}],"version-history":[{"count":0,"href":"https:\/\/monde25.info\/index.php\/wp-json\/wp\/v2\/posts\/2201\/revisions"}],"wp:featuredmedia":[{"embeddable":true,"href":"https:\/\/monde25.info\/index.php\/wp-json\/wp\/v2\/media\/2202"}],"wp:attachment":[{"href":"https:\/\/monde25.info\/index.php\/wp-json\/wp\/v2\/media?parent=2201"}],"wp:term":[{"taxonomy":"category","embeddable":true,"href":"https:\/\/monde25.info\/index.php\/wp-json\/wp\/v2\/categories?post=2201"},{"taxonomy":"post_tag","embeddable":true,"href":"https:\/\/monde25.info\/index.php\/wp-json\/wp\/v2\/tags?post=2201"}],"curies":[{"name":"wp","href":"https:\/\/api.w.org\/{rel}","templated":true}]}}