{"id":22010,"date":"2026-01-06T22:00:38","date_gmt":"2026-01-06T21:00:38","guid":{"rendered":"https:\/\/monde25.info\/index.php\/2026\/01\/06\/troublantes-parentes-des-constitutions-russe-et-francaise-par-eugenie-merieau-le-monde-diplomatique-janvier-2026\/"},"modified":"2026-01-06T22:00:38","modified_gmt":"2026-01-06T21:00:38","slug":"troublantes-parentes-des-constitutions-russe-et-francaise-par-eugenie-merieau-le-monde-diplomatique-janvier-2026","status":"publish","type":"post","link":"https:\/\/monde25.info\/index.php\/2026\/01\/06\/troublantes-parentes-des-constitutions-russe-et-francaise-par-eugenie-merieau-le-monde-diplomatique-janvier-2026\/","title":{"rendered":"Troublantes parent\u00e9s des constitutions russe et fran\u00e7aise, par Eug\u00e9nie M\u00e9rieau (Le Monde diplomatique, janvier 2026)"},"content":{"rendered":"<p> <br \/>\n<\/p>\n<div>\n<p class=\"crayon article-surtitre-69176 surtitre\">France et Russie, l\u2019hyperpr\u00e9sidence en partage<\/p>\n<div class=\"crayon article-chapo-69176 chapo\">\n<p>Le 19\u00a0ao\u00fbt\u00a02025, M.\u00a0Emmanuel Macron qualifiait son homologue Vladimir Poutine d\u2019\u00ab<small class=\"fine\">\u00a0<\/small>ogre<small class=\"fine\">\u00a0<\/small>\u00bb et de \u00ab<small class=\"fine\">\u00a0<\/small>pr\u00e9dateur<small class=\"fine\">\u00a0<\/small>\u00bb. Selon lui, notre nation doit se pr\u00e9parer \u00e0 d\u00e9fendre ses valeurs \u2014\u00a0d\u00e9mocratie, libert\u00e9, tol\u00e9rance\u00a0\u2014 contre le mod\u00e8le illib\u00e9ral de Moscou. Y compris militairement. \u00c0 en croire le pr\u00e9sident, rien de commun entre France et Russie. Pourtant, l\u2019examen des institutions des deux pays r\u00e9v\u00e8le quelques troublantes parent\u00e9s.<\/p>\n<\/div><\/div>\n<div couleurfade=\"e6e6e7\" couleurclaire=\"e3e5e7\" couleurpale=\"bacddd\" couleurmi=\"5c676f\" couleurfoncee=\"434d55\" couleursombre=\"17191b\" couleurfond=\"4c4d4e\" couleurtexte=\"ffffff\">\n<div class=\"enapercu\">\n<figure class=\"spip_document_41477 spip_documents spip_documents_center justecol\" style=\"width:650px;\">\n<div class=\"limage\">\n<p>\t\t\t<img loading=\"lazy\" decoding=\"async\" src=\"https:\/\/www.monde-diplomatique.fr\/\/local\/cache-vignettes\/L650xH902\/img016-2-14-d72ae.jpg?1766577711\" width=\"650\" height=\"902\" class=\"spip_logos\" alt=\"JPEG - 59\u00a0kio\"\/><\/p><\/div><figcaption>\n<p>Alexander Calder. \u2014 Sans titre, publi\u00e9 dans la revue \u00ab<small class=\"fine\">\u00a0<\/small>Derri\u00e8re le miroir<small class=\"fine\">\u00a0<\/small>\u00bb, 1971 <\/p>\n<p>\u00a9 ADAGP, Paris, 2025 &#8211; Maeght \u00c9diteur\n<\/p>\n<\/figcaption><\/figure>\n<p><span class=\"mot-lettrine\"><span class=\"lettrine\">A<\/span><\/span> priori, tout oppose la France et la Russie. Leur syst\u00e8me politico-\u00e9conomique d\u2019abord\u00a0: au r\u00e9gime capitaliste lib\u00e9ral de march\u00e9 de Paris, Moscou oppose en effet un syst\u00e8me oligarchique sous tutelle de l\u2019\u00c9tat. Leur posture g\u00e9opolitique ensuite\u00a0: la France s\u2019inscrit dans un ordre mondial sous h\u00e9g\u00e9monie am\u00e9ricaine<small class=\"fine\">\u00a0<\/small>; la Russie, de son c\u00f4t\u00e9, se positionne en faveur d\u2019un nouvel ordre mondial multipolaire, plus conforme \u00e0 ses int\u00e9r\u00eats. La nature de leur d\u00e9mocratie enfin\u00a0: quatre pr\u00e9sidents fran\u00e7ais se sont succ\u00e9d\u00e9 depuis l\u2019accession de M.\u00a0Vladimir Poutine au Kremlin, qu\u2019il n\u2019a quitt\u00e9 qu\u2019entre 2008 et 2012 pour devenir premier ministre.<\/p>\n<p>Mais il est un point structurel sur lequel la France et la Russie pr\u00e9sentent de fortes similitudes\u00a0: l\u2019hyperpr\u00e9sidentialisme et les possibilit\u00e9s institutionnelles d\u2019un raidissement autoritaire, notamment militaire. Un exemple\u00a0: en d\u00e9pit de l\u2019existence de dispositions constitutionnelles indiquant formellement le contraire, les pr\u00e9sidents fran\u00e7ais et russe, chefs des arm\u00e9es, disposent de pr\u00e9rogatives leur permettant d\u2019engager de mani\u00e8re discr\u00e9tionnaire leur pays dans un conflit et de l\u2019y maintenir sans, voire contre, l\u2019avis d\u2019un Parlement qui leur est subordonn\u00e9 et qu\u2019ils peuvent dissoudre. Cette pratique d\u00e9coule du mod\u00e8le hybride que nous partageons avec la Russie (et l\u2019Ukraine)\u00a0: un syst\u00e8me semi-pr\u00e9sidentiel, h\u00e9rit\u00e9 de la vision constitutionnelle du g\u00e9n\u00e9ral Charles de Gaulle, elle-m\u00eame largement inspir\u00e9e du mod\u00e8le weimarien.<\/p>\n<p>Dans l\u2019expression \u00ab<small class=\"fine\">\u00a0<\/small>semi-pr\u00e9sidentiel<small class=\"fine\">\u00a0<\/small>\u00bb, forg\u00e9e par le politiste Maurice Duverger, le terme \u00ab<small class=\"fine\">\u00a0<\/small>semi<small class=\"fine\">\u00a0<\/small>\u00bb ne vise pas \u00e0 d\u00e9crire un pr\u00e9sident priv\u00e9 d\u2019une moiti\u00e9 de ses pr\u00e9rogatives\u00a0: il s\u2019agit de qualifier un syst\u00e8me combinant des traits propres \u00e0 un r\u00e9gime pr\u00e9sidentiel et d\u2019autres relevant d\u2019un r\u00e9gime parlementaire. Concr\u00e8tement, un pr\u00e9sident \u00e9lu au suffrage universel direct d\u2019une part, et un gouvernement seul responsable devant le Parlement d\u2019autre part. Invent\u00e9 sous la r\u00e9publique de Weimar en\u00a0(\u2026)<\/p>\n<\/p><\/div>\n<p>Taille de l\u2019article complet\u00a0:\u00a0<span>1\u00a0861<\/span>\u00a0mots.<\/p>\n<div class=\"promo_dispo_article\">\n<h2 class=\"avantbloc\">\n\tCet article est r\u00e9serv\u00e9 aux\u00a0abonn\u00e9s<\/p>\n<\/h2>\n<div class=\"abo_inst\">\n\t<strong>Lyc\u00e9es, biblioth\u00e8ques, administrations, entreprises,<\/strong><br \/>\n\tacc\u00e9dez \u00e0 la base de donn\u00e9es en ligne de tous les articles du <i>Monde diplomatique<\/i> de 1954 \u00e0 nos\u00a0jours.<br \/>\n\t<a target=\"_blank\" id=\"pw-institutions\" class=\"suivi\" href=\"https:\/\/www.monde-diplomatique.fr\/archives\/institutions\">Retrouvez cette\u00a0offre sp\u00e9cifique<\/a>.\n<\/div>\n<\/div><\/div>\n<div>\n<p class=\"nom\">Eug\u00e9nie M\u00e9rieau<\/p>\n<p>\n\t\t\t\t\tMa\u00eetresse de conf\u00e9rences en droit constitutionnel \u00e0 l\u2019universit\u00e9 Paris 1 Panth\u00e9on\u00a0&#8211;\u00a0Sorbonne, auteure de <i>Constitution,<\/i> Anamosa, Paris, 2025.<\/p>\n<\/p><\/div>\n<p><br \/>\n<br \/><a href=\"https:\/\/www.monde-diplomatique.fr\/2026\/01\/MERIEAU\/69176\" target=\"_blank\"\">Source link <\/a><\/p>\n","protected":false},"excerpt":{"rendered":"<p>France et Russie, l\u2019hyperpr\u00e9sidence en partage Le 19\u00a0ao\u00fbt\u00a02025, M.\u00a0Emmanuel Macron qualifiait son homologue Vladimir Poutine d\u2019\u00ab\u00a0ogre\u00a0\u00bb et de \u00ab\u00a0pr\u00e9dateur\u00a0\u00bb. Selon lui, notre nation doit se pr\u00e9parer \u00e0 d\u00e9fendre ses valeurs&hellip; <\/p>\n","protected":false},"author":1,"featured_media":22011,"comment_status":"open","ping_status":"open","sticky":false,"template":"","format":"standard","meta":{"footnotes":""},"categories":[1],"tags":[],"class_list":["post-22010","post","type-post","status-publish","format-standard","has-post-thumbnail","hentry","category-non-classe"],"_links":{"self":[{"href":"https:\/\/monde25.info\/index.php\/wp-json\/wp\/v2\/posts\/22010","targetHints":{"allow":["GET"]}}],"collection":[{"href":"https:\/\/monde25.info\/index.php\/wp-json\/wp\/v2\/posts"}],"about":[{"href":"https:\/\/monde25.info\/index.php\/wp-json\/wp\/v2\/types\/post"}],"author":[{"embeddable":true,"href":"https:\/\/monde25.info\/index.php\/wp-json\/wp\/v2\/users\/1"}],"replies":[{"embeddable":true,"href":"https:\/\/monde25.info\/index.php\/wp-json\/wp\/v2\/comments?post=22010"}],"version-history":[{"count":0,"href":"https:\/\/monde25.info\/index.php\/wp-json\/wp\/v2\/posts\/22010\/revisions"}],"wp:featuredmedia":[{"embeddable":true,"href":"https:\/\/monde25.info\/index.php\/wp-json\/wp\/v2\/media\/22011"}],"wp:attachment":[{"href":"https:\/\/monde25.info\/index.php\/wp-json\/wp\/v2\/media?parent=22010"}],"wp:term":[{"taxonomy":"category","embeddable":true,"href":"https:\/\/monde25.info\/index.php\/wp-json\/wp\/v2\/categories?post=22010"},{"taxonomy":"post_tag","embeddable":true,"href":"https:\/\/monde25.info\/index.php\/wp-json\/wp\/v2\/tags?post=22010"}],"curies":[{"name":"wp","href":"https:\/\/api.w.org\/{rel}","templated":true}]}}