{"id":22015,"date":"2026-01-06T23:39:37","date_gmt":"2026-01-06T22:39:37","guid":{"rendered":"https:\/\/monde25.info\/index.php\/2026\/01\/06\/resistance-aux-antibiotiques-le-role-sous-estime-du-paracetamol-et-de-libuprofene\/"},"modified":"2026-01-06T23:39:37","modified_gmt":"2026-01-06T22:39:37","slug":"resistance-aux-antibiotiques-le-role-sous-estime-du-paracetamol-et-de-libuprofene","status":"publish","type":"post","link":"https:\/\/monde25.info\/index.php\/2026\/01\/06\/resistance-aux-antibiotiques-le-role-sous-estime-du-paracetamol-et-de-libuprofene\/","title":{"rendered":"R\u00e9sistance aux antibiotiques : le r\u00f4le sous-estim\u00e9 du parac\u00e9tamol et de l&rsquo;ibuprof\u00e8ne"},"content":{"rendered":"<p> <br \/>\n<\/p>\n<div>\n<p><span class=\"cf0\">L\u2019usage combin\u00e9 d\u2019antidouleurs courants comme le parac\u00e9tamol ou l\u2019ibuprof\u00e8ne avec des antibiotiques pourrait jouer un r\u00f4le sous-estim\u00e9 dans le d\u00e9veloppement de la r\u00e9sistance bact\u00e9rienne. Longtemps consid\u00e9r\u00e9s comme neutres face aux m\u00e9canismes d\u2019action des antibiotiques, ces m\u00e9dicaments largement consomm\u00e9s pourraient en r\u00e9alit\u00e9 modifier le comportement de certaines bact\u00e9ries pathog\u00e8nes. Des travaux r\u00e9cents men\u00e9s en laboratoire, publi\u00e9s le 25 ao\u00fbt 2025 dans la revue <\/span><a target=\"_blank\" href=\"https:\/\/www.nature.com\/articles\/s44259-025-00144-w\"><span class=\"cf0\">npj Antimicrobial Resistance<\/span><\/a><span class=\"cf0\"> (groupe Nature) par des chercheurs de l\u2019University of South Australia, sugg\u00e8rent que leur pr\u00e9sence simultan\u00e9e avec des antibiotiques cr\u00e9e un environnement propice \u00e0 l\u2019adaptation microbienne, notamment chez Escherichia coli, une bact\u00e9rie fr\u00e9quemment impliqu\u00e9e dans les infections urinaires et intestinales.<\/span><\/p>\n<p><span class=\"cf0\">Les chercheurs ont observ\u00e9 que lorsqu\u2019E. coli est expos\u00e9e \u00e0 un antibiotique en pr\u00e9sence de parac\u00e9tamol ou d\u2019ibuprof\u00e8ne, elle d\u00e9veloppe plus rapidement des m\u00e9canismes de d\u00e9fense. Ces antidouleurs sembleraient favoriser l\u2019apparition de mutations et activer des syst\u00e8mes permettant \u00e0 la bact\u00e9rie de limiter l\u2019efficacit\u00e9 de l\u2019antibiotique, par exemple en l\u2019expulsant hors de la cellule. L\u2019antibiotique perd progressivement de son pouvoir, non seulement contre la bact\u00e9rie cibl\u00e9e, mais aussi face \u00e0 d\u2019autres souches, contribuant ainsi \u00e0 un ph\u00e9nom\u00e8ne de r\u00e9sistance crois\u00e9e qui complique la prise en charge des infections.<\/span><\/p>\n<p><span class=\"cf0\">Ces r\u00e9sultats, bien que fond\u00e9s sur des exp\u00e9riences en laboratoire et non encore confirm\u00e9s par des \u00e9tudes cliniques chez l\u2019humain, soul\u00e8vent une question majeure de sant\u00e9 publique. Ils s\u2019ajoutent \u00e0 des risques d\u00e9j\u00e0 bien connus li\u00e9s \u00e0 l\u2019usage du parac\u00e9tamol, souvent per\u00e7u \u00e0 tort comme un m\u00e9dicament anodin ; un surdosage (au-del\u00e0 de 4 g par jour, voire moins chez certaines personnes) peut <\/span><a target=\"_blank\" href=\"https:\/\/pmc.ncbi.nlm.nih.gov\/articles\/PMC7577213\/\"><span class=\"cf0\">\u00e9puiser rapidement le glutathion<\/span><\/a><span class=\"cf0\">, entra\u00eener l\u2019accumulation d\u2019un m\u00e9tabolite toxique (NAPQI) et provoquer des l\u00e9sions cellulaires graves pouvant conduire \u00e0 une insuffisance h\u00e9patique potentiellement mortelle. De plus, une prise prolong\u00e9e peut r\u00e9duire les r\u00e9serves de glutathion dans le foie, les reins et les poumons, fragilisant l\u2019organisme face aux infections et aux maladies chroniques.\u00a0<\/span><\/p>\n<p><span class=\"cf0\">Dans un contexte o\u00f9 la r\u00e9sistance aux antibiotiques progresse d\u00e9j\u00e0 \u00e0 un rythme inqui\u00e9tant \u00e0 l\u2019\u00e9chelle mondiale, ces donn\u00e9es renforcent l\u2019appel des experts \u00e0 une utilisation plus r\u00e9fl\u00e9chie des m\u00e9dicaments et \u00e0 une meilleure prise en compte de leurs interactions.<\/span><\/p>\n<\/div>\n<p><script>(function(d, s, id) {  var js, fjs = d.getElementsByTagName(s)[0];  if (d.getElementById(id)) return;  js = d.createElement(s); js.id = id;  js.src = \"\/\/connect.facebook.net\/fr_FR\/sdk.js#xfbml=1&version=v2.3\";  fjs.parentNode.insertBefore(js, fjs);}(document, \"script\", \"facebook-jssdk\"));<\/script><br \/>\n<br \/><br \/>\n<br \/><a href=\"https:\/\/www.francesoir.fr\/societe-sante\/resistance-aux-antibiotiques-le-role-sous-estime-du-paracetamol-et-de-l-ibuprofene\" target=\"_blank\"\">Source link <\/a><\/p>\n","protected":false},"excerpt":{"rendered":"<p>L\u2019usage combin\u00e9 d\u2019antidouleurs courants comme le parac\u00e9tamol ou l\u2019ibuprof\u00e8ne avec des antibiotiques pourrait jouer un r\u00f4le sous-estim\u00e9 dans le d\u00e9veloppement de la r\u00e9sistance bact\u00e9rienne. Longtemps consid\u00e9r\u00e9s comme neutres face aux&hellip; <\/p>\n","protected":false},"author":1,"featured_media":22016,"comment_status":"open","ping_status":"open","sticky":false,"template":"","format":"standard","meta":{"footnotes":""},"categories":[1],"tags":[],"class_list":["post-22015","post","type-post","status-publish","format-standard","has-post-thumbnail","hentry","category-non-classe"],"_links":{"self":[{"href":"https:\/\/monde25.info\/index.php\/wp-json\/wp\/v2\/posts\/22015","targetHints":{"allow":["GET"]}}],"collection":[{"href":"https:\/\/monde25.info\/index.php\/wp-json\/wp\/v2\/posts"}],"about":[{"href":"https:\/\/monde25.info\/index.php\/wp-json\/wp\/v2\/types\/post"}],"author":[{"embeddable":true,"href":"https:\/\/monde25.info\/index.php\/wp-json\/wp\/v2\/users\/1"}],"replies":[{"embeddable":true,"href":"https:\/\/monde25.info\/index.php\/wp-json\/wp\/v2\/comments?post=22015"}],"version-history":[{"count":0,"href":"https:\/\/monde25.info\/index.php\/wp-json\/wp\/v2\/posts\/22015\/revisions"}],"wp:featuredmedia":[{"embeddable":true,"href":"https:\/\/monde25.info\/index.php\/wp-json\/wp\/v2\/media\/22016"}],"wp:attachment":[{"href":"https:\/\/monde25.info\/index.php\/wp-json\/wp\/v2\/media?parent=22015"}],"wp:term":[{"taxonomy":"category","embeddable":true,"href":"https:\/\/monde25.info\/index.php\/wp-json\/wp\/v2\/categories?post=22015"},{"taxonomy":"post_tag","embeddable":true,"href":"https:\/\/monde25.info\/index.php\/wp-json\/wp\/v2\/tags?post=22015"}],"curies":[{"name":"wp","href":"https:\/\/api.w.org\/{rel}","templated":true}]}}