{"id":22017,"date":"2026-01-07T00:12:39","date_gmt":"2026-01-06T23:12:39","guid":{"rendered":"https:\/\/monde25.info\/index.php\/2026\/01\/07\/macron-starmer-et-zelensky-signent-une-declaration-dintention-sur-un-deploiement-de-forces-apres-un-cessez-le-feu-rt-en-francais\/"},"modified":"2026-01-07T00:12:39","modified_gmt":"2026-01-06T23:12:39","slug":"macron-starmer-et-zelensky-signent-une-declaration-dintention-sur-un-deploiement-de-forces-apres-un-cessez-le-feu-rt-en-francais","status":"publish","type":"post","link":"https:\/\/monde25.info\/index.php\/2026\/01\/07\/macron-starmer-et-zelensky-signent-une-declaration-dintention-sur-un-deploiement-de-forces-apres-un-cessez-le-feu-rt-en-francais\/","title":{"rendered":"Macron, Starmer et Zelensky signent une d\u00e9claration d&rsquo;intention sur un d\u00e9ploiement de forces apr\u00e8s un cessez-le-feu \u2014 RT en fran\u00e7ais"},"content":{"rendered":"<p> <br \/>\n<br \/><img decoding=\"async\" src=\"https:\/\/mf.b37mrtl.ru\/french\/images\/2026.01\/thumbnail\/695d6db46f7ccc551d3896f0.jpg\" \/><\/p>\n<div>\n<p class=\"text__summary\">\n                                        A l\u2019issue d\u2019une r\u00e9union \u00e0 Paris de la \u00abcoalition des volontaires\u00bb ce 6 janvier, le pr\u00e9sident fran\u00e7ais Emmanuel Macron et le Premier ministre britannique Keir Starmer ont sign\u00e9 avec Volodymyr Zelensky une d\u00e9claration d\u2019intention sur le d\u00e9ploiement en Ukraine d&rsquo;une \u00abforce multinationale\u00bb apr\u00e8s un cessez-le-feu.\n                                    <\/p>\n<p>Emmanuel Macron ne d\u00e9mord pas de l&rsquo;id\u00e9e\u00a0d\u2019envoyer des soldats occidentaux en Ukraine. Le pr\u00e9sident fran\u00e7ais, ainsi que le Premier ministre britannique Keir Starmer et Volodymyr Zelensky ont sign\u00e9 ce 6 janvier une d\u00e9claration d\u2019intention sur le d\u00e9ploiement d\u2019une \u00ab\u00a0force multinationale\u00a0\u00bb apr\u00e8s un cessez-le-feu.<\/p>\n<p>\u00ab\u00a0Il s&rsquo;agit d&rsquo;une d\u00e9claration d&rsquo;intention de d\u00e9ployer des forces en Ukraine en cas d&rsquo;accord de paix\u00a0\u00bb a pr\u00e9cis\u00e9 le bureau du Premier ministre britannique apr\u00e8s la signature. \u00ab\u00a0\u00c0 la suite d\u2019un cessez-le-feu, le Royaume-Uni et la France \u00e9tabliront des bases militaires \u00e0 travers l\u2019Ukraine et construiront des installations prot\u00e9g\u00e9es pour les armes et les \u00e9quipements militaires, afin de soutenir les besoins de d\u00e9fense de l\u2019Ukraine\u00a0\u00bb, a d\u00e9clar\u00e9 Keir Starmer devant la presse.<\/p>\n<p>Vantant \u00ab\u00a0une avanc\u00e9e consid\u00e9rable\u00a0\u00bb qui aurait \u00e9t\u00e9 \u00ab\u00a0scell\u00e9e\u00a0\u00bb entre les soutiens de Kiev lors de cette r\u00e9union, Emmanuel Macron a de son c\u00f4t\u00e9 vant\u00e9 une d\u00e9claration qui selon ces mots \u00ab\u00a0vient pour la premi\u00e8re fois reconna\u00eetre une convergence op\u00e9rationnelle entre les 35 pays qui composent la coalition des volontaires, l\u2019Ukraine et les \u00c9tats-Unis pour b\u00e2tir des garanties de s\u00e9curit\u00e9 robustes\u00a0\u00bb.<\/p>\n<p>Des garanties qui, selon le pr\u00e9sident fran\u00e7ais \u00ab sont la cl\u00e9 pour que jamais un accord de paix ne puisse signifier une reddition ukrainienne et que jamais un accord de paix ne puisse signifier une menace nouvelle pour l\u2019Ukraine \u00bb, a-t-il insist\u00e9, r\u00e9invoquant ses billeves\u00e9es de paix \u00ab\u00a0juste\u00a0\u00bb et \u00ab\u00a0durable\u00a0\u00bb.<\/p>\n<p>Dans le d\u00e9tail, le pr\u00e9sident fran\u00e7ais a \u00e9voqu\u00e9 la mise en place de \u00ab\u00a0m\u00e9canismes de surveillance \u00bb d\u2019un \u00e9ventuel cessez-le-feu en Ukraine qui \u00ab\u00a0seront plac\u00e9s sous [\u2026] leadership am\u00e9ricain, avec les contributions de plusieurs \u00c9tats qui ont marqu\u00e9 leur disponibilit\u00e9\u00a0\u00bb. Autre point mis en avant\u00a0: un \u00ab\u00a0soutien dans la dur\u00e9e\u00a0\u00bb \u00e0 des forces arm\u00e9es ukrainiennes et leurs \u00ab\u00a0moyens\u00a0\u00bb. Annonc\u00e9es \u00e0 \u00ab\u00a0800\u00a0000\u00a0\u00bb hommes, elles devront \u00eatre capables \u00ab de dissuader toute nouvelle agression\u00a0\u00bb.<\/p>\n<h3>Une pr\u00e9sence militaire envers laquelle Moscou a toujours exprim\u00e9 son refus<\/h3>\n<p>En troisi\u00e8me point, Emmanuel Macron a annonc\u00e9 la \u00ab\u00a0poursuite des pr\u00e9paratifs pour la mise en place d\u2019une force multinationale dans les airs, les mers, sur le sol, pour apporter une forme de r\u00e9assurance le jour d\u2019apr\u00e8s le cessez-le-feu et loin de la ligne de contact\u00a0\u00bb. \u00ab\u00a0Et puis quatri\u00e8mement, nous avons donc act\u00e9 de traduire juridiquement ces engagements pour soutenir l\u2019Ukraine en cas de nouvelle attaque de la Russie par des m\u00e9canismes de solidarit\u00e9 et d\u2019intervention\u00a0\u00bb, a ajout\u00e9 le pr\u00e9sident fran\u00e7ais.<\/p>\n<p>Ce dernier a, par ailleurs, \u00e9voqu\u00e9 une \u00ab\u00a0entente\u00a0\u00bb concernant \u00ab une cellule de coordination\u00a0\u00bb devant permettre \u00ab\u00a0d\u2019int\u00e9grer pleinement l\u2019ensemble des arm\u00e9es comp\u00e9tentes et qui permettra la coordination entre la coalition des volontaires, les \u00c9tats-Unis d\u2019Am\u00e9rique et l\u2019Ukraine sur le plan op\u00e9rationnel\u00a0\u00bb. Une \u00ab\u00a0cellule de coordination\u00a0\u00bb qui, a pr\u00e9cis\u00e9 Macron, viendrait \u00ab\u00a0en soutien\u00a0\u00bb \u00e0 l\u2019\u00c9tat-major de la coalition actuellement situ\u00e9 \u00e0 Paris.<\/p>\n<p>Malgr\u00e9 le refus cat\u00e9gorique, exprim\u00e9 \u00e0 maintes reprises par Moscou, de voir des soldats des pays de l\u2019OTAN fouler le sol ukrainien, cette id\u00e9e de d\u00e9ployer des forces de pays occidentaux trotte dans la t\u00eate d\u2019Emmanuel Macron \u2013 comme l\u2019avait rapport\u00e9 <em>Le Monde<\/em> \u2013 depuis au moins <a target=\"_blank\" href=\"https:\/\/francais.rt.com\/france\/110057-troupes-ukraine-macron-pense-depuis-juin-2023\">juin 2023<\/a>. Une id\u00e9e qu\u2019il n\u2019a cess\u00e9 de remettre sur la table, depuis <a target=\"_blank\" href=\"https:\/\/francais.rt.com\/france\/109730-macron-alarmiste-selon-dirigeant-francais-russie-attaquera-dix-pays\">f\u00e9vrier 2024<\/a>, , et ce malgr\u00e9 le d\u00e9saveu des partenaires de la France.<\/p>\n<p>Vingt-six membres de ladite coalition auraient \u00ab\u00a0d\u00e9fini des soutiens\u00a0\u00bb, annon\u00e7ait d\u00e9but septembre Emmanuel Macron \u00ab\u00a0soit pour la r\u00e9g\u00e9n\u00e9ration de l&rsquo;arm\u00e9e ukrainienne, soit pour la s\u00e9curit\u00e9 sur son sol, dans ses airs, en mer\u00a0\u00bb au lendemain d&rsquo;un cessez-le-feu. En mati\u00e8re de troupes au sol, <em>The Times\u00a0<a target=\"_blank\" href=\"https:\/\/francais.rt.com\/international\/120178-envoi-militaires-ukraine-britanniques-francais\">\u00e9bruitait<\/a>\u00a0en avril que<\/em>\u00a0seules deux chancelleries\u00a0\u00e9taient alors pr\u00eates\u00a0\u00e0 envoyer ses soldats : Londres et Paris.<\/p>\n<\/div>\n<p><br \/>\n<br \/><a href=\"https:\/\/francais.rt.com\/international\/129134-macron-starmer-zelensky-declaration-intention\" target=\"_blank\"\">Source link <\/a><\/p>\n","protected":false},"excerpt":{"rendered":"<p>A l\u2019issue d\u2019une r\u00e9union \u00e0 Paris de la \u00abcoalition des volontaires\u00bb ce 6 janvier, le pr\u00e9sident fran\u00e7ais Emmanuel Macron et le Premier ministre britannique Keir Starmer ont sign\u00e9 avec Volodymyr&hellip; <\/p>\n","protected":false},"author":1,"featured_media":22018,"comment_status":"open","ping_status":"open","sticky":false,"template":"","format":"standard","meta":{"footnotes":""},"categories":[1],"tags":[],"class_list":["post-22017","post","type-post","status-publish","format-standard","has-post-thumbnail","hentry","category-non-classe"],"_links":{"self":[{"href":"https:\/\/monde25.info\/index.php\/wp-json\/wp\/v2\/posts\/22017","targetHints":{"allow":["GET"]}}],"collection":[{"href":"https:\/\/monde25.info\/index.php\/wp-json\/wp\/v2\/posts"}],"about":[{"href":"https:\/\/monde25.info\/index.php\/wp-json\/wp\/v2\/types\/post"}],"author":[{"embeddable":true,"href":"https:\/\/monde25.info\/index.php\/wp-json\/wp\/v2\/users\/1"}],"replies":[{"embeddable":true,"href":"https:\/\/monde25.info\/index.php\/wp-json\/wp\/v2\/comments?post=22017"}],"version-history":[{"count":0,"href":"https:\/\/monde25.info\/index.php\/wp-json\/wp\/v2\/posts\/22017\/revisions"}],"wp:featuredmedia":[{"embeddable":true,"href":"https:\/\/monde25.info\/index.php\/wp-json\/wp\/v2\/media\/22018"}],"wp:attachment":[{"href":"https:\/\/monde25.info\/index.php\/wp-json\/wp\/v2\/media?parent=22017"}],"wp:term":[{"taxonomy":"category","embeddable":true,"href":"https:\/\/monde25.info\/index.php\/wp-json\/wp\/v2\/categories?post=22017"},{"taxonomy":"post_tag","embeddable":true,"href":"https:\/\/monde25.info\/index.php\/wp-json\/wp\/v2\/tags?post=22017"}],"curies":[{"name":"wp","href":"https:\/\/api.w.org\/{rel}","templated":true}]}}