{"id":22024,"date":"2026-01-07T02:57:36","date_gmt":"2026-01-07T01:57:36","guid":{"rendered":"https:\/\/monde25.info\/index.php\/2026\/01\/07\/venezuela-villepin-se-rejouit-que-macron-ait-corrige-sa-position-car-le-droit-international-est-un-garde-fou\/"},"modified":"2026-01-07T02:57:36","modified_gmt":"2026-01-07T01:57:36","slug":"venezuela-villepin-se-rejouit-que-macron-ait-corrige-sa-position-car-le-droit-international-est-un-garde-fou","status":"publish","type":"post","link":"https:\/\/monde25.info\/index.php\/2026\/01\/07\/venezuela-villepin-se-rejouit-que-macron-ait-corrige-sa-position-car-le-droit-international-est-un-garde-fou\/","title":{"rendered":"Venezuela, Villepin se r\u00e9jouit, que Macron ait \u00ab\u00a0corrig\u00e9\u00a0\u00bb sa position car \u00ab\u00a0le droit international est un garde-fou\u00a0\u00bb"},"content":{"rendered":"<p> <br \/>\n<\/p>\n<div>\n<p>Un \u00ab\u00a0en m\u00eame temps\u00a0\u00bb de plus, qui ne manque pas de r\u00e9jouir Villepin.<\/p>\n<p>Dominique de Villepin, qui avait s\u00e9v\u00e8rement critiqu\u00e9 la premi\u00e8re r\u00e9action d&rsquo;Emmanuel Macron \u00e0 l&rsquo;arrestation de Nicolas Maduro, s&rsquo;est r\u00e9joui mardi que celui-ci l&rsquo;ait \u00ab\u00a0corrig\u00e9e\u00a0\u00bb car \u00ab\u00a0le droit international est un garde-fou\u00a0\u00bb.<\/p>\n<p>\u00ab\u00a0Le droit international, ce n\u2019est pas uniquement pour en causer, ce sont des garde-fous qui permettent d&rsquo;\u00e9viter d\u2019aller plus loin dans la violence et la tentation imp\u00e9riale qui saisit aujourd\u2019hui le monde. Le pr\u00e9sident a bien fait de corriger et de prendre date\u00a0\u00bb, a-t-il d\u00e9clar\u00e9 sur France Inter.<\/p>\n<p>Emmanuel Macron\u00a0a affirm\u00e9 lundi\u00a0en Conseil des ministres que la\u00a0\u00ab\u00a0m\u00e9thode utilis\u00e9e\u00a0\u00bb\u00a0pour capturer le pr\u00e9sident v\u00e9n\u00e9zu\u00e9lien n&rsquo;\u00e9tait\u00a0\u00ab\u00a0ni soutenue ni approuv\u00e9e\u00a0\u00bb\u00a0par la France, ce qu&rsquo;il n&rsquo;avait pas soulign\u00e9 dans sa premi\u00e8re r\u00e9action, qualifi\u00e9e de \u00ab\u00a0soumission\u00a0\u00bb par l&rsquo;ancien Premier ministre et ministre des Affaires \u00e9trang\u00e8res.<\/p>\n<p>\u00ab\u00a0Si nous voulons lancer un avertissement aux Etats-Unis sur les risques que court la soci\u00e9t\u00e9 internationale, il faut le faire extr\u00eamement fortement. Ce ne sont pas seulement des mots que de rappeler les cons\u00e9quences de ces choix de violence, on l\u2019a v\u00e9cu avec l\u2019Afghanistan, l\u2019Irak, la Libye, le Sahel\u00a0\u00bb, a-t-il jug\u00e9.<\/p>\n<p>\u00ab\u00a0Nous avons le pouvoir et le devoir de dire non\u00a0\u00bb, citant la position de la France contre l\u2019invasion am\u00e9ricaine de l\u2019Irak qu&rsquo;il avait d\u00e9fendue \u00e0 l&rsquo;ONU en 2003. \u00ab\u00a0Dire non ce n&rsquo;est pas inutile, ce n&rsquo;est pas inefficace, c&rsquo;est un point de rep\u00e8re pour l&rsquo;ensemble des pays du monde\u00a0\u00bb, a-t-il plaid\u00e9.<\/p>\n<p>Pour Dominique de Villepin,\u00a0\u00ab\u00a0l\u2019Europe n\u2019a pas ouvert les yeux et continue \u00e0 vouloir imaginer que les \u00c9tats-Unis sont de parfaits alli\u00e9s\u00a0\u00bb.<\/p>\n<p>Si Donald Trump\u00a0\u00ab\u00a0pousse plus loin sa d\u00e9cision d&rsquo;avancer au Groenland, par le biais militaire, politique ou \u00e9conomique, il faudra constater que cette alliance fait d\u00e9faut et en tirer toutes les cons\u00e9quences au niveau de l&rsquo;Otan et de l&rsquo;UE\u00a0\u00bb, a-t-il jug\u00e9, en imaginant, comme avec la Russie, des \u00ab\u00a0mesures de r\u00e9torsion \u00e9conomique\u00a0\u00bb.<\/p>\n<p>\u00ab\u00a0La bataille de la souverainet\u00e9 (europ\u00e9enne), elle n&rsquo;est pas divisible, c&rsquo;est le commercial, c&rsquo;est le num\u00e9rique, c&rsquo;est la d\u00e9fense\u00a0\u00bb, a-t-il insist\u00e9.<\/p>\n<\/div>\n<p><script>(function(d, s, id) {  var js, fjs = d.getElementsByTagName(s)[0];  if (d.getElementById(id)) return;  js = d.createElement(s); js.id = id;  js.src = \"\/\/connect.facebook.net\/fr_FR\/sdk.js#xfbml=1&version=v2.3\";  fjs.parentNode.insertBefore(js, fjs);}(document, \"script\", \"facebook-jssdk\"));<\/script><br \/>\n<br \/><br \/>\n<br \/><a href=\"https:\/\/www.francesoir.fr\/politique-monde\/venezuela-villepin-se-rejouit-que-macron-ait-corrige-sa-position-car-le-droit\" target=\"_blank\"\">Source link <\/a><\/p>\n","protected":false},"excerpt":{"rendered":"<p>Un \u00ab\u00a0en m\u00eame temps\u00a0\u00bb de plus, qui ne manque pas de r\u00e9jouir Villepin. Dominique de Villepin, qui avait s\u00e9v\u00e8rement critiqu\u00e9 la premi\u00e8re r\u00e9action d&rsquo;Emmanuel Macron \u00e0 l&rsquo;arrestation de Nicolas Maduro,&hellip; <\/p>\n","protected":false},"author":1,"featured_media":22025,"comment_status":"open","ping_status":"open","sticky":false,"template":"","format":"standard","meta":{"footnotes":""},"categories":[1],"tags":[],"class_list":["post-22024","post","type-post","status-publish","format-standard","has-post-thumbnail","hentry","category-non-classe"],"_links":{"self":[{"href":"https:\/\/monde25.info\/index.php\/wp-json\/wp\/v2\/posts\/22024","targetHints":{"allow":["GET"]}}],"collection":[{"href":"https:\/\/monde25.info\/index.php\/wp-json\/wp\/v2\/posts"}],"about":[{"href":"https:\/\/monde25.info\/index.php\/wp-json\/wp\/v2\/types\/post"}],"author":[{"embeddable":true,"href":"https:\/\/monde25.info\/index.php\/wp-json\/wp\/v2\/users\/1"}],"replies":[{"embeddable":true,"href":"https:\/\/monde25.info\/index.php\/wp-json\/wp\/v2\/comments?post=22024"}],"version-history":[{"count":0,"href":"https:\/\/monde25.info\/index.php\/wp-json\/wp\/v2\/posts\/22024\/revisions"}],"wp:featuredmedia":[{"embeddable":true,"href":"https:\/\/monde25.info\/index.php\/wp-json\/wp\/v2\/media\/22025"}],"wp:attachment":[{"href":"https:\/\/monde25.info\/index.php\/wp-json\/wp\/v2\/media?parent=22024"}],"wp:term":[{"taxonomy":"category","embeddable":true,"href":"https:\/\/monde25.info\/index.php\/wp-json\/wp\/v2\/categories?post=22024"},{"taxonomy":"post_tag","embeddable":true,"href":"https:\/\/monde25.info\/index.php\/wp-json\/wp\/v2\/tags?post=22024"}],"curies":[{"name":"wp","href":"https:\/\/api.w.org\/{rel}","templated":true}]}}