{"id":22028,"date":"2026-01-07T06:15:37","date_gmt":"2026-01-07T05:15:37","guid":{"rendered":"https:\/\/monde25.info\/index.php\/2026\/01\/07\/electricite-la-consommation-se-stabilise-signe-dune-transition-qui-patine\/"},"modified":"2026-01-07T06:15:37","modified_gmt":"2026-01-07T05:15:37","slug":"electricite-la-consommation-se-stabilise-signe-dune-transition-qui-patine","status":"publish","type":"post","link":"https:\/\/monde25.info\/index.php\/2026\/01\/07\/electricite-la-consommation-se-stabilise-signe-dune-transition-qui-patine\/","title":{"rendered":"\u00c9lectricit\u00e9\u00a0: la consommation se stabilise, signe d&#039;une transition qui patine"},"content":{"rendered":"<p> <br \/>\n<br \/><img loading=\"lazy\" decoding=\"async\" src=\"https:\/\/reporterre.net\/local\/cache-vignettes\/L700xH467\/pexels-padrinan-230518_1_-2d847.jpg?1767706300\" class=\"spip_logo\" width=\"700\" height=\"467\" alt=\"\" \/><\/p>\n<p>La consommation \u00e9lectrique est stable en France, d&rsquo;apr\u00e8s le bilan 2025 publi\u00e9 par le gestionnaire du r\u00e9seau \u00e9lectrique, <span class=\"caps\">RTE<\/span>. Cette apparente bonne nouvelle t\u00e9moigne en r\u00e9alit\u00e9 du retard prit dans l&rsquo;\u00e9lectrification des transports, du chauffage et de la production industrielle, n\u00e9cessaire \u00e0 la sortie des \u00e9nergies fossiles d&rsquo;ici 2050, comme l&rsquo;a martel\u00e9 la feuille de route publi\u00e9e par la France en d\u00e9cembre, avec un an de retard. <br class=\"autobr\" \/><br \/>\nLa transition \u00e9nerg\u00e9tique patine et la France est en exc\u00e9dent de\u00a0(\u2026)<\/p>\n<p>                    <a target=\"_blank\" href=\"https:\/\/reporterre.net\/Electricite-la-consommation-se-stabilise-signe-d-une-transition-qui-patine?utm_source=RSS&amp;utm_medium=RSS\">Lire la suite<\/a><\/p>\n<p>                    &#8211;<br \/>\n                        <a target=\"_blank\" href=\"https:\/\/reporterre.net\/Breves-20\" rel=\"directory\">En bref<\/a><\/p>\n<p>                    \/<br \/>\n                        <a target=\"_blank\" href=\"https:\/\/reporterre.net\/Energie\" rel=\"tag\">\u00c9nergie<\/a><br \/>\n<br \/><br \/>\n<br \/><a href=\"https:\/\/reporterre.net\/Electricite-la-consommation-se-stabilise-signe-d-une-transition-qui-patine\" target=\"_blank\"\">Source link <\/a><\/p>\n","protected":false},"excerpt":{"rendered":"<p>La consommation \u00e9lectrique est stable en France, d&rsquo;apr\u00e8s le bilan 2025 publi\u00e9 par le gestionnaire du r\u00e9seau \u00e9lectrique, RTE. Cette apparente bonne nouvelle t\u00e9moigne en r\u00e9alit\u00e9 du retard prit dans&hellip; <\/p>\n","protected":false},"author":1,"featured_media":0,"comment_status":"open","ping_status":"open","sticky":false,"template":"","format":"standard","meta":{"footnotes":""},"categories":[1],"tags":[],"class_list":["post-22028","post","type-post","status-publish","format-standard","hentry","category-non-classe"],"_links":{"self":[{"href":"https:\/\/monde25.info\/index.php\/wp-json\/wp\/v2\/posts\/22028","targetHints":{"allow":["GET"]}}],"collection":[{"href":"https:\/\/monde25.info\/index.php\/wp-json\/wp\/v2\/posts"}],"about":[{"href":"https:\/\/monde25.info\/index.php\/wp-json\/wp\/v2\/types\/post"}],"author":[{"embeddable":true,"href":"https:\/\/monde25.info\/index.php\/wp-json\/wp\/v2\/users\/1"}],"replies":[{"embeddable":true,"href":"https:\/\/monde25.info\/index.php\/wp-json\/wp\/v2\/comments?post=22028"}],"version-history":[{"count":0,"href":"https:\/\/monde25.info\/index.php\/wp-json\/wp\/v2\/posts\/22028\/revisions"}],"wp:attachment":[{"href":"https:\/\/monde25.info\/index.php\/wp-json\/wp\/v2\/media?parent=22028"}],"wp:term":[{"taxonomy":"category","embeddable":true,"href":"https:\/\/monde25.info\/index.php\/wp-json\/wp\/v2\/categories?post=22028"},{"taxonomy":"post_tag","embeddable":true,"href":"https:\/\/monde25.info\/index.php\/wp-json\/wp\/v2\/tags?post=22028"}],"curies":[{"name":"wp","href":"https:\/\/api.w.org\/{rel}","templated":true}]}}