{"id":22033,"date":"2026-01-07T07:54:35","date_gmt":"2026-01-07T06:54:35","guid":{"rendered":"https:\/\/monde25.info\/index.php\/2026\/01\/07\/une-fois-de-plus-nestle-procede-a-un-rappel-de-laits-pour-bebes-dans-plusieurs-pays-europeens\/"},"modified":"2026-01-07T07:54:35","modified_gmt":"2026-01-07T06:54:35","slug":"une-fois-de-plus-nestle-procede-a-un-rappel-de-laits-pour-bebes-dans-plusieurs-pays-europeens","status":"publish","type":"post","link":"https:\/\/monde25.info\/index.php\/2026\/01\/07\/une-fois-de-plus-nestle-procede-a-un-rappel-de-laits-pour-bebes-dans-plusieurs-pays-europeens\/","title":{"rendered":"Une fois de plus Nestl\u00e9 proc\u00e8de \u00e0 un rappel de laits pour b\u00e9b\u00e9s dans plusieurs pays europ\u00e9ens"},"content":{"rendered":"<p> <br \/>\n<\/p>\n<div>\n<p>Le g\u00e9ant suisse de l&rsquo;alimentation Nestl\u00e9 a annonc\u00e9 lundi un rappel de lots de laits infantiles par mesure de pr\u00e9caution dans plusieurs pays en Europe, dont l&rsquo;Allemagne, l&rsquo;Autriche, le Danemark, l&rsquo;Italie et la Su\u00e8de.<\/p>\n<p>Sur son site internet, le groupe indique avoir d\u00e9tect\u00e9 un probl\u00e8me de qualit\u00e9 dans un ingr\u00e9dient venant d&rsquo;un de ses grands fournisseurs.<\/p>\n<p>Il explique avoir \u00ab\u00a0proc\u00e9d\u00e9 \u00e0 une analyse de toutes les huiles d&rsquo;acide arachidonique et m\u00e9langes d&rsquo;huiles correspondants utilis\u00e9s dans la production des produits de nutrition infantile potentiellement affect\u00e9s\u00a0\u00bb.<\/p>\n<p>Nestl\u00e9 pr\u00e9cise \u00ab\u00a0\u00eatre en contact avec les autorit\u00e9s des pays concern\u00e9s pour s&rsquo;assurer que les mesures n\u00e9cessaires sont prises\u00a0\u00bb.<\/p>\n<p>Il s&rsquo;agit d&rsquo;une mesure de pr\u00e9caution, \u00ab\u00a0aucun cas de maladie en lien avec les produits concern\u00e9s n&rsquo;ayant \u00e9t\u00e9 confirm\u00e9 jusqu&rsquo;\u00e0 pr\u00e9sent\u00a0\u00bb, a-t-il insist\u00e9.<\/p>\n<p>Sur les versions locales de son site internet pour chaque pays concern\u00e9, le groupe a mis en ligne des photos avec le num\u00e9ro des lots de produits, commercialis\u00e9s sous des noms diff\u00e9rents d&rsquo;un pays \u00e0 l&rsquo;autre.<\/p>\n<p>En Allemagne, ils sont notamment vendus sous la marque Beba et Alfamino. Nestl\u00e9 fournit les instructions pour ramener les produits et se faire rembourser, ainsi qu&rsquo;un num\u00e9ro pour r\u00e9pondre aux questions des consommateurs.<\/p>\n<p>En d\u00e9cembre, Nestl\u00e9 avait d\u00e9j\u00e0 proc\u00e9d\u00e9 \u00e0 un rappel de lait infantile, notamment en France, suite \u00e0 la d\u00e9tection du microorganisme Bacillus cereus\u00a0sur une ligne de production, ce qui avait suscit\u00e9 de vives critiques de l&rsquo;ONG Foodwatch qui lui avait reproch\u00e9 d&rsquo;avoir communiqu\u00e9 de mani\u00e8re \u00ab\u00a0tr\u00e8s vague\u00a0\u00bb.<\/p>\n<p>Lundi, le groupe explique \u00e9galement ce rappel de produits par le c\u00e9r\u00e9ulide, une toxine produite par certaines souches de ce micro-organisme. Il dit travailler avec son fournisseur qui est en train de r\u00e9aliser une analyse approfondie.<\/p>\n<\/div>\n<p><script>(function(d, s, id) {  var js, fjs = d.getElementsByTagName(s)[0];  if (d.getElementById(id)) return;  js = d.createElement(s); js.id = id;  js.src = \"\/\/connect.facebook.net\/fr_FR\/sdk.js#xfbml=1&version=v2.3\";  fjs.parentNode.insertBefore(js, fjs);}(document, \"script\", \"facebook-jssdk\"));<\/script><br \/>\n<br \/><br \/>\n<br \/><a href=\"https:\/\/www.francesoir.fr\/societe-sante\/une-fois-de-plus-nestle-procede-un-rappel-de-laits-pour-bebes-dans-plusieurs-pays\" target=\"_blank\"\">Source link <\/a><\/p>\n","protected":false},"excerpt":{"rendered":"<p>Le g\u00e9ant suisse de l&rsquo;alimentation Nestl\u00e9 a annonc\u00e9 lundi un rappel de lots de laits infantiles par mesure de pr\u00e9caution dans plusieurs pays en Europe, dont l&rsquo;Allemagne, l&rsquo;Autriche, le Danemark,&hellip; <\/p>\n","protected":false},"author":1,"featured_media":22034,"comment_status":"open","ping_status":"open","sticky":false,"template":"","format":"standard","meta":{"footnotes":""},"categories":[1],"tags":[],"class_list":["post-22033","post","type-post","status-publish","format-standard","has-post-thumbnail","hentry","category-non-classe"],"_links":{"self":[{"href":"https:\/\/monde25.info\/index.php\/wp-json\/wp\/v2\/posts\/22033","targetHints":{"allow":["GET"]}}],"collection":[{"href":"https:\/\/monde25.info\/index.php\/wp-json\/wp\/v2\/posts"}],"about":[{"href":"https:\/\/monde25.info\/index.php\/wp-json\/wp\/v2\/types\/post"}],"author":[{"embeddable":true,"href":"https:\/\/monde25.info\/index.php\/wp-json\/wp\/v2\/users\/1"}],"replies":[{"embeddable":true,"href":"https:\/\/monde25.info\/index.php\/wp-json\/wp\/v2\/comments?post=22033"}],"version-history":[{"count":0,"href":"https:\/\/monde25.info\/index.php\/wp-json\/wp\/v2\/posts\/22033\/revisions"}],"wp:featuredmedia":[{"embeddable":true,"href":"https:\/\/monde25.info\/index.php\/wp-json\/wp\/v2\/media\/22034"}],"wp:attachment":[{"href":"https:\/\/monde25.info\/index.php\/wp-json\/wp\/v2\/media?parent=22033"}],"wp:term":[{"taxonomy":"category","embeddable":true,"href":"https:\/\/monde25.info\/index.php\/wp-json\/wp\/v2\/categories?post=22033"},{"taxonomy":"post_tag","embeddable":true,"href":"https:\/\/monde25.info\/index.php\/wp-json\/wp\/v2\/tags?post=22033"}],"curies":[{"name":"wp","href":"https:\/\/api.w.org\/{rel}","templated":true}]}}