{"id":22039,"date":"2026-01-07T10:06:46","date_gmt":"2026-01-07T09:06:46","guid":{"rendered":"https:\/\/monde25.info\/index.php\/2026\/01\/07\/l-arsenal-repressif-de-letat-contre-les-militants-ecologistes-analyse-dans-un-livre\/"},"modified":"2026-01-07T10:06:46","modified_gmt":"2026-01-07T09:06:46","slug":"l-arsenal-repressif-de-letat-contre-les-militants-ecologistes-analyse-dans-un-livre","status":"publish","type":"post","link":"https:\/\/monde25.info\/index.php\/2026\/01\/07\/l-arsenal-repressif-de-letat-contre-les-militants-ecologistes-analyse-dans-un-livre\/","title":{"rendered":"L&#039;\u00ab\u00a0arsenal r\u00e9pressif\u00a0\u00bb de l&#039;\u00c9tat contre les militants \u00e9cologistes analys\u00e9 dans un livre"},"content":{"rendered":"<p> <br \/>\n<br \/><img loading=\"lazy\" decoding=\"async\" src=\"https:\/\/reporterre.net\/local\/cache-vignettes\/L700xH467\/01023274-01-2-4aa2e.jpg?1767765601\" class=\"spip_logo\" width=\"700\" height=\"467\" alt=\"\" \/><\/p>\n<p>Le livre \u00ab<small class=\"fine d-inline\">\u00a0<\/small>Militants \u00e9cologistes sous haute surveillance<small class=\"fine d-inline\">\u00a0<\/small>\u00bb\u00a0de la journaliste \u00c9milie Petit d\u00e9cortique la r\u00e9pression grandissante de l&rsquo;\u00c9tat, qui s&rsquo;appuie sur un arsenal l\u00e9gislatif\u00a0: lois antiterroristes, pour s\u00e9curiser les <span class=\"caps\">JO<\/span>&#8230; <br class=\"autobr\" \/> \u00c9milie Petit est journaliste, sp\u00e9cialis\u00e9e sur les enjeux d&rsquo;\u00e9cologie pour 20 Minutes. Dans Militants \u00e9cologistes sous haute surveillance, qui vient de para\u00eetre aux \u00e9ditions du Nid de Pie, elle d\u00e9cortique l&rsquo;arsenal l\u00e9gislatif mis en place ces derni\u00e8res ann\u00e9es par\u00a0(\u2026)<\/p>\n<p>                    <a target=\"_blank\" href=\"https:\/\/reporterre.net\/L-arsenal-repressif-de-l-Etat-contre-les-militants-ecologistes-analyse-dans-un-livre?utm_source=RSS&amp;utm_medium=RSS\">Lire la suite<\/a><\/p>\n<p>                    &#8211;<br \/>\n                        <a target=\"_blank\" href=\"https:\/\/reporterre.net\/Entretien-19\" rel=\"directory\">Entretien<\/a><\/p>\n<p>                    \/<br \/>\n                        <a target=\"_blank\" href=\"https:\/\/reporterre.net\/Luttes\" rel=\"tag\">Luttes<\/a><br \/>\n                    ,<br \/>\n                        <a target=\"_blank\" href=\"https:\/\/reporterre.net\/Idees\" rel=\"tag\">Id\u00e9es<\/a><br \/>\n<br \/><br \/>\n<br \/><a href=\"https:\/\/reporterre.net\/L-arsenal-repressif-de-l-Etat-contre-les-militants-ecologistes-analyse-dans-un-livre\" target=\"_blank\"\">Source link <\/a><\/p>\n","protected":false},"excerpt":{"rendered":"<p>Le livre \u00ab\u00a0Militants \u00e9cologistes sous haute surveillance\u00a0\u00bb\u00a0de la journaliste \u00c9milie Petit d\u00e9cortique la r\u00e9pression grandissante de l&rsquo;\u00c9tat, qui s&rsquo;appuie sur un arsenal l\u00e9gislatif\u00a0: lois antiterroristes, pour s\u00e9curiser les JO&#8230; \u00c9milie&hellip; <\/p>\n","protected":false},"author":1,"featured_media":0,"comment_status":"open","ping_status":"open","sticky":false,"template":"","format":"standard","meta":{"footnotes":""},"categories":[1],"tags":[],"class_list":["post-22039","post","type-post","status-publish","format-standard","hentry","category-non-classe"],"_links":{"self":[{"href":"https:\/\/monde25.info\/index.php\/wp-json\/wp\/v2\/posts\/22039","targetHints":{"allow":["GET"]}}],"collection":[{"href":"https:\/\/monde25.info\/index.php\/wp-json\/wp\/v2\/posts"}],"about":[{"href":"https:\/\/monde25.info\/index.php\/wp-json\/wp\/v2\/types\/post"}],"author":[{"embeddable":true,"href":"https:\/\/monde25.info\/index.php\/wp-json\/wp\/v2\/users\/1"}],"replies":[{"embeddable":true,"href":"https:\/\/monde25.info\/index.php\/wp-json\/wp\/v2\/comments?post=22039"}],"version-history":[{"count":0,"href":"https:\/\/monde25.info\/index.php\/wp-json\/wp\/v2\/posts\/22039\/revisions"}],"wp:attachment":[{"href":"https:\/\/monde25.info\/index.php\/wp-json\/wp\/v2\/media?parent=22039"}],"wp:term":[{"taxonomy":"category","embeddable":true,"href":"https:\/\/monde25.info\/index.php\/wp-json\/wp\/v2\/categories?post=22039"},{"taxonomy":"post_tag","embeddable":true,"href":"https:\/\/monde25.info\/index.php\/wp-json\/wp\/v2\/tags?post=22039"}],"curies":[{"name":"wp","href":"https:\/\/api.w.org\/{rel}","templated":true}]}}