{"id":22040,"date":"2026-01-07T10:39:45","date_gmt":"2026-01-07T09:39:45","guid":{"rendered":"https:\/\/monde25.info\/index.php\/2026\/01\/07\/lacte-daccusation-politise-du-doj-americain-contre-maduro-le-reseau-de-la-cia-et-un-temoin-cle-contraint\/"},"modified":"2026-01-07T10:39:45","modified_gmt":"2026-01-07T09:39:45","slug":"lacte-daccusation-politise-du-doj-americain-contre-maduro-le-reseau-de-la-cia-et-un-temoin-cle-contraint","status":"publish","type":"post","link":"https:\/\/monde25.info\/index.php\/2026\/01\/07\/lacte-daccusation-politise-du-doj-americain-contre-maduro-le-reseau-de-la-cia-et-un-temoin-cle-contraint\/","title":{"rendered":"L\u2019acte d\u2019accusation politis\u00e9 du DoJ am\u00e9ricain contre Maduro, le \u00abr\u00e9seau\u00bb de la CIA et un t\u00e9moin cl\u00e9 contraint"},"content":{"rendered":"<p> <br \/>\n<\/p>\n<div>\n<ol class=\"campaign-loop campaign-list\">\n<li id=\"campaign-482494\" class=\"post-482494 campaign type-campaign status-publish hentry campaign-has-goal campaign-has-achieved-goal campaign-has-end-date campaign-has-not-ended\">\n\t<a target=\"_blank\" href=\"https:\/\/reseauinternational.net\/campaigns\/campagne-de-dons-septembre-octobre-2025\/\"><\/p>\n<h3>Soutenez-nous<\/h3>\n<p>\t\t\t<\/a><\/p>\n<p>\n\tVotre soutien nous est indispensable pour continuer \u00e0 vous fournir le meilleur de l\u2019information internationale alternative. C\u2019est gr\u00e2ce \u00e0 vos dons que nous pourrons maintenir le cap pour une information plurielle et r\u00e9ellement alternative. Nous comptons sur vous.<\/p>\n<\/li>\n<\/ol>\n<p>par <strong>Max Blumenthal<\/strong><\/p>\n<p><strong>L\u2019acte d\u2019accusation du minist\u00e8re am\u00e9ricain de la Justice contre le dirigeant v\u00e9n\u00e9zu\u00e9lien kidnapp\u00e9, Nicolas Maduro, est une diatribe politique qui s\u2019appuie largement sur le t\u00e9moignage contraint d\u2019un t\u00e9moin peu fiable.<\/strong><\/p>\n<p>Le raid militaire am\u00e9ricain du 3 janvier au Venezuela visant \u00e0 kidnapper le pr\u00e9sident Nicolas Maduro et la premi\u00e8re dame Cilia Flores a \u00e9t\u00e9 suivi de la publication par le minist\u00e8re de la Justice de son <a target=\"_blank\" href=\"https:\/\/www.justice.gov\/opa\/media\/1422326\/dl\" target=\"_blank\" rel=\"noopener\" title=\"\">nouvel acte d\u2019accusation<\/a> contre les deux personnes enlev\u00e9es ainsi que leur fils, Nicolasito Maduro, et deux proches alli\u00e9s politiques : l\u2019ancien ministre de la Justice Ramon Chacin et l\u2019ancien ministre de l\u2019Int\u00e9rieur, de la Justice et de la Paix Diosdado Cabello. Le minist\u00e8re de la Justice a \u00e9galement ajout\u00e9 le chef du cartel Tren De Aragua (TDA), Hector \u00abNi\u00f1o\u00bb Guerrero, \u00e0 la liste des accus\u00e9s, le pla\u00e7ant au c\u0153ur de son r\u00e9cit.<\/p>\n<p>L\u2019acte d\u2019accusation, long de 25 pages, accuse Maduro et Flores d\u2019avoir conspir\u00e9 pour faire passer \u00ab<em>des milliers de tonnes de coca\u00efne aux \u00c9tats-Unis<\/em>\u00bb, s\u2019appuyant largement sur les t\u00e9moignages de t\u00e9moins contraints de t\u00e9moigner au sujet de livraisons pr\u00e9sum\u00e9es qui auraient eu lieu en grande partie en dehors de la juridiction am\u00e9ricaine. Il accuse Maduro d\u2019avoir \u00ab<em>collabor\u00e9 avec des narco-terroristes<\/em>\u00bb comme le TDA, ignorant une r\u00e9cente \u00e9valuation des services de renseignement am\u00e9ricains qui concluait qu\u2019il n\u2019avait aucun contr\u00f4le sur le gang v\u00e9n\u00e9zu\u00e9lien. Enfin, les procureurs ont plomb\u00e9 l\u2019acte d\u2019accusation en inculpant Maduro de \u00ab<em>possession de mitrailleuses<\/em>\u00bb<em>,<\/em> une infraction risible qui pourrait facilement s\u2019appliquer \u00e0 des centaines de milliers d\u2019Am\u00e9ricains amateurs d\u2019armes \u00e0 feu en vertu d\u2019une loi archa\u00efque de 1934.<\/p>\n<p>Les procureurs du minist\u00e8re de la Justice \u00e9vitent soigneusement de fournir des donn\u00e9es pr\u00e9cises sur les exportations de coca\u00efne v\u00e9n\u00e9zu\u00e9lienne vers les \u00c9tats-Unis. Ils parlent tant\u00f4t de \u00abtonnes de coca\u00efne\u00bb, tant\u00f4t font r\u00e9f\u00e9rence \u00e0 des exp\u00e9ditions de \u00abmilliers de tonnes\u00bb, un chiffre astronomique g\u00e9n\u00e9rant th\u00e9oriquement des centaines de milliards de dollars de revenus. \u00c0 aucun moment ils ne mentionnent le fentanyl, la drogue responsable de la mort par overdose de pr\u00e8s de 50 000 Am\u00e9ricains en 2024. En fait, l\u2019\u00e9valuation nationale de la menace li\u00e9e \u00e0 la drogue publi\u00e9e cette ann\u00e9e sous la pr\u00e9sidence de Trump <a target=\"_blank\" href=\"https:\/\/x.com\/esaagar\/status\/1983258441964761400\" target=\"_blank\" rel=\"noopener\" title=\"\">mentionne \u00e0 peine le Venezuela<\/a>.<\/p>\n<p>En recourant \u00e0 un langage vague et d\u00e9lib\u00e9r\u00e9ment expansif, truff\u00e9 de termes subjectifs tels que \u00ab<em>corrompu<\/em>\u00bb et \u00ab<em>terrorisme<\/em>\u00bb, le minist\u00e8re de la Justice a construit un discours politique contre Maduro plut\u00f4t qu\u2019un dossier juridique concret. Tout en qualifiant \u00e0 plusieurs reprises Maduro de \u00ab<em>dirigeant de facto\u2026 ill\u00e9gitime du pays<\/em>\u00bb<em>,<\/em> le minist\u00e8re de la Justice ne parvient pas \u00e0 d\u00e9montrer qu\u2019il n\u2019est pas ill\u00e9gitime <em>de jure<\/em> au regard du droit v\u00e9n\u00e9zu\u00e9lien, et ne pourra donc pas contourner <a target=\"_blank\" href=\"https:\/\/www.icj-cij.org\/index.php\/case\/121\" target=\"_blank\" rel=\"noopener\" title=\"\">les pr\u00e9c\u00e9dents juridiques internationaux \u00e9tablis<\/a> accordant l\u2019immunit\u00e9 aux chefs d\u2019\u00c9tat.<\/p>\n<p>En outre, l\u2019acte d\u2019accusation s\u2019appuie sur des t\u00e9moins manifestement peu fiables et contraints, comme Hugo \u00abPollo\u00bb Carvajal, un ancien g\u00e9n\u00e9ral v\u00e9n\u00e9zu\u00e9lien qui a conclu un accord secret avec le minist\u00e8re public afin de r\u00e9duire sa peine pour trafic de drogue en fournissant des informations compromettantes sur Maduro. Carvajal serait une figure cl\u00e9 du r\u00e9seau de trafic de drogue appel\u00e9 \u00abCartel des Soleils\u00bb, qui, selon le minist\u00e8re am\u00e9ricain de la Justice, aurait \u00e9t\u00e9 dirig\u00e9 par Maduro. Si Carvajal compara\u00eet pour t\u00e9moigner contre le dirigeant v\u00e9n\u00e9zu\u00e9lien kidnapp\u00e9, le public am\u00e9ricain pourrait apprendre que le \u00abcartel\u00bb n\u2019a pas \u00e9t\u00e9 fond\u00e9 par le pr\u00e9sident v\u00e9n\u00e9zu\u00e9lien d\u00e9chu ou l\u2019un de ses alli\u00e9s, mais par la CIA pour faire passer de la drogue dans les villes am\u00e9ricaines.<\/p>\n<p>Aussi b\u00e2cl\u00e9e et politis\u00e9e que puisse \u00eatre l\u2019accusation du minist\u00e8re am\u00e9ricain de la Justice, elle a permis \u00e0 Trump de pr\u00e9senter sa \u00abdoctrine Donroe\u00bb, contraire au droit, comme une politique agressive d\u2019application de la loi, encourageant le pr\u00e9sident am\u00e9ricain \u00e0 prof\u00e9rer de nouvelles menaces d\u2019enl\u00e8vement ou d\u2019\u00e9limination des chefs d\u2019\u00c9tat qui font obstacle \u00e0 son programme rapace. Cela semble \u00eatre le v\u00e9ritable objectif du spectacle imp\u00e9rial qui se d\u00e9roulera prochainement dans la salle d\u2019audience.<\/p>\n<h5 class=\"wp-block-heading\"><strong>Le canular du \u00abnarco-terrorisme\u00bb<\/strong><\/h5>\n<p>L\u2019essentiel de l\u2019accusation contre Maduro repose sur le fait que les accus\u00e9s \u00ab<em>se sont livr\u00e9s \u00e0\u2026 un trafic de drogue, notamment en partenariat avec des groupes narco-terroristes<\/em>\u00bb. Selon le minist\u00e8re am\u00e9ricain de la Justice, Maduro aurait conspir\u00e9 avec le TDA, ainsi qu\u2019avec les cartels mexicains de Sinaloa et Los Zetas, pour se livrer \u00e0 du trafic de drogue entre 2003 et 2011. Cependant, ces cartels n\u2019ont \u00e9t\u00e9 d\u00e9sign\u00e9s comme organisations terroristes \u00e9trang\u00e8res par l\u2019administration Trump qu\u2019en f\u00e9vrier 2025, une mesure manifestement destin\u00e9e \u00e0 justifier l\u2019enl\u00e8vement de Maduro et \u00e0 \u00e9toffer son acte d\u2019accusation.<\/p>\n<p>Dans sa tentative de condamner Maduro, le DOJ aura sans doute du mal \u00e0 contester la conclusion d\u2019une <a target=\"_blank\" href=\"https:\/\/www.npr.org\/2025\/05\/06\/nx-s1-5388392\/u-s-intelligence-memo-says-venezuelan-government-does-not-control-tren-de-aragua-gang\" target=\"_blank\" rel=\"noopener\" title=\"\">note du 7 avril 2025<\/a> du Bureau du directeur du renseignement national (ODNI) selon laquelle le dirigeant v\u00e9n\u00e9zu\u00e9lien ne contr\u00f4lait pas le TDA, qu\u2019il a effectivement d\u00e9mantel\u00e9 gr\u00e2ce \u00e0 un <a target=\"_blank\" href=\"https:\/\/venezuelanalysis.com\/news\/venezuelan-army-takes-down-transnational-crime-organization-in-tocoron-prison\/\" target=\"_blank\" rel=\"noopener\" title=\"\">vaste raid militaire et policier<\/a> men\u00e9 en 2023 contre la prison de Tocor\u00f3n, qui servait de base op\u00e9rationnelle au gang. Un rapport publi\u00e9 par le m\u00e9dia <em>InSight Crime<\/em>, financ\u00e9 par le d\u00e9partement d\u2019\u00c9tat, complique \u00e9galement la t\u00e2che du DOJ, <a target=\"_blank\" href=\"https:\/\/insightcrime.org\/news\/is-venezuelas-tren-de-aragua-invading-us\/\" target=\"_blank\" rel=\"noopener\" title=\"\">concluant que<\/a> \u00ab<em>les quelques crimes attribu\u00e9s aux membres pr\u00e9sum\u00e9s du Tren de Aragua aux \u00c9tats-Unis semblent n\u2019avoir aucun lien avec le groupe dans son ensemble ou ses dirigeants au Venezuela<\/em>\u00bb<em>.<\/em><\/p>\n<p>En fait, bon nombre des crimes pr\u00e9sum\u00e9s de Maduro ont \u00e9t\u00e9 commis en dehors des fronti\u00e8res et de la juridiction des \u00c9tats-Unis. Le DOJ affirme, par exemple, qu\u2019en septembre 2013, \u00ab<em>des responsables v\u00e9n\u00e9zu\u00e9liens auraient exp\u00e9di\u00e9 environ 1,3 tonne de coca\u00efne sur un vol commercial reliant l\u2019a\u00e9roport de Maiquetia \u00e0 l\u2019a\u00e9roport Charles de Gaulle de Paris<\/em>\u00bb.<\/p>\n<p>En 2018, cinq citoyens britanniques ont \u00e9t\u00e9 condamn\u00e9s par un tribunal fran\u00e7ais pour avoir orchestr\u00e9 le transport de drogue avec l\u2019aide de membres de gangs colombiens et italiens, mais pas v\u00e9n\u00e9zu\u00e9liens. Au moment des faits, le gouvernement Maduro a reconnu que des fonctionnaires v\u00e9n\u00e9zu\u00e9liens corrompus ont laiss\u00e9 passer la drogue aux contr\u00f4les de s\u00e9curit\u00e9 de l\u2019a\u00e9roport. Caracas a finalement <a target=\"_blank\" href=\"https:\/\/www.theguardian.com\/world\/2018\/dec\/21\/british-cocaine-smuggler-jailed-for-22-years-in-france\" target=\"_blank\" rel=\"noopener\" title=\"\">arr\u00eat\u00e9 25 personnes<\/a>, dont des militaires et un responsable d\u2019Air France, un fait important pass\u00e9 sous silence dans l\u2019acte d\u2019accusation du minist\u00e8re am\u00e9ricain de la Justice.<\/p>\n<p>Selon le minist\u00e8re am\u00e9ricain de la Justice, la preuve de l\u2019implication de Maduro dans le scandale r\u00e9side en ce que le trafic de drogue aurait eu lieu \u00ab<em>quelques mois seulement apr\u00e8s que [Maduro] ait acc\u00e9d\u00e9 \u00e0 la pr\u00e9sidence du Venezuela<\/em>\u00bb. Aucune autre preuve n\u2019est fournie pour d\u00e9montrer sa culpabilit\u00e9.<\/p>\n<p>L\u2019acte d\u2019accusation poursuit en affirmant que Maduro \u00ab<em>a facilit\u00e9 les vols d\u2019avions priv\u00e9s sous couverture diplomatique<\/em>\u00bb afin d\u2019\u00e9viter le contr\u00f4le des forces de l\u2019ordre lors de leur atterrissage au Mexique. Citant le t\u00e9moignage forc\u00e9 d\u2019un transfuge du gouvernement v\u00e9n\u00e9zu\u00e9lien, il accuse Diosdado Cabello d\u2019avoir coordonn\u00e9 une livraison de 5,5 tonnes de coca\u00efne \u00e0 bord d\u2019un jet DC-9 \u00e0 destination du Mexique. Aucune de ces all\u00e9gations ne devrait \u00eatre recevable devant un tribunal am\u00e9ricain.<\/p>\n<p>Comme l\u2019<a target=\"_blank\" href=\"https:\/\/objectioneverything.substack.com\/p\/objection-the-maduro-indictment-read\" target=\"_blank\" rel=\"noopener\" title=\"\">explique<\/a> Eliza Orlins, avocate commis d\u2019office et analyste juridique, \u00ab<em>les trajets qui se d\u00e9roulent int\u00e9gralement au Venezuela ne traversent pas l\u2019espace a\u00e9rien am\u00e9ricain, n\u2019impliquent pas le territoire douanier am\u00e9ricain et ne violent pas, en soi, la loi am\u00e9ricaine. L\u2019acte d\u2019accusation tente de faire entrer ces mouvements nationaux dans la juridiction p\u00e9nale am\u00e9ricaine en affirmant que la coca\u00efne en question \u00e9tait finalement destin\u00e9e aux \u00c9tats-Unis. C\u2019est l\u2019intention qui domine le dossier<\/em>\u00bb.<\/p>\n<p>Comme la plupart des incidents sp\u00e9cifiques cit\u00e9s dans l\u2019acte d\u2019accusation se sont produits au Mexique sous les pr\u00e9sidences de Vicente Fox, Felipe Calder\u00f3n et Enrique Pe\u00f1a Nieto, le minist\u00e8re am\u00e9ricain de la Justice implique de fait ces trois administrations pro-am\u00e9ricaines, qui ont con\u00e7u leur politique antidrogue en collaboration avec Washington. En effet, le chef de la police des deux premiers de ces gouvernements, l\u2019ancien directeur de l\u2019Agence f\u00e9d\u00e9rale de renseignement, Genaro Garc\u00eda Luna, a \u00e9t\u00e9 <a target=\"_blank\" href=\"https:\/\/jacobin.com\/2023\/03\/us-mexico-war-on-drugs-garcia-luna-calderon\" target=\"_blank\" rel=\"noopener\" title=\"\">condamn\u00e9<\/a> en 2023 par un tribunal f\u00e9d\u00e9ral am\u00e9ricain pour avoir orchestr\u00e9 un complot de plusieurs millions de dollars avec le cartel de Sinaloa. L\u2019ancien ambassadeur am\u00e9ricain au Mexique, Robert Jacobson, a <a target=\"_blank\" href=\"https:\/\/www.proceso.com.mx\/reportajes\/2020\/5\/2\/conociamos-las-andanzas-de-garcia-luna-pero-debiamos-trabajar-con-el-roberta-jacobson-242300.html\" target=\"_blank\" rel=\"noopener\" title=\"\">reconnu<\/a> que les \u00c9tats-Unis \u00e9taient au courant des liens de Garc\u00eda Luna avec le cartel, mais a insist\u00e9 sur la n\u00e9cessit\u00e9 de travailler avec lui.<\/p>\n<h5 class=\"wp-block-heading\"><strong>Le deux poids, deux mesures hondurien<\/strong><\/h5>\n<p>Le minist\u00e8re am\u00e9ricain de la Justice implique \u00e9galement le gouvernement pro-am\u00e9ricain de l\u2019ancien pr\u00e9sident hondurien Juan Orlando Hern\u00e1ndez, qualifiant le Honduras de \u00ab<em>point de transbordement<\/em>\u00bb o\u00f9 les trafiquants de coca\u00efne op\u00e9rant dans ces pays versaient une partie de leurs profits en \u00e9change de la protection et de l\u2019aide de politiciens corrompus. En 2023, Hernandez a \u00e9t\u00e9 condamn\u00e9 par un tribunal f\u00e9d\u00e9ral am\u00e9ricain pour avoir introduit plus de 400 tonnes de drogue aux \u00c9tats-Unis, mais il a \u00e9t\u00e9 graci\u00e9 en d\u00e9cembre dernier par le pr\u00e9sident Donald Trump, \u00e0 la suite d\u2019une <a target=\"_blank\" href=\"https:\/\/www.wsj.com\/politics\/policy\/how-a-man-convicted-of-running-a-latin-american-narco-state-landed-a-pardon-c2353aef?gaa_at=eafs&amp;gaa_n=AWEtsqduj0p0Rc1kD4QFoEgql9t9KBOCJse4p5NXrzVKt9XD9ob07sXgMhDN8IuF40w%3D&amp;gaa_ts=695c56a1&amp;gaa_sig=EnmOgYy5ViaXPovF1Poh8s8PL7eRKszetq7Es80GhLl3IySNTmYUnxnSzmB8q0Exh1SaDeCy2WWEqng5P4Z-jw%3D%3D\" target=\"_blank\" rel=\"noopener\" title=\"\">campagne de lobbying<\/a> men\u00e9e par ses principaux donateurs, d\u00e9sireux de faire des affaires dans le paradis cryptographique d\u00e9r\u00e9glement\u00e9 de Pr\u00f3spera, au large des c\u00f4tes du Honduras.<\/p>\n<p>Lors de sa conf\u00e9rence de presse du 3 janvier, au cours de laquelle il a annonc\u00e9 l\u2019arrestation de Maduro et de son \u00e9pouse, Trump a d\u00e9fendu agressivement sa d\u00e9cision de gracier Hernandez, <a target=\"_blank\" href=\"https:\/\/x.com\/Acyn\/status\/2007507803305284000\" target=\"_blank\" rel=\"noopener\" title=\"\">affirmant<\/a> que l\u2019ancien pr\u00e9sident hondurien aurait \u00e9t\u00e9 \u00ab<em>pers\u00e9cut\u00e9 de mani\u00e8re tr\u00e8s injuste<\/em>\u00bb. Cependant, c\u2019est bien le m\u00eame procureur du minist\u00e8re de la Justice, Emil Bove, un fid\u00e8le de Trump, qui a r\u00e9dig\u00e9 l\u2019acte d\u2019accusation de Hernandez. Contrairement \u00e0 l\u2019affaire contre Maduro, l\u2019acte d\u2019accusation contre Hernandez pr\u00e9sentait des preuves concr\u00e8tes de sa collaboration avec de grands cartels transnationaux, notamment des vid\u00e9os et des photographies, comme l\u2019ont d\u00e9taill\u00e9 Anya Parampil et Alexander Rubinstein pour <a target=\"_blank\" href=\"https:\/\/thegrayzone.com\/2023\/10\/06\/president-honduras-trafficking-drugs\/\" target=\"_blank\" rel=\"noopener\" title=\"\"><em>The Grayzone<\/em><\/a>.<\/p>\n<p>Hernandez a plaid\u00e9 sa cause aupr\u00e8s de Trump dans une <a target=\"_blank\" href=\"https:\/\/www.nytimes.com\/interactive\/2025\/12\/02\/us\/politics\/hernandez-letter.html\" target=\"_blank\" rel=\"noopener\" title=\"\">lettre dat\u00e9e<\/a> de 2025, affirmant qu\u2019il a \u00e9t\u00e9 victime d\u2019un \u00ab<em>proc\u00e8s truqu\u00e9<\/em>\u00bb et condamn\u00e9 \u00ab<em>sur la base de d\u00e9clarations non corrobor\u00e9es de trafiquants de drogue condamn\u00e9s<\/em>\u00bb<em>.<\/em><\/p>\n<p>Son affirmation contestable pourrait \u00e9galement s\u2019appliquer aux poursuites engag\u00e9es par le minist\u00e8re de la Justice contre Maduro, car bon nombre des all\u00e9gations les plus spectaculaires contenues dans son acte d\u2019accusation proviennent d\u2019un trafiquant de drogue condamn\u00e9 qui a conclu un accord secret avec les procureurs am\u00e9ricains afin de r\u00e9duire sa propre peine en \u00e9change de son t\u00e9moignage contre Maduro.<\/p>\n<p>Il s\u2019agit encore de l\u2019ancien g\u00e9n\u00e9ral v\u00e9n\u00e9zu\u00e9lien Hugo \u00abEl Pollo\u00bb Carvajal.<\/p>\n<h5 class=\"wp-block-heading\"><strong>Un \u00abt\u00e9moin cl\u00e9\u00bb contraint de conclure un accord secret avec les procureurs am\u00e9ricains<\/strong><\/h5>\n<p>Chef des services de renseignement militaire sous le gouvernement du pr\u00e9sident v\u00e9n\u00e9zu\u00e9lien Hugo Ch\u00e1vez de 2004 \u00e0 2011, Carvajal est cit\u00e9 sept fois dans l\u2019acte d\u2019accusation du minist\u00e8re am\u00e9ricain de la Justice du 3 janvier, dans lequel il est pr\u00e9sent\u00e9 comme un t\u00e9moin d\u2019actes criminels pr\u00e9sum\u00e9s commis par Maduro et son entourage. Arr\u00eat\u00e9 pour la premi\u00e8re fois en 2014 \u00e0 Aruba pour trafic de drogue, il a \u00e9t\u00e9 extrad\u00e9 au Venezuela, au grand dam des autorit\u00e9s am\u00e9ricaines. En 2017, alors qu\u2019il faisait l\u2019objet de deux actes d\u2019accusation aux \u00c9tats-Unis, le g\u00e9n\u00e9ral s\u2019est soudainement retourn\u00e9 contre Maduro, le qualifiant de dictateur. Il a ouvertement soutenu le projet de changement de r\u00e9gime du \u00abpr\u00e9sident par int\u00e9rim\u00bb Juan Guaid\u00f3, soutenu par les \u00c9tats-Unis, en 2019, se pr\u00e9sentant comme un transfuge h\u00e9ro\u00efque et offrant \u00e0 Washington ses pr\u00e9tendues informations sur l\u2019\u00c9tat profond v\u00e9n\u00e9zu\u00e9lien.<\/p>\n<p>La m\u00eame ann\u00e9e, alors qu\u2019il demandait l\u2019asile en Espagne, les \u00c9tats-Unis ont officiellement demand\u00e9 \u00e0 Madrid de l\u2019extrader. Face \u00e0 la perspective d\u2019une extradition, il a accord\u00e9 une s\u00e9rie d\u2019<a target=\"_blank\" href=\"https:\/\/www.nytimes.com\/2019\/02\/21\/world\/americas\/hugo-carvajal-maduro-venezuela.html\" target=\"_blank\" rel=\"noopener\" title=\"\">interviews r\u00e9v\u00e9latrices<\/a> \u00e0 des m\u00e9dias mainstream, comme le New York Times, se donnant le plus grand mal pour justifier pratiquement toutes les accusations que l\u2019administration Trump cherchait \u00e0 utiliser contre Maduro.<\/p>\n<p>Le s\u00e9nateur Marco Rubio ne pouvait contenir son enthousiasme \u00e0 l\u2019id\u00e9e de pouvoir faire t\u00e9moigner cet initi\u00e9 chaviste dans une future affaire contre Maduro. Carvajal \u00ab<em>viendra bient\u00f4t aux \u00c9tats-Unis pour fournir des informations importantes sur le #MaduroRegime<\/em>\u00bb, a <a target=\"_blank\" href=\"https:\/\/twitter.com\/marcorubio\/status\/1116783171444584453\" target=\"_blank\" rel=\"noopener\" title=\"\">tweet\u00e9<\/a> Rubio le 12 avril 2019. \u00ab<em>Sale journ\u00e9e pour la #MaduroCrimeFamily<\/em>\u00bb<em>.<\/em><\/p>\n<figure class=\"wp-block-embed is-type-rich is-provider-twitter wp-block-embed-twitter\"\/>\n<p>Ce n\u2019est qu\u2019en 2023 que Carvajal a finalement \u00e9t\u00e9 extrad\u00e9 et jug\u00e9 par le tribunal du district sud de New York. Apr\u00e8s avoir plaid\u00e9 coupable de \u00abnarcoterrorisme\u00bb en juin dernier, le <em>Miami Herald<\/em> <a target=\"_blank\" href=\"https:\/\/www.miamiherald.com\/news\/nation-world\/world\/americas\/venezuela\/article309419650.html#storylink=cpy\" target=\"_blank\" rel=\"noopener\" title=\"\">a rapport\u00e9<\/a> qu\u2019il a conclu un accord avec le procureur qui lui garantirait \u00ab<em>une r\u00e9duction consid\u00e9rable de peine s\u2019il apporte une \u2018aide substantielle\u2019 aux enqu\u00eates am\u00e9ricaines<\/em>\u00bb.<\/p>\n<p>L\u2019accord de plaidoyer de Carvajal, toujours secret, d\u00e9voile la strat\u00e9gie qu\u2019il a adopt\u00e9e depuis qu\u2019il s\u2019est pr\u00e9sent\u00e9 publiquement comme transfuge. Ses accusations contre Maduro ont \u00e9t\u00e9 faites sous la contrainte, dans le seul but de satisfaire ses futurs ge\u00f4liers am\u00e9ricains. Il s\u2019est ensuite livr\u00e9 \u00e0 l\u2019une des th\u00e9ories du complot pr\u00e9f\u00e9r\u00e9es de Trump, en <a target=\"_blank\" href=\"https:\/\/www.euronews.com\/2025\/12\/04\/former-venezuelan-spy-chief-says-maduro-runs-narco-terrorist-organisation\" target=\"_blank\" rel=\"noopener\" title=\"\">all\u00e9guant<\/a> dans une lettre adress\u00e9e au pr\u00e9sident am\u00e9ricain en juin 2020 que Maduro aurait manipul\u00e9 les syst\u00e8mes de vote Smartmatic du Venezuela afin de truquer l\u2019\u00e9lection pr\u00e9sidentielle am\u00e9ricaine en faveur de Joe Biden.<\/p>\n<p>La flagornerie \u00e9hont\u00e9e de Carvajal envers Trump et son accord secret devraient ruiner sa cr\u00e9dibilit\u00e9 en tant que t\u00e9moin contre Maduro.<\/p>\n<p>Dans l\u2019acte d\u2019accusation du 3 janvier contre Maduro, le minist\u00e8re am\u00e9ricain de la Justice affirme que Carvajal et Diosdado Cabello ont \u00ab<em>collabor\u00e9 avec d\u2019autres membres du r\u00e9gime v\u00e9n\u00e9zu\u00e9lien<\/em>\u00bb pour \u00ab<em>coordonner l\u2019exp\u00e9dition<\/em>\u00bb de 5,5 tonnes de coca\u00efne de l\u2019a\u00e9roport international Simon Bolivar \u00e0 Campeche, au Mexique, par jet priv\u00e9, en 2006. Cet incident continue de susciter de nombreuses interrogations, car le jet DC-9 appartenait \u00e0 deux soci\u00e9t\u00e9s am\u00e9ricaines opaques, sugg\u00e9rant ainsi un \u00e9ventuel lien avec les <a target=\"_blank\" href=\"https:\/\/orinocotribune.com\/cia-might-be-involved-in-drug-trafficking-case-related-to-hugo-el-pollo-carvajal\/\" target=\"_blank\" rel=\"noopener\" title=\"\">services du renseignement am\u00e9ricains<\/a>.<\/p>\n<p>Si <a target=\"_blank\" href=\"https:\/\/www.banderasnews.com\/1007\/edat-carmeloguerra.htm\" target=\"_blank\" rel=\"noopener\" title=\"\">les d\u00e9tails<\/a> de l\u2019implication potentielle du gouvernement am\u00e9ricain dans le transport de drogue de 2006 restent flous, il est \u00e9tabli que la CIA a fond\u00e9 et dirig\u00e9 le \u00abCartel des Soleils\u00bb que le minist\u00e8re am\u00e9ricain de la Justice accuse aujourd\u2019hui Maduro, Cabello et d\u2019autres hauts responsables v\u00e9n\u00e9zu\u00e9liens de contr\u00f4ler.<\/p>\n<h5 class=\"wp-block-heading\"><strong>Cartel des Soleils : cr\u00e9\u00e9 par la CIA, arme du minist\u00e8re am\u00e9ricain de la Justice<\/strong><\/h5>\n<p>Dans l\u2019acte d\u2019accusation initial contre Maduro, le minist\u00e8re am\u00e9ricain de la Justice accusait explicitement Maduro de diriger un cartel de narcotrafiquants appel\u00e9 \u00abCartel des Soleils\u00bb, y faisant r\u00e9f\u00e9rence plus de 30 fois.<\/p>\n<p>L\u2019acte d\u2019accusation r\u00e9vis\u00e9 du minist\u00e8re am\u00e9ricain de la Justice contre Maduro, rendu public le 3 janvier, stipule qu\u2019\u00ab<em>\u00e0 partir de 1999 environ, le Venezuela est devenu le refuge des trafiquants de drogue pr\u00eats \u00e0 payer pour obtenir la protection et le soutien de fonctionnaires civils et militaires v\u00e9n\u00e9zu\u00e9liens corrompus, qui op\u00e9raient hors de port\u00e9e des forces de l\u2019ordre et des forces arm\u00e9es colombiennes, soutenues par l\u2019aide am\u00e9ricaine dans la lutte contre le trafic de stup\u00e9fiants<\/em>\u00bb<em>.<\/em><\/p>\n<p>Il poursuit : \u00ab<em>Les profits de cette activit\u00e9 ill\u00e9gale sont revers\u00e9s \u00e0 des fonctionnaires civils, militaires et des services de renseignement corrompus, qui op\u00e8rent dans le cadre d\u2019un syst\u00e8me de favoritisme dirig\u00e9 par ceux qui se trouvent au sommet, appel\u00e9 le Cartel de Los Soles ou Cartel des Soleils<\/em>\u00bb<em>.<\/em><\/p>\n<p>Ce r\u00e9seau informel de responsables militaires corrompus a en fait \u00e9t\u00e9 mis en place par la CIA sous les gouvernements v\u00e9n\u00e9zu\u00e9liens pro-am\u00e9ricains des ann\u00e9es 1980 et 1990. Ce ne sont pas des journalistes d\u2019investigation dissidents qui ont r\u00e9v\u00e9l\u00e9 cette v\u00e9rit\u00e9 d\u00e9rangeante aux Am\u00e9ricains, mais le <a target=\"_blank\" href=\"https:\/\/www.nytimes.com\/1993\/11\/20\/world\/anti-drug-unit-of-cia-sent-ton-of-cocaine-to-us-in-1990.html\" target=\"_blank\" rel=\"noopener\" title=\"\"><em>New York Times<\/em><\/a> et Mike Wallace dans un reportage de \u00ab<a target=\"_blank\" href=\"https:\/\/twitter.com\/MaxBlumenthal\/status\/1965628033395573028\" target=\"_blank\" rel=\"noopener\" title=\"\"><em>60 Minutes<\/em><\/a>\u00bb diffus\u00e9 en 1993.<\/p>\n<p>Trois ans plus t\u00f4t, les douaniers am\u00e9ricains de Miami avaient intercept\u00e9 une cargaison d\u2019une demi-tonne de coca\u00efne pure en provenance du Venezuela. Mais leurs sup\u00e9rieurs au sein du gouvernement am\u00e9ricain leur ont rapidement fait savoir que ces cargaisons avaient \u00e9t\u00e9 approuv\u00e9es par Langley. Selon le <em>Times<\/em>, la CIA cherchait \u00e0 permettre \u00e0 la coca\u00efne \u00ab<em>d\u2019entrer aux \u00c9tats-Unis sans \u00eatre saisie, afin d\u2019\u00e9carter tout soup\u00e7on. L\u2019id\u00e9e \u00e9tait de recueillir autant de renseignements que possible sur les membres des gangs de trafiquants de drogue<\/em>\u00bb.<\/p>\n<p>\u00ab<em>Il est vraiment scandaleux qu\u2019une demi-tonne ait \u00e9t\u00e9 import\u00e9e, financ\u00e9e par l\u2019argent des contribuables am\u00e9ricains<\/em>\u00bb, a d\u00e9clar\u00e9 Annabelle Grimm, alors attach\u00e9e de la DEA au Venezuela, \u00e0 l\u2019\u00e9mission <em>60 Minutes<\/em>. \u00ab<em>C\u2019est particuli\u00e8rement r\u00e9voltant<\/em>\u00bb<em>.<\/em><\/p>\n<p>Pour organiser les exp\u00e9ditions depuis le Venezuela, la CIA a recrut\u00e9 des g\u00e9n\u00e9raux de la Garde nationale v\u00e9n\u00e9zu\u00e9lienne form\u00e9s par les \u00c9tats-Unis. Comme les officiers de la Garde nationale portaient sur leur uniforme des \u00e9cussons arborant le symbole d\u2019un soleil, le r\u00e9seau informel de trafic de drogue a \u00e9t\u00e9 baptis\u00e9 \u00able Cartel des Soleils\u00bb.<\/p>\n<p>Dans les ann\u00e9es qui ont suivi la r\u00e9v\u00e9lation des activit\u00e9s du cartel dirig\u00e9 par la CIA dans les m\u00e9dias am\u00e9ricains, celui-ci a disparu, pour rena\u00eetre lorsque le gouvernement am\u00e9ricain a commenc\u00e9 \u00e0 traquer le g\u00e9n\u00e9ral Carvajal, qui pourrait bient\u00f4t appara\u00eetre comme son t\u00e9moin cl\u00e9 contre Maduro. Si la corruption est toujours pr\u00e9sente dans l\u2019arm\u00e9e v\u00e9n\u00e9zu\u00e9lienne, il n\u2019y a gu\u00e8re de preuves de l\u2019existence d\u2019un cartel des soleils dans ses rangs.<\/p>\n<p>Comme l\u2019a d\u00e9clar\u00e9 Phil Gunson, analyste bas\u00e9 \u00e0 Caracas pour l\u2019<em>International Crisis Group<\/em>, \u00e0 <a target=\"_blank\" href=\"https:\/\/www.cnn.com\/2025\/11\/17\/americas\/venezuela-cartel-de-los-soles-fto-latam-intl\" target=\"_blank\" rel=\"noopener\" title=\"\"><em>CNN<\/em><\/a>, \u00ab<em>le Cartel de los Soles, en tant que tel, n\u2019existe pas. Il s\u2019agit d\u2019une expression journalistique cr\u00e9\u00e9e pour d\u00e9signer l\u2019implication des autorit\u00e9s v\u00e9n\u00e9zu\u00e9liennes dans le trafic de drogue<\/em>\u00bb.<\/p>\n<p>Un ancien haut responsable am\u00e9ricain a fait \u00e9cho \u00e0 Gunson, qualifiant le Cartel des Soleils de \u00ab<em>nom invent\u00e9 pour d\u00e9signer un groupe ad hoc de fonctionnaires v\u00e9n\u00e9zu\u00e9liens impliqu\u00e9s dans le trafic de drogue \u00e0 travers le Venezuela. Il n\u2019a ni la hi\u00e9rarchie ni la structure de commandement et de contr\u00f4le d\u2019un cartel traditionnel<\/em>\u00bb.<\/p>\n<p>Le responsable a d\u00e9clar\u00e9 \u00e0 <em>CNN<\/em> que la DEA (Drug Enforcement Administration) ou l\u2019Agence de renseignement de la d\u00e9fense a fourni \u00e0 Trump une \u00e9valuation \u00ab<em>purement politique<\/em>\u00bb du cartel afin de soutenir son offensive contre le Venezuela.<\/p>\n<p>Les r\u00e9v\u00e9lations obtenues par la d\u00e9fense lors du proc\u00e8s de Maduro et Flores risquent de mettre le gouvernement am\u00e9ricain dans une situation tr\u00e8s embarrassante en fournissant de nouvelles preuves d\u2019un trafic de drogue impliquant la CIA. C\u2019est peut-\u00eatre la raison pour laquelle le minist\u00e8re de la Justice a temp\u00e9r\u00e9 son discours sur le Cartel des Soleils, le qualifiant dans l\u2019acte d\u2019accusation du 3 janvier de simple \u00ab<em>r\u00e9seau client\u00e9liste<\/em>\u00bb plut\u00f4t que de syndicat criminel structur\u00e9, et ne le mentionnant que deux fois.<\/p>\n<p>Lors de sa premi\u00e8re comparution devant le tribunal, plus t\u00f4t dans la journ\u00e9e, le dirigeant v\u00e9n\u00e9zu\u00e9lien enlev\u00e9 n\u2019a pu s\u2019exprimer que bri\u00e8vement.<\/p>\n<p>\u00ab<em>Je suis innocent. Je suis un homme honn\u00eate. Je suis pr\u00e9sident\u2026<\/em>\u00bb, a d\u00e9clar\u00e9 Maduro avant d\u2019\u00eatre interrompu par son avocat.<\/p>\n<p>source : <a target=\"_blank\" href=\"https:\/\/thegrayzone.com\/2026\/01\/05\/indictment-maduro-cia-network-witness\/\" target=\"_blank\" rel=\"noopener\" title=\"\">The Grayzone<\/a> via <a target=\"_blank\" href=\"https:\/\/ssofidelis.substack.com\/p\/lacte-daccusation-politise-du-doj\" target=\"_blank\" rel=\"noopener\" title=\"\">Spirit of Free Speech<\/a><\/p>\n<div class=\"sharedaddy sd-block sd-like jetpack-likes-widget-wrapper jetpack-likes-widget-unloaded\" id=\"like-post-wrapper-237719536-504472-695e256336c82\" data-src=\"https:\/\/widgets.wp.com\/likes\/?ver=15.2#blog_id=237719536&amp;post_id=504472&amp;origin=reseauinternational.net&amp;obj_id=237719536-504472-695e256336c82\" data-name=\"like-post-frame-237719536-504472-695e256336c82\" data-title=\"Aimer ou rebloguer\">\n<h3 class=\"sd-title\">J\u2019aime \u00e7a\u00a0:<\/h3>\n<p><span class=\"button\"><span>J\u2019aime<\/span><\/span> <span class=\"loading\">chargement\u2026<\/span><\/p>\n<p><span class=\"sd-text-color\"\/><a target=\"_blank\" class=\"sd-link-color\"\/><\/div>\n<p><meta itemscope=\"\" itemprop=\"mainEntityOfPage\" itemtype=\"https:\/\/schema.org\/WebPage\" itemid=\"https:\/\/reseauinternational.net\/lacte-daccusation-politise-du-doj-americain-contre-maduro-le-reseau-de-la-cia-et-un-temoin-cle-contraint\/\"\/><meta itemprop=\"headline\" content=\"L\u2019acte d\u2019accusation politis\u00e9 du DoJ am\u00e9ricain contre Maduro, le \u00abr\u00e9seau\u00bb de la CIA et un t\u00e9moin cl\u00e9 contraint\"\/><span style=\"display: none;\" itemprop=\"author\" itemscope=\"\" itemtype=\"https:\/\/schema.org\/Person\"><meta itemprop=\"name\" content=\"R\u00e9seau International\"\/><\/span><span style=\"display: none;\" itemprop=\"image\" itemscope=\"\" itemtype=\"https:\/\/schema.org\/ImageObject\"><meta itemprop=\"url\" content=\"https:\/\/i0.wp.com\/reseauinternational.net\/wp-content\/uploads\/2026\/01\/Sans-titre-13-2.png?fit=800%2C467&amp;ssl=1\"\/><meta itemprop=\"width\" content=\"800\"\/><meta itemprop=\"height\" content=\"467\"\/><\/span><span style=\"display: none;\" itemprop=\"publisher\" itemscope=\"\" itemtype=\"https:\/\/schema.org\/Organization\"><span style=\"display: none;\" itemprop=\"logo\" itemscope=\"\" itemtype=\"https:\/\/schema.org\/ImageObject\"><meta itemprop=\"url\" content=\"https:\/\/reseauinternational.net\/wp-content\/uploads\/2022\/06\/Capture-de\u0301cran-2022-06-14-a\u0300-16.51.07.png\"\/><\/span><meta itemprop=\"name\" content=\"R\u00e9seau International\"\/><\/span><meta itemprop=\"datePublished\" content=\"2026-01-07T10:19:36+00:00\"\/><meta itemprop=\"dateModified\" content=\"2026-01-07T10:20:01+00:00\"\/><\/div>\n<p><script async src=\"\/\/platform.twitter.com\/widgets.js\" charset=\"utf-8\"><\/script><br \/>\n<br \/><br \/>\n<br \/><a href=\"https:\/\/reseauinternational.net\/lacte-daccusation-politise-du-doj-americain-contre-maduro-le-reseau-de-la-cia-et-un-temoin-cle-contraint\/\" target=\"_blank\"\">Source link <\/a><\/p>\n","protected":false},"excerpt":{"rendered":"<p>Soutenez-nous Votre soutien nous est indispensable pour continuer \u00e0 vous fournir le meilleur de l\u2019information internationale alternative. C\u2019est gr\u00e2ce \u00e0 vos dons que nous pourrons maintenir le cap pour une&hellip; <\/p>\n","protected":false},"author":1,"featured_media":22041,"comment_status":"open","ping_status":"open","sticky":false,"template":"","format":"standard","meta":{"footnotes":""},"categories":[1],"tags":[],"class_list":["post-22040","post","type-post","status-publish","format-standard","has-post-thumbnail","hentry","category-non-classe"],"_links":{"self":[{"href":"https:\/\/monde25.info\/index.php\/wp-json\/wp\/v2\/posts\/22040","targetHints":{"allow":["GET"]}}],"collection":[{"href":"https:\/\/monde25.info\/index.php\/wp-json\/wp\/v2\/posts"}],"about":[{"href":"https:\/\/monde25.info\/index.php\/wp-json\/wp\/v2\/types\/post"}],"author":[{"embeddable":true,"href":"https:\/\/monde25.info\/index.php\/wp-json\/wp\/v2\/users\/1"}],"replies":[{"embeddable":true,"href":"https:\/\/monde25.info\/index.php\/wp-json\/wp\/v2\/comments?post=22040"}],"version-history":[{"count":0,"href":"https:\/\/monde25.info\/index.php\/wp-json\/wp\/v2\/posts\/22040\/revisions"}],"wp:featuredmedia":[{"embeddable":true,"href":"https:\/\/monde25.info\/index.php\/wp-json\/wp\/v2\/media\/22041"}],"wp:attachment":[{"href":"https:\/\/monde25.info\/index.php\/wp-json\/wp\/v2\/media?parent=22040"}],"wp:term":[{"taxonomy":"category","embeddable":true,"href":"https:\/\/monde25.info\/index.php\/wp-json\/wp\/v2\/categories?post=22040"},{"taxonomy":"post_tag","embeddable":true,"href":"https:\/\/monde25.info\/index.php\/wp-json\/wp\/v2\/tags?post=22040"}],"curies":[{"name":"wp","href":"https:\/\/api.w.org\/{rel}","templated":true}]}}