{"id":22042,"date":"2026-01-07T11:12:38","date_gmt":"2026-01-07T10:12:38","guid":{"rendered":"https:\/\/monde25.info\/index.php\/2026\/01\/07\/petit-arrangement-entre-amis-jerome-salomon-ex-directeur-de-la-sante-rejoint-la-startup-zoi\/"},"modified":"2026-01-07T11:12:38","modified_gmt":"2026-01-07T10:12:38","slug":"petit-arrangement-entre-amis-jerome-salomon-ex-directeur-de-la-sante-rejoint-la-startup-zoi","status":"publish","type":"post","link":"https:\/\/monde25.info\/index.php\/2026\/01\/07\/petit-arrangement-entre-amis-jerome-salomon-ex-directeur-de-la-sante-rejoint-la-startup-zoi\/","title":{"rendered":"Petit arrangement entre amis&#8230; J\u00e9r\u00f4me Salomon, ex-directeur de la Sant\u00e9, rejoint la startup Zo\u00ef"},"content":{"rendered":"<p> <br \/>\n<\/p>\n<div>\n<p>J\u00e9r\u00f4me Salomon, ancien directeur g\u00e9n\u00e9ral de la Sant\u00e9 et \u00ab\u00a0figure\u00a0\u00bb plus que controvers\u00e9e des ann\u00e9es Covid en France, va rejoindre la startup de check-ups m\u00e9dicaux personnalis\u00e9s Zo\u00ef, fond\u00e9e par Isma\u00ebl Emelien, ancien conseiller d&rsquo;Emmanuel Macron, a annonc\u00e9 mardi la soci\u00e9t\u00e9.<\/p>\n<p>\u00ab\u00a0J\u00e9r\u00f4me Salomon aura pour mission de consolider la gouvernance m\u00e9dicale de Zo\u012b et d\u2019en garantir le niveau d&rsquo;exigence et de robustesse scientifique\u00a0\u00bb, a d\u00e9taill\u00e9 Zo\u00ef dans un communiqu\u00e9. Au vu de son parcours d\u00e9cri\u00e9, il n&rsquo;est pas certain que ce soit une bonne pioche.<\/p>\n<p>De 2018 \u00e0 2023, M. Salomon a \u00e9t\u00e9 \u00e0 la t\u00eate de la Direction g\u00e9n\u00e9rale de la Sant\u00e9 (DGS), charg\u00e9e de la mise en \u0153uvre concr\u00e8te des d\u00e9cisions prises par l&rsquo;\u00c9tat en mati\u00e8re de sant\u00e9. \u00c0 ce titre, il reste l&rsquo;un des principaux visages fran\u00e7ais les plus d\u00e9cri\u00e9 de la crise du Covid, au d\u00e9but des ann\u00e9es 2020.<\/p>\n<p>Le directeur g\u00e9n\u00e9ral de la Sant\u00e9 \u00e9tait, ainsi, devenu l&rsquo;une des incarnations de la crise sanitaire \u00e0 c\u00f4t\u00e9 des ministres de la Sant\u00e9 de l&rsquo;\u00e9poque, Agn\u00e8s Buzin, puis, tr\u00e8s rapidement, Olivier V\u00e9ran.<\/p>\n<p>Le r\u00f4le de M. Salomon dans la gestion de la pand\u00e9mie avait cristallis\u00e9 les critiques, une commission de s\u00e9nateurs l&rsquo;accusant notamment d&rsquo;\u00eatre en partie responsable\u00a0d&rsquo;insuffisances dans la strat\u00e9gie de lutte contre le Covid.<\/p>\n<p>M. Salomon avait quitt\u00e9 son poste en 2023, rejoignant l&rsquo;Organisation mondiale de la Sant\u00e9 (OMS) en qualit\u00e9 de sous-directeur g\u00e9n\u00e9ral.<\/p>\n<p>Il passe donc d\u00e9sormais dans le secteur priv\u00e9 en prenant quelques responsabilit\u00e9s chez Zo\u00ef, une startup cr\u00e9\u00e9e en 2021, cofond\u00e9e par Isma\u00ebl Emelien, ancien conseiller sp\u00e9cial du pr\u00e9sident Emmanuel Macron, et Paul Dupuy, cofondateur du groupe Workwell. Peut \u00eatre une r\u00e9compense pour bons et loyaux services ?<\/p>\n<p>Zo\u00ef indique miser sur une m\u00e9decine pr\u00e9ventive personnalis\u00e9e en alliant sciences des donn\u00e9es et sciences comportementales. Dans les faits, elle propose notamment des bilans de sant\u00e9 haut de gamme, dont le prix s&rsquo;\u00e9chelonne d&rsquo;un \u00e0 plusieurs milliers d&rsquo;euros. Pas pour les gueux tout \u00e7a.<\/p>\n<p>La jeune pousse a ouvert un premier centre au c\u0153ur de Paris, entre la place Vend\u00f4me et celle de l&rsquo;Op\u00e9ra, rien que \u00e7a, et envisage, selon son site internet, \u00ab\u00a0d\u2019ouvrir d\u2019autres centres de check-up, en particulier hors de France\u00a0\u00bb.<\/p>\n<p>En 2022, la soci\u00e9t\u00e9 avait lev\u00e9 20 millions d&rsquo;euros aupr\u00e8s de plusieurs investisseurs parmi lesquels St\u00e9phane Bancel, PDG de la biotech Moderna, pionni\u00e8re de l&rsquo;ARN messager, ainsi que Xavier Niel, fondateur du groupe Iliad ou encore le\u00a0PDG de l&rsquo;armateur CMA CGM Rodolphe Saad\u00e9&#8230; Un petit arrangement entre amis quoi. Il ne manque plus qu&rsquo;un certain Veran&#8230; Mais celui l\u00e0 semble \u00eatre tomb\u00e9 en disgrace.<\/p>\n<\/div>\n<p><script>(function(d, s, id) {  var js, fjs = d.getElementsByTagName(s)[0];  if (d.getElementById(id)) return;  js = d.createElement(s); js.id = id;  js.src = \"\/\/connect.facebook.net\/fr_FR\/sdk.js#xfbml=1&version=v2.3\";  fjs.parentNode.insertBefore(js, fjs);}(document, \"script\", \"facebook-jssdk\"));<\/script><br \/>\n<br \/><br \/>\n<br \/><a href=\"https:\/\/www.francesoir.fr\/societe-sante\/petit-arrangement-entre-amis-jerome-salomon-ex-directeur-de-la-sante-rejoint-la\" target=\"_blank\"\">Source link <\/a><\/p>\n","protected":false},"excerpt":{"rendered":"<p>J\u00e9r\u00f4me Salomon, ancien directeur g\u00e9n\u00e9ral de la Sant\u00e9 et \u00ab\u00a0figure\u00a0\u00bb plus que controvers\u00e9e des ann\u00e9es Covid en France, va rejoindre la startup de check-ups m\u00e9dicaux personnalis\u00e9s Zo\u00ef, fond\u00e9e par Isma\u00ebl&hellip; <\/p>\n","protected":false},"author":1,"featured_media":22043,"comment_status":"open","ping_status":"open","sticky":false,"template":"","format":"standard","meta":{"footnotes":""},"categories":[1],"tags":[],"class_list":["post-22042","post","type-post","status-publish","format-standard","has-post-thumbnail","hentry","category-non-classe"],"_links":{"self":[{"href":"https:\/\/monde25.info\/index.php\/wp-json\/wp\/v2\/posts\/22042","targetHints":{"allow":["GET"]}}],"collection":[{"href":"https:\/\/monde25.info\/index.php\/wp-json\/wp\/v2\/posts"}],"about":[{"href":"https:\/\/monde25.info\/index.php\/wp-json\/wp\/v2\/types\/post"}],"author":[{"embeddable":true,"href":"https:\/\/monde25.info\/index.php\/wp-json\/wp\/v2\/users\/1"}],"replies":[{"embeddable":true,"href":"https:\/\/monde25.info\/index.php\/wp-json\/wp\/v2\/comments?post=22042"}],"version-history":[{"count":0,"href":"https:\/\/monde25.info\/index.php\/wp-json\/wp\/v2\/posts\/22042\/revisions"}],"wp:featuredmedia":[{"embeddable":true,"href":"https:\/\/monde25.info\/index.php\/wp-json\/wp\/v2\/media\/22043"}],"wp:attachment":[{"href":"https:\/\/monde25.info\/index.php\/wp-json\/wp\/v2\/media?parent=22042"}],"wp:term":[{"taxonomy":"category","embeddable":true,"href":"https:\/\/monde25.info\/index.php\/wp-json\/wp\/v2\/categories?post=22042"},{"taxonomy":"post_tag","embeddable":true,"href":"https:\/\/monde25.info\/index.php\/wp-json\/wp\/v2\/tags?post=22042"}],"curies":[{"name":"wp","href":"https:\/\/api.w.org\/{rel}","templated":true}]}}