{"id":22047,"date":"2026-01-07T14:30:36","date_gmt":"2026-01-07T13:30:36","guid":{"rendered":"https:\/\/monde25.info\/index.php\/2026\/01\/07\/malgre-les-temperatures-negatives-il-ny-a-pas-de-vague-de-froid-en-france\/"},"modified":"2026-01-07T14:30:36","modified_gmt":"2026-01-07T13:30:36","slug":"malgre-les-temperatures-negatives-il-ny-a-pas-de-vague-de-froid-en-france","status":"publish","type":"post","link":"https:\/\/monde25.info\/index.php\/2026\/01\/07\/malgre-les-temperatures-negatives-il-ny-a-pas-de-vague-de-froid-en-france\/","title":{"rendered":"Malgr\u00e9 les temp\u00e9ratures n\u00e9gatives, il n&#039;y a pas de vague de froid en France"},"content":{"rendered":"<p> <br \/>\n<br \/><img loading=\"lazy\" decoding=\"async\" src=\"https:\/\/reporterre.net\/local\/cache-vignettes\/L700xH467\/20260107_124517-f0b66.jpg?1767790222\" class=\"spip_logo\" width=\"700\" height=\"467\" alt=\"\" \/><\/p>\n<p>&#8211; 13,5\u00a0\u00b0C \u00e0 Aurillac, -8\u00a0\u00b0C \u00e0 Bordeaux, -7,9\u00a0\u00b0C \u00e0 Montauban et m\u00eame -22\u00a0\u00b0C \u00e0 Mouthe dans le Doubs\u2026 Depuis lundi 5\u00a0janvier, le froid s&rsquo;est install\u00e9 en France et cela faisait des ann\u00e9es que l&rsquo;on avait pas vu autant de neige en plaine. Avec ces temp\u00e9ratures n\u00e9gatives, parfois inf\u00e9rieures aux normales de saison, de nombreux m\u00e9dias \u00e9voquent une \u00ab<small class=\"fine d-inline\">\u00a0<\/small>vague de froid<small class=\"fine d-inline\">\u00a0<\/small>\u00bb. <br class=\"autobr\" \/><br \/>\nPourtant, cet \u00e9pisode ne peut pas \u00eatre qualifi\u00e9 de vague de froid, selon M\u00e9t\u00e9o-France car ce ph\u00e9nom\u00e8ne r\u00e9pond \u00e0 des crit\u00e8res\u00a0(\u2026)<\/p>\n<p>                    <a target=\"_blank\" href=\"https:\/\/reporterre.net\/Malgre-les-temperatures-negatives-il-n-y-a-pas-de-vague-de-froid-en-France?utm_source=RSS&amp;utm_medium=RSS\">Lire la suite<\/a><\/p>\n<p>                    &#8211;<br \/>\n                        <a target=\"_blank\" href=\"https:\/\/reporterre.net\/Breves-20\" rel=\"directory\">En bref<\/a><\/p>\n<p>                    \/<br \/>\n                        <a target=\"_blank\" href=\"https:\/\/reporterre.net\/Climat-18\" rel=\"tag\">Climat <\/a><br \/>\n<br \/><br \/>\n<br \/><a href=\"https:\/\/reporterre.net\/Malgre-les-temperatures-negatives-il-n-y-a-pas-de-vague-de-froid-en-France\" target=\"_blank\"\">Source link <\/a><\/p>\n","protected":false},"excerpt":{"rendered":"<p>&#8211; 13,5\u00a0\u00b0C \u00e0 Aurillac, -8\u00a0\u00b0C \u00e0 Bordeaux, -7,9\u00a0\u00b0C \u00e0 Montauban et m\u00eame -22\u00a0\u00b0C \u00e0 Mouthe dans le Doubs\u2026 Depuis lundi 5\u00a0janvier, le froid s&rsquo;est install\u00e9 en France et cela faisait&hellip; <\/p>\n","protected":false},"author":1,"featured_media":0,"comment_status":"open","ping_status":"open","sticky":false,"template":"","format":"standard","meta":{"footnotes":""},"categories":[1],"tags":[],"class_list":["post-22047","post","type-post","status-publish","format-standard","hentry","category-non-classe"],"_links":{"self":[{"href":"https:\/\/monde25.info\/index.php\/wp-json\/wp\/v2\/posts\/22047","targetHints":{"allow":["GET"]}}],"collection":[{"href":"https:\/\/monde25.info\/index.php\/wp-json\/wp\/v2\/posts"}],"about":[{"href":"https:\/\/monde25.info\/index.php\/wp-json\/wp\/v2\/types\/post"}],"author":[{"embeddable":true,"href":"https:\/\/monde25.info\/index.php\/wp-json\/wp\/v2\/users\/1"}],"replies":[{"embeddable":true,"href":"https:\/\/monde25.info\/index.php\/wp-json\/wp\/v2\/comments?post=22047"}],"version-history":[{"count":0,"href":"https:\/\/monde25.info\/index.php\/wp-json\/wp\/v2\/posts\/22047\/revisions"}],"wp:attachment":[{"href":"https:\/\/monde25.info\/index.php\/wp-json\/wp\/v2\/media?parent=22047"}],"wp:term":[{"taxonomy":"category","embeddable":true,"href":"https:\/\/monde25.info\/index.php\/wp-json\/wp\/v2\/categories?post=22047"},{"taxonomy":"post_tag","embeddable":true,"href":"https:\/\/monde25.info\/index.php\/wp-json\/wp\/v2\/tags?post=22047"}],"curies":[{"name":"wp","href":"https:\/\/api.w.org\/{rel}","templated":true}]}}