{"id":2205,"date":"2024-12-14T22:56:15","date_gmt":"2024-12-14T21:56:15","guid":{"rendered":"https:\/\/monde25.info\/index.php\/2024\/12\/14\/nouvelle-percee-des-chars-israeliens-en-syrie-que-tel-aviv-qualifie-dhistorique\/"},"modified":"2024-12-14T22:56:15","modified_gmt":"2024-12-14T21:56:15","slug":"nouvelle-percee-des-chars-israeliens-en-syrie-que-tel-aviv-qualifie-dhistorique","status":"publish","type":"post","link":"https:\/\/monde25.info\/index.php\/2024\/12\/14\/nouvelle-percee-des-chars-israeliens-en-syrie-que-tel-aviv-qualifie-dhistorique\/","title":{"rendered":"Nouvelle perc\u00e9e des chars isra\u00e9liens en Syrie que Tel-Aviv qualifie d\u2019\u00abhistorique\u00bb"},"content":{"rendered":"<p> <br \/>\n<\/p>\n<div>\n<ol class=\"campaign-loop campaign-list\">\n<li id=\"campaign-433393\" class=\"post-433393 campaign type-campaign status-publish hentry campaign-has-goal campaign-has-not-achieved-goal campaign-has-end-date campaign-has-not-ended\">\n\t<a target=\"_blank\" href=\"https:\/\/reseauinternational.net\/campaigns\/campagne-de-dons-decembre-2024\/\"><\/p>\n<h3>Campagne de dons D\u00e9cembre 2024<\/h3>\n<p>\t\t\t<\/a><\/p>\n<p>\n\tChers amis lecteurs, R\u00e9seau International a de nouveau besoin de vous. Gr\u00e2ce \u00e0 vous, nous avons pu nous doter d\u2019un serveur plus s\u00e9curis\u00e9, avec des capacit\u00e9s bien plus aptes \u00e0 g\u00e9rer la tr\u00e8s grosse taille des donn\u00e9es du site et son important trafic. C\u2019est gr\u00e2ce \u00e0 vos dons que nous pouvons garder notre ind\u00e9pendance et\u00a0 vous fournir le meilleur de l\u2019information internationale alternative. Votre soutien nous est indispensable; nous comptons sur vous.<\/p>\n<p>\n<span class=\"amount\">3 920,00\u00a0\u20ac<\/span> de l\u2019objectif de <span class=\"goal-amount\">25 000,00\u00a0\u20ac<\/span> atteint<\/p>\n<\/li>\n<\/ol>\n<p>par <strong>The Cradle<\/strong><\/p>\n<p><strong>Isra\u00ebl a profit\u00e9 de la chute du gouvernement du pr\u00e9sident Bachar al-Assad pour occuper le territoire syrien et d\u00e9truire son infrastructure militaire.<\/strong><\/p>\n<p>Des chars isra\u00e9liens ont p\u00e9n\u00e9tr\u00e9 profond\u00e9ment dans la province de Quneitra pendant la nuit et sont entr\u00e9s \u00e0 Khan Arnabeh, l\u2019une des plus grandes villes du gouvernorat, ont rapport\u00e9 des sources locales \u00e0 <em>Al-Mayadeen<\/em> le 13 d\u00e9cembre.<\/p>\n<p>Les sources ont ajout\u00e9 que les chars isra\u00e9liens sont entr\u00e9s dans une ancienne base militaire abandonn\u00e9e \u00e0 Khan Arnabeh, avant de se replier.<\/p>\n<p>Les forces isra\u00e9liennes ont \u00e9galement conseill\u00e9 aux habitants des villages de la campagne occidentale de Daraa de rester chez eux, a d\u00e9clar\u00e9 le correspondant d\u2019<em>Al-Mayadeen<\/em>, Reda al-Basha.<\/p>\n<p>Isra\u00ebl occupe des terres additionnelles dans le sud de la Syrie et sur le plateau du Golan depuis qu\u2019Assad a \u00e9t\u00e9 d\u00e9pos\u00e9 dimanche par les militants extr\u00e9mistes de Hayat Tahrir al-Cham (HTS).<\/p>\n<p>Le groupe, dirig\u00e9 par l\u2019ancien commandant de l\u2019\u00c9tat islamique (\u00c9tat islamique), Abu Mohammad al-Joulani, qui a r\u00e9cemment commenc\u00e9 \u00e0 se faire appeler par son vrai nom Ahmad al-Sharaa, a re\u00e7u un fort soutien \u00e9tranger des \u00c9tats-Unis, de la Turquie et d\u2019Isra\u00ebl dans sa campagne d\u2019\u00e9clairage pour prendre les grandes villes de la Syrie, y compris Damas.<\/p>\n<p>L\u2019incursion de la nuit derni\u00e8re a eu lieu alors que le ministre isra\u00e9lien de la D\u00e9fense, Isra\u00ebl Katz, a ordonn\u00e9 \u00e0 l\u2019arm\u00e9e de \u00ab<em>se pr\u00e9parer \u00e0 rester<\/em>\u00bb tout l\u2019hiver dans la zone tampon contr\u00f4l\u00e9e par l\u2019ONU sur les hauteurs du Golan.<\/p>\n<p>\u00ab<em>En raison de la situation en Syrie, il est d\u2019une importance cruciale pour la s\u00e9curit\u00e9 de maintenir notre pr\u00e9sence au sommet du mont Hermon, et tout doit \u00eatre fait pour assurer la pr\u00e9paration (de l\u2019arm\u00e9e) sur place afin de permettre aux combattants de rester sur place malgr\u00e9 les conditions m\u00e9t\u00e9orologiques difficiles<\/em>\u00bb, a d\u00e9clar\u00e9 vendredi le porte-parole de Katz dans un communiqu\u00e9.<\/p>\n<p>Katz a qualifi\u00e9 le retour au contr\u00f4le isra\u00e9lien des sommets du mont Hermon en Syrie de \u00ab<em>moment historique \u00e9mouvant<\/em>\u00bb.<\/p>\n<p>\u00ab<em>Netanyahou et moi avons visit\u00e9 le plateau du Golan et vu les sommets du mont Hermon en Syrie, qui sont revenus sous notre contr\u00f4le au bout de 51 ans<\/em>\u00bb, a-t-il ajout\u00e9.<\/p>\n<p>Katz a fait ces commentaires alors que des images ont \u00e9t\u00e9 diffus\u00e9es montrant des colons juifs isra\u00e9liens pratiquant des rituels talmudiques dans des zones contr\u00f4l\u00e9es par l\u2019arm\u00e9e isra\u00e9lienne \u00e0 l\u2019int\u00e9rieur de la Syrie. Le mouvement des colons isra\u00e9liens appelle l\u2019arm\u00e9e \u00e0 \u00ab<em>conqu\u00e9rir et d\u00e9truire<\/em>\u00bb autant de territoires que possible en Syrie et au Liban, afin d\u2019ouvrir la voie \u00e0 la colonisation juive.<\/p>\n<figure class=\"wp-block-embed is-type-rich is-provider-twitter wp-block-embed-twitter\"\/>\n<p>Isra\u00ebl a \u00e9galement men\u00e9 des raids a\u00e9riens aux premi\u00e8res heures de la matin\u00e9e sur la capitale, Damas.<\/p>\n<p>Le correspondant d\u2019<em>Al-Mayadeen<\/em> a d\u00e9clar\u00e9 que les raids isra\u00e9liens \u00ab<em>ont cibl\u00e9 le mont Qasioun dans la capitale syrienne, Damas, o\u00f9 se trouvent les sites de la Garde r\u00e9publicaine de l\u2019ancien r\u00e9gime<\/em>\u00bb.<\/p>\n<p>Ces bombardements interviennent sur fond de destruction syst\u00e9matique par Isra\u00ebl de toutes les armes et infrastructures militaires syriennes.<\/p>\n<p>Le 10 d\u00e9cembre, l\u2019arm\u00e9e de l\u2019air isra\u00e9lienne a profit\u00e9 de l\u2019effondrement de l\u2019arm\u00e9e syrienne pour <a target=\"_blank\" href=\"https:\/\/x.com\/AvichayAdraee\/status\/1866550070872773074\">mener<\/a> plus de 350 frappes a\u00e9riennes en 48 heures en Syrie.<\/p>\n<p>Les frappes massives n\u2019ont \u00e9pargn\u00e9 \u00ab<em>aucun des \u00e9quipements de l\u2019arm\u00e9e syrienne<\/em>\u00bb, <a target=\"_blank\" href=\"https:\/\/ssofidelis.substack.com\/p\/%E2%80%9Dhttps:\/www.timesofisrael.com\/israel-pounds-syrian-military-sites-regional-sources-claim-nothing-left-of-army-assets\/\">ont d\u00e9clar\u00e9 \u00e0<\/a> <em>Reuters<\/em> des sources de s\u00e9curit\u00e9 r\u00e9gionales et des officiers de l\u2019arm\u00e9e syrienne aujourd\u2019hui dissoute <em>.<\/em><\/p>\n<p>Les cibles isra\u00e9liennes en Syrie comprenaient des bases militaires, des avions de combat, des d\u00e9p\u00f4ts de missiles, des infrastructures de fabrication, des drones, des chars, des radars, des navires de la marine, et plus encore, a d\u00e9clar\u00e9 l\u2019arm\u00e9e.<\/p>\n<p>source\u00a0: <a target=\"_blank\" href=\"https:\/\/thecradle.co\/articles\/israeli-tanks-push-deeper-into-south-syria-as-tel-aviv-hails-historical-moment\">The Cradle<\/a> via <a target=\"_blank\" href=\"https:\/\/ssofidelis.substack.com\/p\/nouvelle-percee-des-chars-israeliens\">Spirit of Free Speech<\/a><\/p>\n<div class=\"sharedaddy sd-block sd-like jetpack-likes-widget-wrapper jetpack-likes-widget-unloaded\" id=\"like-post-wrapper-237719536-435113-675de84fe29ba\" data-src=\"https:\/\/widgets.wp.com\/likes\/?ver=14.1#blog_id=237719536&amp;post_id=435113&amp;origin=reseauinternational.net&amp;obj_id=237719536-435113-675de84fe29ba&amp;n=1\" data-name=\"like-post-frame-237719536-435113-675de84fe29ba\" data-title=\"Aimer ou rebloguer\">\n<h3 class=\"sd-title\">J\u2019aime \u00e7a\u00a0:<\/h3>\n<p><span class=\"button\"><span>J\u2019aime<\/span><\/span> <span class=\"loading\">chargement\u2026<\/span><\/p>\n<p><span class=\"sd-text-color\"\/><a target=\"_blank\" class=\"sd-link-color\"\/><\/div>\n<p><meta itemscope=\"\" itemprop=\"mainEntityOfPage\" itemtype=\"https:\/\/schema.org\/WebPage\" itemid=\"https:\/\/reseauinternational.net\/nouvelle-percee-des-chars-israeliens-en-syrie-que-tel-aviv-qualifie-dhistorique\/\"\/><meta itemprop=\"headline\" content=\"Nouvelle perc\u00e9e des chars isra\u00e9liens en Syrie que Tel-Aviv qualifie d\u2019\u00abhistorique\u00bb\"\/><span style=\"display: none;\" itemprop=\"author\" itemscope=\"\" itemtype=\"https:\/\/schema.org\/Person\"><meta itemprop=\"name\" content=\"R\u00e9seau International\"\/><\/span><span style=\"display: none;\" itemprop=\"image\" itemscope=\"\" itemtype=\"https:\/\/schema.org\/ImageObject\"><meta itemprop=\"url\" content=\"https:\/\/i0.wp.com\/reseauinternational.net\/wp-content\/uploads\/2024\/12\/Sans-titre-11-10.png?fit=800%2C467&amp;quality=100&amp;ssl=1\"\/><meta itemprop=\"width\" content=\"800\"\/><meta itemprop=\"height\" content=\"467\"\/><\/span><span style=\"display: none;\" itemprop=\"publisher\" itemscope=\"\" itemtype=\"https:\/\/schema.org\/Organization\"><span style=\"display: none;\" itemprop=\"logo\" itemscope=\"\" itemtype=\"https:\/\/schema.org\/ImageObject\"><meta itemprop=\"url\" content=\"https:\/\/reseauinternational.net\/wp-content\/uploads\/2022\/06\/Capture-de\u0301cran-2022-06-14-a\u0300-16.51.07.png\"\/><\/span><meta itemprop=\"name\" content=\"R\u00e9seau International\"\/><\/span><meta itemprop=\"datePublished\" content=\"2024-12-14T06:35:59+00:00\"\/><meta itemprop=\"dateModified\" content=\"2024-12-14T11:28:04+00:00\"\/><\/div>\n<p><br \/>\n<br \/><a href=\"https:\/\/reseauinternational.net\/nouvelle-percee-des-chars-israeliens-en-syrie-que-tel-aviv-qualifie-dhistorique\/\" target=\"_blank\"\">Source link <\/a><\/p>\n","protected":false},"excerpt":{"rendered":"<p>Campagne de dons D\u00e9cembre 2024 Chers amis lecteurs, R\u00e9seau International a de nouveau besoin de vous. Gr\u00e2ce \u00e0 vous, nous avons pu nous doter d\u2019un serveur plus s\u00e9curis\u00e9, avec des&hellip; <\/p>\n","protected":false},"author":1,"featured_media":2206,"comment_status":"open","ping_status":"open","sticky":false,"template":"","format":"standard","meta":{"footnotes":""},"categories":[1],"tags":[],"class_list":["post-2205","post","type-post","status-publish","format-standard","has-post-thumbnail","hentry","category-non-classe"],"_links":{"self":[{"href":"https:\/\/monde25.info\/index.php\/wp-json\/wp\/v2\/posts\/2205","targetHints":{"allow":["GET"]}}],"collection":[{"href":"https:\/\/monde25.info\/index.php\/wp-json\/wp\/v2\/posts"}],"about":[{"href":"https:\/\/monde25.info\/index.php\/wp-json\/wp\/v2\/types\/post"}],"author":[{"embeddable":true,"href":"https:\/\/monde25.info\/index.php\/wp-json\/wp\/v2\/users\/1"}],"replies":[{"embeddable":true,"href":"https:\/\/monde25.info\/index.php\/wp-json\/wp\/v2\/comments?post=2205"}],"version-history":[{"count":0,"href":"https:\/\/monde25.info\/index.php\/wp-json\/wp\/v2\/posts\/2205\/revisions"}],"wp:featuredmedia":[{"embeddable":true,"href":"https:\/\/monde25.info\/index.php\/wp-json\/wp\/v2\/media\/2206"}],"wp:attachment":[{"href":"https:\/\/monde25.info\/index.php\/wp-json\/wp\/v2\/media?parent=2205"}],"wp:term":[{"taxonomy":"category","embeddable":true,"href":"https:\/\/monde25.info\/index.php\/wp-json\/wp\/v2\/categories?post=2205"},{"taxonomy":"post_tag","embeddable":true,"href":"https:\/\/monde25.info\/index.php\/wp-json\/wp\/v2\/tags?post=2205"}],"curies":[{"name":"wp","href":"https:\/\/api.w.org\/{rel}","templated":true}]}}