{"id":22063,"date":"2026-01-07T23:18:36","date_gmt":"2026-01-07T22:18:36","guid":{"rendered":"https:\/\/monde25.info\/index.php\/2026\/01\/07\/pesticides-interdits-pourra-t-on-encore-importer-des-fruits-et-legumes-contamines-en-france\/"},"modified":"2026-01-07T23:18:36","modified_gmt":"2026-01-07T22:18:36","slug":"pesticides-interdits-pourra-t-on-encore-importer-des-fruits-et-legumes-contamines-en-france","status":"publish","type":"post","link":"https:\/\/monde25.info\/index.php\/2026\/01\/07\/pesticides-interdits-pourra-t-on-encore-importer-des-fruits-et-legumes-contamines-en-france\/","title":{"rendered":"Pesticides interdits\u00a0: pourra-t-on encore importer des fruits et l\u00e9gumes contamin\u00e9s en France\u00a0?"},"content":{"rendered":"<p> <br \/>\n<br \/><img loading=\"lazy\" decoding=\"async\" src=\"https:\/\/reporterre.net\/local\/cache-vignettes\/L700xH467\/afp__20260105__aa_05012026_2588335__v1__highres__frenchcabinetmeetinginparis_resized-b07c4.jpg?1767799970\" class=\"spip_logo\" width=\"700\" height=\"467\" alt=\"\" \/><\/p>\n<p>Le Premier ministre a annonc\u00e9 vouloir suspendre l&rsquo;importation des fruits et l\u00e9gumes contamin\u00e9s aux pesticides interdits en Europe. Une promesse aux contours flous portant sur une poign\u00e9e de produits phytosanitaires. <br class=\"autobr\" \/> S\u00e9bastien Lecornu l&rsquo;avait promis dimanche 4\u00a0janvier dans une lettre ouverte au monde agricole\u00a0: le gouvernement a sign\u00e9 mercredi 7\u00a0janvier un arr\u00eat\u00e9 pour suspendre l&rsquo;importation des fruits et l\u00e9gumes qui contiennent cinq\u00a0pesticides interdits en Europe. <br class=\"autobr\" \/><br \/>\nSont concern\u00e9s les\u00a0(\u2026)<\/p>\n<p>                    <a target=\"_blank\" href=\"https:\/\/reporterre.net\/Importations-des-fruits-et-legumes-contamines-aux-pesticides-vont-ils-vraiment-etre?utm_source=RSS&amp;utm_medium=RSS\">Lire la suite<\/a><\/p>\n<p>                    &#8211;<br \/>\n                        <a target=\"_blank\" href=\"https:\/\/reporterre.net\/Autres-infos\" rel=\"directory\">Info<\/a><\/p>\n<p>                    \/<br \/>\n                        <a target=\"_blank\" href=\"https:\/\/reporterre.net\/Agriculture\" rel=\"tag\">Agriculture<\/a><br \/>\n                    ,<br \/>\n                        <a target=\"_blank\" href=\"https:\/\/reporterre.net\/Politique\" rel=\"tag\">Politique<\/a><br \/>\n<br \/><br \/>\n<br \/><a href=\"https:\/\/reporterre.net\/Importations-des-fruits-et-legumes-contamines-aux-pesticides-vont-ils-vraiment-etre\" target=\"_blank\"\">Source link <\/a><\/p>\n","protected":false},"excerpt":{"rendered":"<p>Le Premier ministre a annonc\u00e9 vouloir suspendre l&rsquo;importation des fruits et l\u00e9gumes contamin\u00e9s aux pesticides interdits en Europe. Une promesse aux contours flous portant sur une poign\u00e9e de produits phytosanitaires.&hellip; <\/p>\n","protected":false},"author":1,"featured_media":0,"comment_status":"open","ping_status":"open","sticky":false,"template":"","format":"standard","meta":{"footnotes":""},"categories":[1],"tags":[],"class_list":["post-22063","post","type-post","status-publish","format-standard","hentry","category-non-classe"],"_links":{"self":[{"href":"https:\/\/monde25.info\/index.php\/wp-json\/wp\/v2\/posts\/22063","targetHints":{"allow":["GET"]}}],"collection":[{"href":"https:\/\/monde25.info\/index.php\/wp-json\/wp\/v2\/posts"}],"about":[{"href":"https:\/\/monde25.info\/index.php\/wp-json\/wp\/v2\/types\/post"}],"author":[{"embeddable":true,"href":"https:\/\/monde25.info\/index.php\/wp-json\/wp\/v2\/users\/1"}],"replies":[{"embeddable":true,"href":"https:\/\/monde25.info\/index.php\/wp-json\/wp\/v2\/comments?post=22063"}],"version-history":[{"count":0,"href":"https:\/\/monde25.info\/index.php\/wp-json\/wp\/v2\/posts\/22063\/revisions"}],"wp:attachment":[{"href":"https:\/\/monde25.info\/index.php\/wp-json\/wp\/v2\/media?parent=22063"}],"wp:term":[{"taxonomy":"category","embeddable":true,"href":"https:\/\/monde25.info\/index.php\/wp-json\/wp\/v2\/categories?post=22063"},{"taxonomy":"post_tag","embeddable":true,"href":"https:\/\/monde25.info\/index.php\/wp-json\/wp\/v2\/tags?post=22063"}],"curies":[{"name":"wp","href":"https:\/\/api.w.org\/{rel}","templated":true}]}}