{"id":2207,"date":"2024-12-14T23:29:40","date_gmt":"2024-12-14T22:29:40","guid":{"rendered":"https:\/\/monde25.info\/index.php\/2024\/12\/14\/les-frappes-israeliennes-se-poursuivent-a-gaza-et-au-liban-lassemblee-generale-de-lonu-adopte-une-resolution-exigeant-un-cessez-le-feu-nouvel-espoir-dun\/"},"modified":"2024-12-14T23:29:40","modified_gmt":"2024-12-14T22:29:40","slug":"les-frappes-israeliennes-se-poursuivent-a-gaza-et-au-liban-lassemblee-generale-de-lonu-adopte-une-resolution-exigeant-un-cessez-le-feu-nouvel-espoir-dun","status":"publish","type":"post","link":"https:\/\/monde25.info\/index.php\/2024\/12\/14\/les-frappes-israeliennes-se-poursuivent-a-gaza-et-au-liban-lassemblee-generale-de-lonu-adopte-une-resolution-exigeant-un-cessez-le-feu-nouvel-espoir-dun\/","title":{"rendered":"Les frappes isra\u00e9liennes se poursuivent \u00e0 Gaza et au Liban, l\u2019Assembl\u00e9e g\u00e9n\u00e9rale de l\u2019ONU adopte une r\u00e9solution exigeant un \u201ccessez-le-feu\u201d, nouvel espoir d\u2019un accord de tr\u00eave"},"content":{"rendered":"<p> <br \/>\n<\/p>\n<div>\n<p><span data-contrast=\"auto\">Aussi bien \u00e0 Gaza qu\u2019au Liban o\u00f9 un cessez-le-feu est toujours en vigueur depuis une dizaine de jours, les bombardements isra\u00e9liens se sont poursuivis cette semaine, marqu\u00e9e essentiellement par le renversement du pr\u00e9sident syrien Bachar al-Assad par des rebelles. Des frappes meurtri\u00e8res ont fait des dizaines de morts mercredi dans plusieurs zones de l\u2019enclave palestinienne, quelques heures avant le vote, lors de l\u2019Assembl\u00e9e g\u00e9n\u00e9rale de l\u2019ONU, d\u2019une r\u00e9solution non contraignante exigeant \u00ab\u00a0un cessez-le-feu imm\u00e9diat, inconditionnel et permanent\u00a0\u00bb. Aux \u00c9tats-Unis, les deux administrations sortante et entrante s\u2019activent pour parvenir \u00e0 un cessez-le-feu \u00e0 Gaza avant l\u2019investiture de Donald Trump tandis que le ministre isra\u00e9lien de la D\u00e9fense, Isra\u00ebl Katz, affirme entrevoir \u201cune chance\u201d d&rsquo;accord pour la lib\u00e9ration des otages.<\/span><span data-ccp-props=\"{&quot;134233117&quot;:false,&quot;134233118&quot;:false,&quot;201341983&quot;:0,&quot;335559738&quot;:270,&quot;335559739&quot;:270,&quot;335559740&quot;:324}\">\u00a0<\/span><\/p>\n<p><span data-contrast=\"auto\"><strong>Des dizaines de morts \u00e0 travers l\u2019enclave<\/strong><\/span><span data-ccp-props=\"{&quot;134233117&quot;:false,&quot;134233118&quot;:false,&quot;201341983&quot;:0,&quot;335559738&quot;:150,&quot;335559739&quot;:270,&quot;335559740&quot;:288}\"><strong>\u00a0<\/strong><\/span><\/p>\n<p><span data-contrast=\"auto\">Selon des responsables palestiniens de la sant\u00e9, plusieurs frappes isra\u00e9liennes ont cibl\u00e9 dans la nuit et dans la journ\u00e9e de mercredi une maison au nord de Gaza, o\u00f9 des personnes d\u00e9plac\u00e9es s\u2019\u00e9taient r\u00e9fugi\u00e9es. Les tirs ont provoqu\u00e9 la mort d\u2019au moins 33 personnes, dont des personnes. Un premier bombardement a cibl\u00e9 une maison mercredi \u00e0 Beit Lahia, tuant 22 personnes, selon l\u2019h\u00f4pital Kamal-Adwan, qui a aussi \u00e9t\u00e9 touch\u00e9 par les coups. Une famille de huit personnes figurait parmi les victimes : quatre enfants, leurs parents et deux grands-parents.<\/span><span data-ccp-props=\"{&quot;134233117&quot;:false,&quot;134233118&quot;:false,&quot;201341983&quot;:0,&quot;335559738&quot;:270,&quot;335559739&quot;:270,&quot;335559740&quot;:324}\">\u00a0<\/span><\/p>\n<p><span data-contrast=\"auto\">Tsahal maintient la m\u00eame version, \u00e0 savoir sa certitude d\u2019avoir cibl\u00e9 un militant du Hamas \u00e0 proximit\u00e9 de l\u2019h\u00f4pital, qualifiant d\u2019\u201cinexactes\u201d les informations sur le nombre de victimes de la frappe.\u00a0<\/span><\/p>\n<p><span data-contrast=\"auto\">L\u2019h\u00f4pital a aussi fait savoir qu\u2019une autre frappe pr\u00e8s de son entr\u00e9e mercredi avait tu\u00e9 une femme et ses deux enfants. Son directeur, le Dr Hussam Abu Safiya, a expliqu\u00e9 que des drones isra\u00e9liens ont aussi frapp\u00e9 des immeubles r\u00e9sidentiels voisins pendant la nuit, provoquant des explosions qui ont sem\u00e9 la panique parmi les plus de 120 patients malades et bless\u00e9s de l\u2019\u00e9tablissement.<\/span><span data-ccp-props=\"{&quot;134233117&quot;:false,&quot;134233118&quot;:false,&quot;201341983&quot;:0,&quot;335559738&quot;:270,&quot;335559739&quot;:270,&quot;335559740&quot;:324}\">\u00a0<\/span><\/p>\n<p><span data-contrast=\"auto\">Au centre de Gaza, dans le camp de r\u00e9fugi\u00e9s de Nuseirat, vieux de plusieurs d\u00e9cennies, une frappe a tu\u00e9 au moins sept personnes, selon l\u2019h\u00f4pital Al-Awda. Parmi les morts figuraient deux enfants, leurs parents et trois autres proches. Le m\u00eame jour, l\u2019\u00e9tablissement a ajout\u00e9 qu\u2019une autre attaque avait touch\u00e9 le m\u00eame camp de Nuseirat, tuant quatre personnes et en blessant 16 autres.<\/span><span data-ccp-props=\"{&quot;134233117&quot;:false,&quot;134233118&quot;:false,&quot;201341983&quot;:0,&quot;335559738&quot;:270,&quot;335559739&quot;:270,&quot;335559740&quot;:324}\">\u00a0<\/span><\/p>\n<p><span data-contrast=\"auto\">Le minist\u00e8re de la Sant\u00e9 du gouvernement du Hamas a ainsi publi\u00e9 mercredi un nouveau bilan de 44 805 morts dans le territoire palestinien depuis le d\u00e9but de la guerre avec Isra\u00ebl il y a plus d&rsquo;un an, soit au moins 220 morts en une semaine. 106 257 personnes avaient \u00e9t\u00e9 bless\u00e9es au total.<\/span><span data-ccp-props=\"{&quot;134233117&quot;:false,&quot;134233118&quot;:false,&quot;201341983&quot;:0,&quot;335559738&quot;:270,&quot;335559739&quot;:270,&quot;335559740&quot;:324}\">\u00a0<\/span><\/p>\n<p><span data-contrast=\"auto\">Hier, la D\u00e9fense civile de Gaza a annonc\u00e9 que 12 agents charg\u00e9s de s\u00e9curiser des camions d\u2019aide dans le territoire palestinien ont \u00e9t\u00e9 tu\u00e9s apr\u00e8s avoir \u00e9t\u00e9 cibl\u00e9s par des frappes. Sept de ces victimes sont mortes \u00e0 Rafah et cinq autres \u00e0 Khan Younes, les deux villes du sud de la bande de Gaza. \u00ab\u00a0Les camions transportant de la farine \u00e9taient en route pour des entrep\u00f4ts de l\u2019Unrwa\u00a0\u00bb, explique le porte-parole de la D\u00e9fense civile. \u00ab\u00a0L\u2019occupation vise \u00e0 d\u00e9truire tous les services destin\u00e9s aux citoyens de la bande de Gaza\u00a0\u00bb, a-t-il affirm\u00e9.<\/span><span data-ccp-props=\"{&quot;134233117&quot;:false,&quot;134233118&quot;:false,&quot;201341983&quot;:0,&quot;335559738&quot;:270,&quot;335559739&quot;:270,&quot;335559740&quot;:324}\"><strong>\u00a0<\/strong><\/span><\/p>\n<p><span data-contrast=\"auto\"><strong>Une r\u00e9solution exigeant un cessez-le-feu adopt\u00e9 \u00e0 l\u2019ONU<\/strong><\/span><span data-ccp-props=\"{&quot;134233117&quot;:false,&quot;134233118&quot;:false,&quot;201341983&quot;:0,&quot;335559738&quot;:150,&quot;335559739&quot;:270,&quot;335559740&quot;:288}\">\u00a0<\/span><\/p>\n<p><span data-contrast=\"auto\">L\u2019ONU a d\u2019ailleurs alert\u00e9 mercredi sur la situation humanitaire qui \u201creste catastrophique\u201d, particuli\u00e8rement \u201cdans certaines parties du nord de l&rsquo;enclave palestinienne, o\u00f9 les habitants n\u2019ont re\u00e7u pratiquement aucune aide depuis plus de 66 jours\u201d. Selon le Bureau de coordination des affaires humanitaires de l\u2019ONU (OCHA), l\u2019aide aux zones assi\u00e9g\u00e9es du gouvernorat de Gaza Nord a \u00e9t\u00e9 largement bloqu\u00e9e au cours des deux derniers mois.<\/span><span data-ccp-props=\"{&quot;134233117&quot;:false,&quot;134233118&quot;:false,&quot;201341983&quot;:0,&quot;335559738&quot;:270,&quot;335559739&quot;:270,&quot;335559740&quot;:324}\">\u00a0<\/span><\/p>\n<p><span data-contrast=\"auto\">\u201cLes forces isra\u00e9liennes ont continu\u00e9 \u00e0 imposer un si\u00e8ge renforc\u00e9 sur Beit Lahiya, Beit Hanoun et certaines parties de Jabalya, laissant entre 65.000 et 75.000 personnes sans acc\u00e8s \u00e0 la nourriture, \u00e0 l\u2019eau, \u00e0 l\u2019\u00e9lectricit\u00e9 ou \u00e0 des soins de sant\u00e9 fiables, alors que des incidents faisant de nombreuses victimes continuent d\u2019\u00eatre signal\u00e9s\u201d, a d\u00e9taill\u00e9 l\u2019OCHA dans son dernier rapport.<\/span><span data-ccp-props=\"{&quot;134233117&quot;:false,&quot;134233118&quot;:false,&quot;201341983&quot;:0,&quot;335559738&quot;:270,&quot;335559739&quot;:270,&quot;335559740&quot;:324}\">\u00a0<\/span><\/p>\n<p><span data-contrast=\"auto\">Mercredi soir, l&rsquo;Assembl\u00e9e g\u00e9n\u00e9rale de l&rsquo;ONU a adopt\u00e9 une r\u00e9solution non contraignante par 158 voix pour, neuf contre et treize abstentions exigeant \u00ab\u00a0un cessez-le-feu imm\u00e9diat, inconditionnel et permanent\u00a0\u00bb. Un appel rejet\u00e9 par Isra\u00ebl et les \u00c9tats-Unis. \u00ab\u00a0Nous sommes reconnaissants de ce soutien \u00e9crasant\u00a0\u00bb, a r\u00e9agi l&rsquo;ambassadeur palestinien, Riyad Mansour. \u00ab\u00a0Nous continuerons \u00e0 frapper \u00e0 la porte du Conseil de s\u00e9curit\u00e9 et de l&rsquo;Assembl\u00e9e jusqu&rsquo;\u00e0 ce qu&rsquo;un cessez-le-feu soit mis en place\u00a0\u00bb, a-t-il ajout\u00e9.\u00a0<\/span><span data-ccp-props=\"{&quot;134233117&quot;:false,&quot;134233118&quot;:false,&quot;201341983&quot;:0,&quot;335559738&quot;:270,&quot;335559739&quot;:270,&quot;335559740&quot;:324}\">\u00a0<\/span><\/p>\n<p><span data-contrast=\"auto\">Les \u00c9tats-Unis justifient leur \u201cnon\u201d, comme son v\u00e9to contre un texte semblable au Conseil de s\u00e9curit\u00e9 de l\u2019ONU, par la n\u00e9cessit\u00e9 de conditionner la tr\u00eave \u00e0 la lib\u00e9ration des otages. La r\u00e9solution, qu&rsquo;il serait \u00ab\u00a0honteux\u00a0\u00bb d&rsquo;adopter, \u00ab\u00a0risque d&rsquo;envoyer au Hamas le message dangereux qu&rsquo;il n&rsquo;y a pas besoin de n\u00e9gocier ou de lib\u00e9rer les otages\u00a0\u00bb, a d\u00e9clar\u00e9 avant le vote l&rsquo;ambassadeur am\u00e9ricain adjoint, Robert Wood. Pourtant, la r\u00e9solution exige clairement \u00ab\u00a0la lib\u00e9ration imm\u00e9diate et inconditionnelle de tous les otages\u00a0\u00bb.<\/span><span data-ccp-props=\"{&quot;134233117&quot;:false,&quot;134233118&quot;:false,&quot;201341983&quot;:0,&quot;335559738&quot;:270,&quot;335559739&quot;:270,&quot;335559740&quot;:324}\">\u00a0<\/span><\/p>\n<p><span data-contrast=\"auto\">Le ministre isra\u00e9lien de la D\u00e9fense, Isra\u00ebl Katz, a tout de m\u00eame affirm\u00e9 entrevoir \u201cune chance\u201d d&rsquo;accord pour la lib\u00e9ration des otages. Une source proche du Hamas a d\u00e9clar\u00e9 \u00e0 l\u2019AFP que le mouvement avait \u201cinform\u00e9 le ministre \u00e9gyptien du Renseignement de ses efforts pour collecter des informations\u201d sur les otages isra\u00e9liens vivants. Le Hamas avait pr\u00e9par\u00e9 une liste des noms des otages vivants. \u201cSi Isra\u00ebl accepte la proposition \u00e9gyptienne, je pense que l\u2019accord d\u2019\u00e9change sera pr\u00eat \u00e0 \u00eatre mis en \u0153uvre\u201d, a -t-on ajout\u00e9.\u00a0<\/span><span data-ccp-props=\"{&quot;134233117&quot;:false,&quot;134233118&quot;:false,&quot;201341983&quot;:0,&quot;335559738&quot;:270,&quot;335559739&quot;:270,&quot;335559740&quot;:324}\">\u00a0<\/span><\/p>\n<p><span data-contrast=\"auto\">Le Hamas a aussi sign\u00e9 avec le Farah un accord qui pr\u00e9voit la mise en place d&rsquo;un comit\u00e9 d&rsquo;experts ind\u00e9pendants pour g\u00e9rer l\u2019enclave apr\u00e8s la guerre. Une premi\u00e8re \u00e9tape de la r\u00e9conciliation nationale entre les Palestiniens, estime-t-on.<\/span><span data-ccp-props=\"{&quot;134233117&quot;:false,&quot;134233118&quot;:false,&quot;201341983&quot;:0,&quot;335559738&quot;:270,&quot;335559739&quot;:270,&quot;335559740&quot;:324}\">\u00a0<\/span><\/p>\n<p><span data-contrast=\"auto\">Au Liban, o\u00f9 les attaques isra\u00e9liennes quasi quotidiennes se poursuivent malgr\u00e9 le cessez-le-feu, au moins cinq personnes sont mortes mercredi dans des frappes isra\u00e9liennes dans le sud, selon le minist\u00e8re de la Sant\u00e9 et l\u2019agence de presse d\u2019\u00c9tat libanaise.<\/span><span data-ccp-props=\"{&quot;134233117&quot;:false,&quot;134233118&quot;:false,&quot;201341983&quot;:0,&quot;335559738&quot;:270,&quot;335559739&quot;:270,&quot;335559740&quot;:324}\">\u00a0<\/span><\/p>\n<p><span data-contrast=\"auto\">Ailleurs dans le sud du Liban, les forces isra\u00e9liennes se sont retir\u00e9es d\u2019une ville strat\u00e9gique et l\u2019ont rendue \u00e0 l\u2019arm\u00e9e libanaise en coordination avec les forces de maintien de la paix de l\u2019ONU, ont d\u00e9clar\u00e9 les deux arm\u00e9es. Il semble qu\u2019il s\u2019agisse du premier retrait isra\u00e9lien d\u2019une ville frontali\u00e8re libanaise captur\u00e9e lors de l\u2019invasion terrestre.<\/span><\/p>\n<\/div>\n<p><script>(function(d, s, id) {  var js, fjs = d.getElementsByTagName(s)[0];  if (d.getElementById(id)) return;  js = d.createElement(s); js.id = id;  js.src = \"\/\/connect.facebook.net\/fr_FR\/sdk.js#xfbml=1&version=v2.3\";  fjs.parentNode.insertBefore(js, fjs);}(document, \"script\", \"facebook-jssdk\"));<\/script><br \/>\n<br \/><br \/>\n<br \/><a href=\"https:\/\/www.francesoir.fr\/politique-monde\/les-frappes-israeliennes-se-poursuivent-gaza-et-au-liban-l-assemblee-generale-de-l\" target=\"_blank\"\">Source link <\/a><\/p>\n","protected":false},"excerpt":{"rendered":"<p>Aussi bien \u00e0 Gaza qu\u2019au Liban o\u00f9 un cessez-le-feu est toujours en vigueur depuis une dizaine de jours, les bombardements isra\u00e9liens se sont poursuivis cette semaine, marqu\u00e9e essentiellement par le&hellip; <\/p>\n","protected":false},"author":1,"featured_media":2208,"comment_status":"open","ping_status":"open","sticky":false,"template":"","format":"standard","meta":{"footnotes":""},"categories":[1],"tags":[],"class_list":["post-2207","post","type-post","status-publish","format-standard","has-post-thumbnail","hentry","category-non-classe"],"_links":{"self":[{"href":"https:\/\/monde25.info\/index.php\/wp-json\/wp\/v2\/posts\/2207","targetHints":{"allow":["GET"]}}],"collection":[{"href":"https:\/\/monde25.info\/index.php\/wp-json\/wp\/v2\/posts"}],"about":[{"href":"https:\/\/monde25.info\/index.php\/wp-json\/wp\/v2\/types\/post"}],"author":[{"embeddable":true,"href":"https:\/\/monde25.info\/index.php\/wp-json\/wp\/v2\/users\/1"}],"replies":[{"embeddable":true,"href":"https:\/\/monde25.info\/index.php\/wp-json\/wp\/v2\/comments?post=2207"}],"version-history":[{"count":0,"href":"https:\/\/monde25.info\/index.php\/wp-json\/wp\/v2\/posts\/2207\/revisions"}],"wp:featuredmedia":[{"embeddable":true,"href":"https:\/\/monde25.info\/index.php\/wp-json\/wp\/v2\/media\/2208"}],"wp:attachment":[{"href":"https:\/\/monde25.info\/index.php\/wp-json\/wp\/v2\/media?parent=2207"}],"wp:term":[{"taxonomy":"category","embeddable":true,"href":"https:\/\/monde25.info\/index.php\/wp-json\/wp\/v2\/categories?post=2207"},{"taxonomy":"post_tag","embeddable":true,"href":"https:\/\/monde25.info\/index.php\/wp-json\/wp\/v2\/tags?post=2207"}],"curies":[{"name":"wp","href":"https:\/\/api.w.org\/{rel}","templated":true}]}}