{"id":22071,"date":"2026-01-08T03:42:41","date_gmt":"2026-01-08T02:42:41","guid":{"rendered":"https:\/\/monde25.info\/index.php\/2026\/01\/08\/la-mythologie-securitaire-par-laurent-bonelli-le-monde-diplomatique-janvier-2026\/"},"modified":"2026-01-08T03:42:41","modified_gmt":"2026-01-08T02:42:41","slug":"la-mythologie-securitaire-par-laurent-bonelli-le-monde-diplomatique-janvier-2026","status":"publish","type":"post","link":"https:\/\/monde25.info\/index.php\/2026\/01\/08\/la-mythologie-securitaire-par-laurent-bonelli-le-monde-diplomatique-janvier-2026\/","title":{"rendered":"La mythologie s\u00e9curitaire, par Laurent Bonelli (Le Monde diplomatique, janvier 2026)"},"content":{"rendered":"<p> <br \/>\n<\/p>\n<div couleurfade=\"e6e6e7\" couleurclaire=\"e4e5e6\" couleurpale=\"c1c8d6\" couleurmi=\"61646a\" couleurfoncee=\"3f4859\" couleursombre=\"18191a\" couleurfond=\"4c4d4f\" couleurtexte=\"ffffff\">\n<div class=\"enapercu\">\n<figure class=\"spip_document_41486 spip_documents spip_documents_center xl\" style=\"width:890px;\">\n<div class=\"limage\">\n<p>\t\t\t<img loading=\"lazy\" decoding=\"async\" src=\"https:\/\/www.monde-diplomatique.fr\/\/local\/cache-vignettes\/L890xH668\/img017-65-126c4.jpg?1766744712\" width=\"890\" height=\"668\" class=\"spip_logos\" alt=\"JPEG - 87.1\u00a0kio\"\/><\/p><\/div><figcaption>\n<p>Michael Zelehoski. \u2014 \u00ab<small class=\"fine\">\u00a0<\/small>Flight of the Valkyries<small class=\"fine\">\u00a0<\/small>\u00bb (Vol des Valkyries), 2019 <\/p>\n<\/figcaption><\/figure>\n<p><span class=\"mot-lettrine\"><span class=\"lettrine\">L\u2019<\/span>esprit<\/span> du temps est incontestablement s\u00e9curitaire. Au soir de sa victoire \u00e0 l\u2019\u00e9lection pr\u00e9sidentielle, M.\u00a0Jos\u00e9 Antonio Kast proclamait\u00a0: <i>\u00ab<small class=\"fine\">\u00a0<\/small>Sans s\u00e9curit\u00e9, il n\u2019y a pas de paix. Sans paix, il n\u2019y a pas de d\u00e9mocratie, et sans d\u00e9mocratie, il n\u2019y a pas de libert\u00e9. Et le Chili redeviendra libre du crime, de l\u2019angoisse et de la peur<small class=\"fine\">\u00a0<\/small>\u00bb<\/i> (<i>The Star,<\/i> 14\u00a0d\u00e9cembre\u00a02025). Ces propos font \u00e9cho \u00e0 la campagne muscl\u00e9e men\u00e9e par M.\u00a0Nayib Bukele contre les gangs au Salvador, aux ex\u00e9cutions extrajudiciaires de narcotrafiquants pr\u00e9sum\u00e9s par l\u2019administration de M.\u00a0Donald Trump au large du Venezuela, au durcissement p\u00e9nal impuls\u00e9 par Mme\u00a0Giorgia Meloni en Italie et par M.\u00a0Ulf Kristersson en Su\u00e8de, ou aux d\u00e9clarations alarmistes de MM.\u00a0G\u00e9rald Darmanin et Bruno Retailleau en France.<\/p>\n<p>Longtemps l\u2019apanage de partis conservateurs, ces postures de fermet\u00e9 se radicalisent et s\u2019\u00e9tendent \u00e0 une large part du spectre politique. Les m\u00e9dias les relaient et les amplifient, car la criminalit\u00e9 et l\u2019immigration confortent les audiences. Toute critique est pr\u00e9sent\u00e9e comme \u00ab<small class=\"fine\">\u00a0<\/small>irresponsable<small class=\"fine\">\u00a0<\/small>\u00bb. Pourtant, les enqu\u00eates de victimation sugg\u00e8rent une stabilit\u00e9, voire une baisse, de nombreuses formes de d\u00e9linquance, \u00e0 quelques exceptions pr\u00e8s, tr\u00e8s localis\u00e9es. Des conclusions qui infirment l\u2019id\u00e9e d\u2019un <i>\u00ab<small class=\"fine\">\u00a0<\/small>processus de d\u00e9civilisation<small class=\"fine\">\u00a0<\/small>\u00bb,<\/i> \u00e9voqu\u00e9e par M.\u00a0Emmanuel Macron en conseil des ministres le 24\u00a0mai\u00a02023. Mais qu\u2019importe. Cette rh\u00e9torique efface plusieurs si\u00e8cles de philosophie lib\u00e9rale de l\u2019\u00c9tat insistant sur l\u2019\u00e9quilibre n\u00e9cessaire entre la libert\u00e9 et la s\u00e9curit\u00e9, au profit d\u2019un slogan, sans doute forg\u00e9 par un cabinet de conseil en communication politique\u00a0: \u00ab<small class=\"fine\">\u00a0<\/small>La s\u00e9curit\u00e9 est la premi\u00e8re des libert\u00e9s<small class=\"fine\">\u00a0<\/small>\u00bb.<\/p>\n<p>Dans le processus graduel de construction des \u00c9tats modernes, du <span class=\"siecle\">XVI<sup class=\"typo_exposants\">e<\/sup><\/span> au <span class=\"siecle\">XIX<sup class=\"typo_exposants\">e<\/sup><\/span>\u00a0si\u00e8cle, le concept de s\u00e9curit\u00e9 acquiert trois dimensions indissociables et compl\u00e9mentaires\u00a0: militaire, polici\u00e8re et juridique. Dans la premi\u00e8re, il s\u2019agit de faire face aux menaces\u00a0(\u2026)<\/p>\n<\/p><\/div>\n<p>Taille de l\u2019article complet\u00a0:\u00a0<span>1\u00a0976<\/span>\u00a0mots.<\/p>\n<div class=\"promo_dispo_article\">\n<h2 class=\"avantbloc\">\n\tCet article est r\u00e9serv\u00e9 aux\u00a0abonn\u00e9s<\/p>\n<\/h2>\n<div class=\"abo_inst\">\n\t<strong>Lyc\u00e9es, biblioth\u00e8ques, administrations, entreprises,<\/strong><br \/>\n\tacc\u00e9dez \u00e0 la base de donn\u00e9es en ligne de tous les articles du <i>Monde diplomatique<\/i> de 1954 \u00e0 nos\u00a0jours.<br \/>\n\t<a target=\"_blank\" id=\"pw-institutions\" class=\"suivi\" href=\"https:\/\/www.monde-diplomatique.fr\/archives\/institutions\">Retrouvez cette\u00a0offre sp\u00e9cifique<\/a>.\n<\/div>\n<\/div><\/div>\n<p><br \/>\n<br \/><a href=\"https:\/\/www.monde-diplomatique.fr\/2026\/01\/BONELLI\/69177\" target=\"_blank\"\">Source link <\/a><\/p>\n","protected":false},"excerpt":{"rendered":"<p>Michael Zelehoski. \u2014 \u00ab\u00a0Flight of the Valkyries\u00a0\u00bb (Vol des Valkyries), 2019 L\u2019esprit du temps est incontestablement s\u00e9curitaire. Au soir de sa victoire \u00e0 l\u2019\u00e9lection pr\u00e9sidentielle, M.\u00a0Jos\u00e9 Antonio Kast proclamait\u00a0: \u00ab\u00a0Sans&hellip; <\/p>\n","protected":false},"author":1,"featured_media":22072,"comment_status":"open","ping_status":"open","sticky":false,"template":"","format":"standard","meta":{"footnotes":""},"categories":[1],"tags":[],"class_list":["post-22071","post","type-post","status-publish","format-standard","has-post-thumbnail","hentry","category-non-classe"],"_links":{"self":[{"href":"https:\/\/monde25.info\/index.php\/wp-json\/wp\/v2\/posts\/22071","targetHints":{"allow":["GET"]}}],"collection":[{"href":"https:\/\/monde25.info\/index.php\/wp-json\/wp\/v2\/posts"}],"about":[{"href":"https:\/\/monde25.info\/index.php\/wp-json\/wp\/v2\/types\/post"}],"author":[{"embeddable":true,"href":"https:\/\/monde25.info\/index.php\/wp-json\/wp\/v2\/users\/1"}],"replies":[{"embeddable":true,"href":"https:\/\/monde25.info\/index.php\/wp-json\/wp\/v2\/comments?post=22071"}],"version-history":[{"count":0,"href":"https:\/\/monde25.info\/index.php\/wp-json\/wp\/v2\/posts\/22071\/revisions"}],"wp:featuredmedia":[{"embeddable":true,"href":"https:\/\/monde25.info\/index.php\/wp-json\/wp\/v2\/media\/22072"}],"wp:attachment":[{"href":"https:\/\/monde25.info\/index.php\/wp-json\/wp\/v2\/media?parent=22071"}],"wp:term":[{"taxonomy":"category","embeddable":true,"href":"https:\/\/monde25.info\/index.php\/wp-json\/wp\/v2\/categories?post=22071"},{"taxonomy":"post_tag","embeddable":true,"href":"https:\/\/monde25.info\/index.php\/wp-json\/wp\/v2\/tags?post=22071"}],"curies":[{"name":"wp","href":"https:\/\/api.w.org\/{rel}","templated":true}]}}