{"id":22073,"date":"2026-01-08T04:15:36","date_gmt":"2026-01-08T03:15:36","guid":{"rendered":"https:\/\/monde25.info\/index.php\/2026\/01\/08\/crise-agricole-la-fnsea-a-gagne-sans-avoir-manifeste\/"},"modified":"2026-01-08T04:15:36","modified_gmt":"2026-01-08T03:15:36","slug":"crise-agricole-la-fnsea-a-gagne-sans-avoir-manifeste","status":"publish","type":"post","link":"https:\/\/monde25.info\/index.php\/2026\/01\/08\/crise-agricole-la-fnsea-a-gagne-sans-avoir-manifeste\/","title":{"rendered":"Crise agricole\u00a0: la FNSEA a gagn\u00e9 sans avoir manifest\u00e9"},"content":{"rendered":"<p> <br \/>\n<br \/><img loading=\"lazy\" decoding=\"async\" src=\"https:\/\/reporterre.net\/local\/cache-vignettes\/L700xH466\/design_sans_titre_30_-2-546d2.jpg?1767799439\" class=\"spip_logo\" width=\"700\" height=\"466\" alt=\"\" \/><\/p>\n<p>Qu&rsquo;a propos\u00e9 M.\u00a0Lecornu en r\u00e9ponse \u00e0 la col\u00e8re agricole port\u00e9e par la Conf\u00e9d\u00e9ration paysanne et la Coordination rurale<small class=\"fine d-inline\">\u00a0<\/small>? Des mesures taill\u00e9es pour&#8230; la <span class=\"caps\">FNSEA<\/span>, le syndicat majoritaire. Analyse de l&rsquo;historien Anthony Hamon. <br class=\"autobr\" \/> Les qualit\u00e9s de diplomate de S\u00e9bastien Lecornu lui ont permis de ne pas encore \u00eatre censur\u00e9 par l&rsquo;Assembl\u00e9e nationale. Suffiront-elles \u00e9galement \u00e0 calmer la col\u00e8re agricole<small class=\"fine d-inline\">\u00a0<\/small>? Le Premier ministre a re\u00e7u les syndicats le lundi 5 et le mardi 6\u00a0janvier au soir. <br class=\"autobr\" \/><br \/>\nLe Premier\u00a0(\u2026)<\/p>\n<p>                    <a target=\"_blank\" href=\"https:\/\/reporterre.net\/Crise-agricole-la-FNSEA-a-gagne-sans-avoir-manifeste?utm_source=RSS&amp;utm_medium=RSS\">Lire la suite<\/a><\/p>\n<p>                    &#8211;<br \/>\n                        <a target=\"_blank\" href=\"https:\/\/reporterre.net\/Autres-infos\" rel=\"directory\">Info<\/a><\/p>\n<p>                    \/<br \/>\n                        <a target=\"_blank\" href=\"https:\/\/reporterre.net\/Agriculture\" rel=\"tag\">Agriculture<\/a><br \/>\n<br \/><br \/>\n<br \/><a href=\"https:\/\/reporterre.net\/Crise-agricole-la-FNSEA-a-gagne-sans-avoir-manifeste\" target=\"_blank\"\">Source link <\/a><\/p>\n","protected":false},"excerpt":{"rendered":"<p>Qu&rsquo;a propos\u00e9 M.\u00a0Lecornu en r\u00e9ponse \u00e0 la col\u00e8re agricole port\u00e9e par la Conf\u00e9d\u00e9ration paysanne et la Coordination rurale\u00a0? Des mesures taill\u00e9es pour&#8230; la FNSEA, le syndicat majoritaire. Analyse de l&rsquo;historien&hellip; <\/p>\n","protected":false},"author":1,"featured_media":0,"comment_status":"open","ping_status":"open","sticky":false,"template":"","format":"standard","meta":{"footnotes":""},"categories":[1],"tags":[],"class_list":["post-22073","post","type-post","status-publish","format-standard","hentry","category-non-classe"],"_links":{"self":[{"href":"https:\/\/monde25.info\/index.php\/wp-json\/wp\/v2\/posts\/22073","targetHints":{"allow":["GET"]}}],"collection":[{"href":"https:\/\/monde25.info\/index.php\/wp-json\/wp\/v2\/posts"}],"about":[{"href":"https:\/\/monde25.info\/index.php\/wp-json\/wp\/v2\/types\/post"}],"author":[{"embeddable":true,"href":"https:\/\/monde25.info\/index.php\/wp-json\/wp\/v2\/users\/1"}],"replies":[{"embeddable":true,"href":"https:\/\/monde25.info\/index.php\/wp-json\/wp\/v2\/comments?post=22073"}],"version-history":[{"count":0,"href":"https:\/\/monde25.info\/index.php\/wp-json\/wp\/v2\/posts\/22073\/revisions"}],"wp:attachment":[{"href":"https:\/\/monde25.info\/index.php\/wp-json\/wp\/v2\/media?parent=22073"}],"wp:term":[{"taxonomy":"category","embeddable":true,"href":"https:\/\/monde25.info\/index.php\/wp-json\/wp\/v2\/categories?post=22073"},{"taxonomy":"post_tag","embeddable":true,"href":"https:\/\/monde25.info\/index.php\/wp-json\/wp\/v2\/tags?post=22073"}],"curies":[{"name":"wp","href":"https:\/\/api.w.org\/{rel}","templated":true}]}}