{"id":22076,"date":"2026-01-08T05:21:35","date_gmt":"2026-01-08T04:21:35","guid":{"rendered":"https:\/\/monde25.info\/index.php\/2026\/01\/08\/des-tracteurs-forcent-le-passage-face-aux-gendarmes\/"},"modified":"2026-01-08T05:21:35","modified_gmt":"2026-01-08T04:21:35","slug":"des-tracteurs-forcent-le-passage-face-aux-gendarmes","status":"publish","type":"post","link":"https:\/\/monde25.info\/index.php\/2026\/01\/08\/des-tracteurs-forcent-le-passage-face-aux-gendarmes\/","title":{"rendered":"Des tracteurs forcent le passage face aux gendarmes"},"content":{"rendered":"<p> <br \/>\n<\/p>\n<div>\n<p>Des tracteurs ont forc\u00e9 le passage face \u00e0 des gendarmes pr\u00e8s de La Queue-les-Yvelines, pour ensuite prendre la direction de Paris mercredi matin, a indiqu\u00e9 la gendarmerie.<\/p>\n<p>Selon cette source, les quatre tracteurs avaient fait un d\u00e9p\u00f4t de neige sur la route N12 pour bloquer le trafic au niveau de La Queue-les-Yvelines quand un v\u00e9hicule de patrouille a tent\u00e9 d&rsquo;intervenir.<\/p>\n<p>Des sources avaient indiqu\u00e9 initialement qu&rsquo;un barrage de gendarmerie avait \u00e9t\u00e9 forc\u00e9, mais selon la gendarmerie, c&rsquo;est ce v\u00e9hicule unique qui a \u00e9t\u00e9 pouss\u00e9, ne causant aucun bless\u00e9 et des d\u00e9g\u00e2ts mat\u00e9riels tr\u00e8s l\u00e9gers.<\/p>\n<p>Trois des quatre tracteurs impliqu\u00e9s sont pass\u00e9s sur la route, et leur position actuelle n&rsquo;a pas \u00e9t\u00e9 indiqu\u00e9e.<\/p>\n<p>Le quatri\u00e8me a \u00e9t\u00e9 suivi par la gendarmerie avant de s&rsquo;arr\u00eater dans un champ.<\/p>\n<p>L&rsquo;acc\u00e8s \u00e0 la N12 est en cours de d\u00e9gagement, indique la m\u00eame source.<\/p>\n<p>Lundi, le pr\u00e9sident de la Coordination rurale, Bertrand Venteau, s&rsquo;\u00e9tait insurg\u00e9 contre l&rsquo;interdiction des convois de tracteurs qu&rsquo;il pr\u00e9voyait d&rsquo;envoyer \u00e0 Paris tout en maintenant son appel \u00e0 \u00ab\u00a0monter\u00a0\u00bb sur la capitale.<\/p>\n<\/div>\n<p><script>(function(d, s, id) {  var js, fjs = d.getElementsByTagName(s)[0];  if (d.getElementById(id)) return;  js = d.createElement(s); js.id = id;  js.src = \"\/\/connect.facebook.net\/fr_FR\/sdk.js#xfbml=1&version=v2.3\";  fjs.parentNode.insertBefore(js, fjs);}(document, \"script\", \"facebook-jssdk\"));<\/script><br \/>\n<br \/><br \/>\n<br \/><a href=\"https:\/\/www.francesoir.fr\/societe-faits-divers\/des-tracteurs-forcent-le-passage-face-aux-gendarmes\" target=\"_blank\"\">Source link <\/a><\/p>\n","protected":false},"excerpt":{"rendered":"<p>Des tracteurs ont forc\u00e9 le passage face \u00e0 des gendarmes pr\u00e8s de La Queue-les-Yvelines, pour ensuite prendre la direction de Paris mercredi matin, a indiqu\u00e9 la gendarmerie. Selon cette source,&hellip; <\/p>\n","protected":false},"author":1,"featured_media":22077,"comment_status":"open","ping_status":"open","sticky":false,"template":"","format":"standard","meta":{"footnotes":""},"categories":[1],"tags":[],"class_list":["post-22076","post","type-post","status-publish","format-standard","has-post-thumbnail","hentry","category-non-classe"],"_links":{"self":[{"href":"https:\/\/monde25.info\/index.php\/wp-json\/wp\/v2\/posts\/22076","targetHints":{"allow":["GET"]}}],"collection":[{"href":"https:\/\/monde25.info\/index.php\/wp-json\/wp\/v2\/posts"}],"about":[{"href":"https:\/\/monde25.info\/index.php\/wp-json\/wp\/v2\/types\/post"}],"author":[{"embeddable":true,"href":"https:\/\/monde25.info\/index.php\/wp-json\/wp\/v2\/users\/1"}],"replies":[{"embeddable":true,"href":"https:\/\/monde25.info\/index.php\/wp-json\/wp\/v2\/comments?post=22076"}],"version-history":[{"count":0,"href":"https:\/\/monde25.info\/index.php\/wp-json\/wp\/v2\/posts\/22076\/revisions"}],"wp:featuredmedia":[{"embeddable":true,"href":"https:\/\/monde25.info\/index.php\/wp-json\/wp\/v2\/media\/22077"}],"wp:attachment":[{"href":"https:\/\/monde25.info\/index.php\/wp-json\/wp\/v2\/media?parent=22076"}],"wp:term":[{"taxonomy":"category","embeddable":true,"href":"https:\/\/monde25.info\/index.php\/wp-json\/wp\/v2\/categories?post=22076"},{"taxonomy":"post_tag","embeddable":true,"href":"https:\/\/monde25.info\/index.php\/wp-json\/wp\/v2\/tags?post=22076"}],"curies":[{"name":"wp","href":"https:\/\/api.w.org\/{rel}","templated":true}]}}