{"id":22085,"date":"2026-01-08T10:17:50","date_gmt":"2026-01-08T09:17:50","guid":{"rendered":"https:\/\/monde25.info\/index.php\/2026\/01\/08\/washington-pret-a-sanctionner-des-magistrats-europeens-au-nom-de-la-liberte\/"},"modified":"2026-01-08T10:17:50","modified_gmt":"2026-01-08T09:17:50","slug":"washington-pret-a-sanctionner-des-magistrats-europeens-au-nom-de-la-liberte","status":"publish","type":"post","link":"https:\/\/monde25.info\/index.php\/2026\/01\/08\/washington-pret-a-sanctionner-des-magistrats-europeens-au-nom-de-la-liberte\/","title":{"rendered":"Washington pr\u00eat \u00e0 sanctionner des magistrats europ\u00e9ens au nom de la libert\u00e9"},"content":{"rendered":"<p> <br \/>\n<\/p>\n<div>\n<p><strong>L\u2019administration Trump envisage d\u2019\u00e9tendre son r\u00e9gime de sanctions \u00e0 des magistrats europ\u00e9ens accus\u00e9s de restreindre la libert\u00e9 d\u2019expression ou de fragiliser des partis dits patriotes et nationalistes, comme le Rassemblement national en France ou l\u2019AfD en Allemagne. Une hypoth\u00e8se qui d\u00e9placerait le bras de fer transatlantique du terrain politique vers celui, beaucoup plus sensible, de la justice.<\/strong><\/p>\n<p>Selon des informations r\u00e9v\u00e9l\u00e9es par <em>Der Spiegel <\/em>et rapport\u00e9es par <a target=\"_blank\" href=\"https:\/\/www.epochtimes.fr\/washington-pourrait-sanctionner-des-magistrats-europeens-en-cas-de-restrictions-des-libertes-des-partis-patriotes-et-nationalistes-3142752.html\"><em>The Epoch Times<\/em><\/a>,<em> <\/em>Washington \u00e9tudie la possibilit\u00e9 de viser directement des juges europ\u00e9ens. Officiellement, il s\u2019agit de \u00ab prot\u00e9ger la libert\u00e9 d\u2019expression \u00bb. Officieusement, les d\u00e9cisions judiciaires europ\u00e9ennes encadrant les discours nationalistes sont d\u00e9sormais per\u00e7ues, c\u00f4t\u00e9 r\u00e9publicain, comme des actes politiques d\u00e9guis\u00e9s. Interrog\u00e9, le d\u00e9partement d\u2019\u00c9tat n\u2019a pas d\u00e9menti et renvoie \u00e0 une d\u00e9claration de Marco Rubio, publi\u00e9e en mai sur X apr\u00e8s la classification de l\u2019AfD comme parti d\u2019extr\u00eame droite : \u00ab Ce n\u2019est pas de la d\u00e9mocratie, c\u2019est de la tyrannie d\u00e9guis\u00e9e \u00bb, avait-il d\u00e9clar\u00e9, appelant Berlin \u00e0 \u00ab changer de cap \u00bb.<\/p>\n<p>Fin 2025, plusieurs responsables europ\u00e9ens impliqu\u00e9s dans la r\u00e9gulation des contenus num\u00e9riques, dont Thierry Breton, se sont vu interdire l\u2019entr\u00e9e sur le sol am\u00e9ricain. Ces sanctions, habituellement r\u00e9serv\u00e9es \u00e0 des affaires de corruption ou de violations graves des droits humains, ont \u00e9t\u00e9 adapt\u00e9es au champ du num\u00e9rique et de la libert\u00e9 d\u2019expression. L\u2019\u00e9tape suivante consisterait \u00e0 cibler nominativement des magistrats, via restrictions de visas et mesures patrimoniales, pour des d\u00e9cisions li\u00e9es \u00e0 des interdictions de manifestations, des dissolutions d\u2019organisations ou des condamnations pour propos haineux.<\/p>\n<p>Paris, Berlin et Bruxelles d\u00e9noncent une ing\u00e9rence directe dans leurs syst\u00e8mes juridiques. Des juristes rappellent que la libert\u00e9 d\u2019expression europ\u00e9enne s\u2019articule avec la protection de la dignit\u00e9 humaine et la pr\u00e9vention de la violence, l\u00e0 o\u00f9 le mod\u00e8le am\u00e9ricain privil\u00e9gie une libert\u00e9 quasi absolue. En s\u2019attaquant aux juges eux-m\u00eames, Washington franchit une ligne rouge : celle de l\u2019ind\u00e9pendance de la justice. Si tant est qu&rsquo;elle le soit vraiment. Quoi qu&rsquo;il en soit, une escalade pourrait durablement fragiliser la coop\u00e9ration judiciaire transatlantique et redessiner brutalement les contours de l\u2019\u00c9tat de droit.<\/p>\n<\/div>\n<p><script>(function(d, s, id) {  var js, fjs = d.getElementsByTagName(s)[0];  if (d.getElementById(id)) return;  js = d.createElement(s); js.id = id;  js.src = \"\/\/connect.facebook.net\/fr_FR\/sdk.js#xfbml=1&version=v2.3\";  fjs.parentNode.insertBefore(js, fjs);}(document, \"script\", \"facebook-jssdk\"));<\/script><br \/>\n<br \/><br \/>\n<br \/><a href=\"https:\/\/www.francesoir.fr\/politique-monde\/washington-pret-sanctionner-des-magistrats-europeens-au-nom-de-la-liberte\" target=\"_blank\"\">Source link <\/a><\/p>\n","protected":false},"excerpt":{"rendered":"<p>L\u2019administration Trump envisage d\u2019\u00e9tendre son r\u00e9gime de sanctions \u00e0 des magistrats europ\u00e9ens accus\u00e9s de restreindre la libert\u00e9 d\u2019expression ou de fragiliser des partis dits patriotes et nationalistes, comme le Rassemblement&hellip; <\/p>\n","protected":false},"author":1,"featured_media":22086,"comment_status":"open","ping_status":"open","sticky":false,"template":"","format":"standard","meta":{"footnotes":""},"categories":[1],"tags":[],"class_list":["post-22085","post","type-post","status-publish","format-standard","has-post-thumbnail","hentry","category-non-classe"],"_links":{"self":[{"href":"https:\/\/monde25.info\/index.php\/wp-json\/wp\/v2\/posts\/22085","targetHints":{"allow":["GET"]}}],"collection":[{"href":"https:\/\/monde25.info\/index.php\/wp-json\/wp\/v2\/posts"}],"about":[{"href":"https:\/\/monde25.info\/index.php\/wp-json\/wp\/v2\/types\/post"}],"author":[{"embeddable":true,"href":"https:\/\/monde25.info\/index.php\/wp-json\/wp\/v2\/users\/1"}],"replies":[{"embeddable":true,"href":"https:\/\/monde25.info\/index.php\/wp-json\/wp\/v2\/comments?post=22085"}],"version-history":[{"count":0,"href":"https:\/\/monde25.info\/index.php\/wp-json\/wp\/v2\/posts\/22085\/revisions"}],"wp:featuredmedia":[{"embeddable":true,"href":"https:\/\/monde25.info\/index.php\/wp-json\/wp\/v2\/media\/22086"}],"wp:attachment":[{"href":"https:\/\/monde25.info\/index.php\/wp-json\/wp\/v2\/media?parent=22085"}],"wp:term":[{"taxonomy":"category","embeddable":true,"href":"https:\/\/monde25.info\/index.php\/wp-json\/wp\/v2\/categories?post=22085"},{"taxonomy":"post_tag","embeddable":true,"href":"https:\/\/monde25.info\/index.php\/wp-json\/wp\/v2\/tags?post=22085"}],"curies":[{"name":"wp","href":"https:\/\/api.w.org\/{rel}","templated":true}]}}