{"id":22087,"date":"2026-01-08T10:50:41","date_gmt":"2026-01-08T09:50:41","guid":{"rendered":"https:\/\/monde25.info\/index.php\/2026\/01\/08\/des-agriculteurs-en-colere-investissent-larc-de-triomphe-et-la-tour-eiffel-rt-en-francais\/"},"modified":"2026-01-08T10:50:41","modified_gmt":"2026-01-08T09:50:41","slug":"des-agriculteurs-en-colere-investissent-larc-de-triomphe-et-la-tour-eiffel-rt-en-francais","status":"publish","type":"post","link":"https:\/\/monde25.info\/index.php\/2026\/01\/08\/des-agriculteurs-en-colere-investissent-larc-de-triomphe-et-la-tour-eiffel-rt-en-francais\/","title":{"rendered":"des agriculteurs en col\u00e8re investissent l\u2019Arc de Triomphe et la tour Eiffel \u2014 RT en fran\u00e7ais"},"content":{"rendered":"<p> <br \/>\n<br \/><img decoding=\"async\" src=\"https:\/\/mf.b37mrtl.ru\/french\/images\/2026.01\/thumbnail\/695f6f3887f3ec3412021d97.jpg\" \/><\/p>\n<div>\n<p class=\"text__summary\">\n                                        Des tracteurs devant la tour Eiffel, une action symbolique autour de l\u2019Arc de Triomphe et des axes routiers coup\u00e9s : ce jeudi 8 janvier, des agriculteurs venus de plusieurs r\u00e9gions sont entr\u00e9s dans Paris pour d\u00e9noncer la signature de l\u2019accord de libre-\u00e9change avec le Mercosur et la gestion gouvernementale de l\u2019\u00e9pid\u00e9mie de DNC.\n                                    <\/p>\n<p>Des phares allum\u00e9s dans la nuit parisienne, des silhouettes de tracteurs se d\u00e9tachant au pied de la tour Eiffel : tr\u00e8s t\u00f4t ce 8 janvier,\u00a0des dizaines d\u2019agriculteurs en col\u00e8re ont fait une\u00a0entr\u00e9e remarqu\u00e9e dans Paris. Leur mobilisation vise principalement l\u2019accord de libre-\u00e9change du Mercosur, jug\u00e9 d\u00e9favorable \u00e0 l\u2019agriculture fran\u00e7aise, ainsi que la r\u00e9ponse de l\u2019\u00c9tat face \u00e0 la DNC.<\/p>\n<p>\u00c0 l\u2019initiative de la FRSEA \u00cele-de-France et des Jeunes Agriculteurs (JA) de la r\u00e9gion, une action coup de poing \u00e9tait pr\u00e9vue place de l\u2019\u00c9toile d\u00e8s 6h30. Les manifestants ont effectu\u00e9 deux tours du rond-point en voiture \u2013\u00a0sans tracteurs\u00a0\u2013 avant d&rsquo;y d\u00e9poser une gerbe de fleurs. La Coordination rurale (CR) \u00e9tait \u00e9galement pr\u00e9sente \u00e0 proximit\u00e9 de l\u2019Arc de Triomphe.<\/p>\n<h2>Circulation perturb\u00e9e \u00e0 Paris<\/h2>\n<p>La mobilisation a rapidement eu des cons\u00e9quences sur la circulation. Selon Sytadin, l\u2019outil de surveillance du trafic en temps r\u00e9el en \u00cele-de-France, l\u2019autoroute A13 a \u00e9t\u00e9 coup\u00e9e dans les deux sens d\u00e8s 5h50 environ, entre Saint-Cloud et le boulevard p\u00e9riph\u00e9rique (porte d\u2019Auteuil), pour une \u00ab dur\u00e9e ind\u00e9termin\u00e9e \u00bb. Les autorit\u00e9s ont recommand\u00e9 d\u2019\u00e9viter l\u2019A13 en direction de Paris depuis Rocquencourt et de privil\u00e9gier un itin\u00e9raire de contournement.<\/p>\n<p>Interrog\u00e9s sur BFMTV, des repr\u00e9sentants de la Coordination rurale ont racont\u00e9 un p\u00e9riple parfois entam\u00e9 plusieurs jours auparavant pour rejoindre la capitale. \u00ab\u00a0On a \u00e9t\u00e9 arr\u00eat\u00e9s de nombreuses fois par les gendarmes. Nous avons cinq tracteurs dans notre convoi, aujourd\u2019hui on a 22 PV\u00a0\u00bb, a d\u00e9nonc\u00e9 St\u00e9phane Pelletier, vice-pr\u00e9sident de la CR de la Vienne. Apr\u00e8s \u00ab\u00a0deux jours de conduite de nuit\u00a0\u00bb, le fait de stationner les tracteurs devant la tour Eiffel repr\u00e9sente selon lui, \u00ab\u00a0une satisfaction, \u00e0 d\u00e9faut d\u2019avoir des avanc\u00e9es pour notre m\u00e9tier\u00a0\u00bb.<\/p>\n<p>Cette mobilisation fait suite \u00e0 l\u2019appel lanc\u00e9 par le pr\u00e9sident de la Coordination rurale Bertrand Venteau, apr\u00e8s sa rencontre avec le ministre des Arm\u00e9es S\u00e9bastien Lecornu le 5 janvier. Il avait alors exhort\u00e9 ses adh\u00e9rents \u00e0 \u00ab\u00a0monter \u00e0 Paris\u00a0\u00bb de mani\u00e8re \u00ab\u00a0pacifique\u00a0\u00bb afin de porter les revendications du monde agricole au plus haut niveau de l\u2019\u00c9tat.<\/p>\n<\/div>\n<p><br \/>\n<br \/><a href=\"https:\/\/francais.rt.com\/france\/129180-france-agriculteurs-colere-investissent-arc\" target=\"_blank\"\">Source link <\/a><\/p>\n","protected":false},"excerpt":{"rendered":"<p>Des tracteurs devant la tour Eiffel, une action symbolique autour de l\u2019Arc de Triomphe et des axes routiers coup\u00e9s : ce jeudi 8 janvier, des agriculteurs venus de plusieurs r\u00e9gions&hellip; <\/p>\n","protected":false},"author":1,"featured_media":22088,"comment_status":"open","ping_status":"open","sticky":false,"template":"","format":"standard","meta":{"footnotes":""},"categories":[1],"tags":[],"class_list":["post-22087","post","type-post","status-publish","format-standard","has-post-thumbnail","hentry","category-non-classe"],"_links":{"self":[{"href":"https:\/\/monde25.info\/index.php\/wp-json\/wp\/v2\/posts\/22087","targetHints":{"allow":["GET"]}}],"collection":[{"href":"https:\/\/monde25.info\/index.php\/wp-json\/wp\/v2\/posts"}],"about":[{"href":"https:\/\/monde25.info\/index.php\/wp-json\/wp\/v2\/types\/post"}],"author":[{"embeddable":true,"href":"https:\/\/monde25.info\/index.php\/wp-json\/wp\/v2\/users\/1"}],"replies":[{"embeddable":true,"href":"https:\/\/monde25.info\/index.php\/wp-json\/wp\/v2\/comments?post=22087"}],"version-history":[{"count":0,"href":"https:\/\/monde25.info\/index.php\/wp-json\/wp\/v2\/posts\/22087\/revisions"}],"wp:featuredmedia":[{"embeddable":true,"href":"https:\/\/monde25.info\/index.php\/wp-json\/wp\/v2\/media\/22088"}],"wp:attachment":[{"href":"https:\/\/monde25.info\/index.php\/wp-json\/wp\/v2\/media?parent=22087"}],"wp:term":[{"taxonomy":"category","embeddable":true,"href":"https:\/\/monde25.info\/index.php\/wp-json\/wp\/v2\/categories?post=22087"},{"taxonomy":"post_tag","embeddable":true,"href":"https:\/\/monde25.info\/index.php\/wp-json\/wp\/v2\/tags?post=22087"}],"curies":[{"name":"wp","href":"https:\/\/api.w.org\/{rel}","templated":true}]}}