{"id":2209,"date":"2024-12-15T00:05:32","date_gmt":"2024-12-14T23:05:32","guid":{"rendered":"https:\/\/monde25.info\/index.php\/2024\/12\/15\/echange-de-piques-entre-le-rwanda-et-la-rdc-la-veille-dun-sommet-sur-le-nord-kivu\/"},"modified":"2024-12-15T00:05:32","modified_gmt":"2024-12-14T23:05:32","slug":"echange-de-piques-entre-le-rwanda-et-la-rdc-la-veille-dun-sommet-sur-le-nord-kivu","status":"publish","type":"post","link":"https:\/\/monde25.info\/index.php\/2024\/12\/15\/echange-de-piques-entre-le-rwanda-et-la-rdc-la-veille-dun-sommet-sur-le-nord-kivu\/","title":{"rendered":"\u00c9change de piques entre le Rwanda et la RDC la veille d&rsquo;un sommet sur le Nord-Kivu"},"content":{"rendered":"<p> <br \/>\n<\/p>\n<div itemscope=\"\" itemtype=\"https:\/\/schema.org\/Article\">\n<p>https:\/\/fr.sputniknews.africa\/20241214\/echange-de-piques-entre-le-rwanda-et-la-rdc-la-veille-dun-sommet-sur-le-nord-kivu-1069718270.html<\/p>\n<p><a target=\"_blank\" itemprop=\"url\" href=\"https:\/\/fr.sputniknews.africa\/20241214\/echange-de-piques-entre-le-rwanda-et-la-rdc-la-veille-dun-sommet-sur-le-nord-kivu-1069718270.html\" title=\"\u00c9change de piques entre le Rwanda et la RDC la veille d'un sommet sur le Nord-Kivu\"\/><\/p>\n<p>\u00c9change de piques entre le Rwanda et la RDC la veille d&rsquo;un sommet sur le Nord-Kivu<\/p>\n<p>\u00c9change de piques entre le Rwanda et la RDC la veille d&rsquo;un sommet sur le Nord-Kivu<\/p>\n<p>Sputnik Afrique<\/p>\n<p>S&rsquo;exprimant devant le Parlement le 11 d\u00e9cembre, le Pr\u00e9sident congolais a exprim\u00e9 son inqui\u00e9tude \u00e0 propos du ph\u00e9nom\u00e8ne de \u00ab\u00a0d\u00e9peuplement progressif de certains&#8230; 14.12.2024, Sputnik Afrique<\/p>\n<p>2024-12-14T19:12+0100<\/p>\n<p>2024-12-14T19:12+0100<\/p>\n<p>2024-12-14T19:12+0100<\/p>\n<p>r\u00e9publique d\u00e9mocratique du congo (rdc)<\/p>\n<p>rwanda<\/p>\n<p>angola<\/p>\n<p>f\u00e9lix tshisekedi<\/p>\n<p>m23<\/p>\n<p>afrique subsaharienne<\/p>\n<p>tutsis<\/p>\n<p>https:\/\/cdn1.img.sputniknews.africa\/img\/07e8\/0b\/01\/1068979383_0:161:3070:1888_1920x0_80_0_0_e6e680fbcbb750af84da548d06205f0d.jpg<\/p>\n<p>Kigali a r\u00e9agi par la voix de son ministre des Affaires \u00e9trang\u00e8res qui a affirm\u00e9 que dire cela \u00e9tait \u00ab\u00a0dangereux et aliment[ait] la x\u00e9nophobie contre les Tutsis congolais de l\u2019Est de la RDC\u00a0\u00bb. Olivier Nduhungirehe a qualifi\u00e9 ces d\u00e9clarations d'\u00a0\u00bbirresponsables\u00a0\u00bb \u00e0 la veille du sommet de Luanda.  Le chef de la diplomatie rwandaise a indiqu\u00e9 que l&rsquo;un des enjeux majeurs de cette r\u00e9union \u00e9tait l\u2019\u00a0\u00bbengagement de la RDC \u00e0 un dialogue direct avec ses compatriotes du M23&Prime;.   Le gouvernement congolais accuse le Rwanda de soutenir le groupe rebelle M23, qui contr\u00f4le de vastes territoires dans l&rsquo;est de la RDC. Kigali nie son implication et d\u00e9nonce l&rsquo;assistance de Kinshasa aux Forces d\u00e9mocratiques pour la lib\u00e9ration du Rwanda, qui m\u00e8nent des raids depuis le territoire congolais.   Le Pr\u00e9sident angolais m\u00e8ne une mission de m\u00e9diation visant \u00e0 trouver un r\u00e8glement au conflit qui oppose les deux voisins au Nord-Kivu.<\/p>\n<p>r\u00e9publique d\u00e9mocratique du congo (rdc)<\/p>\n<p>rwanda<\/p>\n<p>angola<\/p>\n<p>afrique subsaharienne<\/p>\n<div itemprop=\"copyrightHolder\" itemscope=\"\" itemtype=\"http:\/\/schema.org\/Organization\">\n<p>Sputnik Afrique<\/p>\n<p><a target=\"_blank\" itemprop=\"url\" href=\"https:\/\/fr.sputniknews.africa\" title=\"Sputnik Afrique\"> <\/a><\/p>\n<p>feedback.fr@sputniknews.com<\/p>\n<p>+74956456601<\/p>\n<p>MIA \u201eRossiya Segodnya\u201c<\/p>\n<p><a target=\"_blank\" itemprop=\"sameAs\" href=\"https:\/\/t.me\/sputnik_afrique\"> <\/a><a target=\"_blank\" itemprop=\"sameAs\" href=\"https:\/\/t.me\/sputnik_africa\"> <\/a><a target=\"_blank\" itemprop=\"sameAs\" href=\"https:\/\/t.me\/sputnik_ethiopia\"> <\/a><a target=\"_blank\" itemprop=\"sameAs\" href=\"https:\/\/x.com\/sputnik_afrique\"> <\/a><a target=\"_blank\" itemprop=\"sameAs\" href=\"https:\/\/x.com\/sputnik_africa\"> <\/a><\/div>\n<p>2024<\/p>\n<div itemprop=\"creator\" itemscope=\"\" itemtype=\"http:\/\/schema.org\/Organization\">\n<p>Sputnik Afrique<\/p>\n<p><a target=\"_blank\" itemprop=\"url\" href=\"https:\/\/fr.sputniknews.africa\" title=\"Sputnik Afrique\"> <\/a><\/p>\n<p>feedback.fr@sputniknews.com<\/p>\n<p>+74956456601<\/p>\n<p>MIA \u201eRossiya Segodnya\u201c<\/p>\n<p><a target=\"_blank\" itemprop=\"sameAs\" href=\"https:\/\/t.me\/sputnik_afrique\"> <\/a><a target=\"_blank\" itemprop=\"sameAs\" href=\"https:\/\/t.me\/sputnik_africa\"> <\/a><a target=\"_blank\" itemprop=\"sameAs\" href=\"https:\/\/t.me\/sputnik_ethiopia\"> <\/a><a target=\"_blank\" itemprop=\"sameAs\" href=\"https:\/\/x.com\/sputnik_afrique\"> <\/a><a target=\"_blank\" itemprop=\"sameAs\" href=\"https:\/\/x.com\/sputnik_africa\"> <\/a><\/div>\n<p>Actus<\/p>\n<p>fr_FR<\/p>\n<div itemprop=\"sourceOrganization\" itemscope=\"\" itemtype=\"http:\/\/schema.org\/Organization\">\n<p>Sputnik Afrique<\/p>\n<p><a target=\"_blank\" itemprop=\"url\" href=\"https:\/\/fr.sputniknews.africa\" title=\"Sputnik Afrique\"> <\/a><\/p>\n<p>feedback.fr@sputniknews.com<\/p>\n<p>+74956456601<\/p>\n<p>MIA \u201eRossiya Segodnya\u201c<\/p>\n<p><a target=\"_blank\" itemprop=\"sameAs\" href=\"https:\/\/t.me\/sputnik_afrique\"> <\/a><a target=\"_blank\" itemprop=\"sameAs\" href=\"https:\/\/t.me\/sputnik_africa\"> <\/a><a target=\"_blank\" itemprop=\"sameAs\" href=\"https:\/\/t.me\/sputnik_ethiopia\"> <\/a><a target=\"_blank\" itemprop=\"sameAs\" href=\"https:\/\/x.com\/sputnik_afrique\"> <\/a><a target=\"_blank\" itemprop=\"sameAs\" href=\"https:\/\/x.com\/sputnik_africa\"> <\/a><\/div>\n<p><a target=\"_blank\" itemprop=\"thumbnailUrl\" href=\"https:\/\/cdn1.img.sputniknews.africa\/img\/07e8\/0b\/01\/1068979383_0:161:3070:1888_1920x0_80_0_0_e6e680fbcbb750af84da548d06205f0d.jpg\"\/><a target=\"_blank\" itemprop=\"thumbnailUrl\" href=\"https:\/\/cdn1.img.sputniknews.africa\/img\/07e8\/0b\/01\/1068979383_170:0:2901:2048_1920x0_80_0_0_40be8b8512e2b5e5448c6279f1b629d9.jpg\">https:\/\/cdn1.img.sputniknews.africa\/img\/07e8\/0b\/01\/1068979383_170:0:2901:2048_1920x0_80_0_0_40be8b8512e2b5e5448c6279f1b629d9.jpg<\/a><a target=\"_blank\" itemprop=\"thumbnailUrl\" href=\"https:\/\/cdn1.img.sputniknews.africa\/img\/07e8\/0b\/01\/1068979383_511:0:2559:2048_1920x0_80_0_0_e90e6dc71bf3dd46b504b0768bdc2e0d.jpg\" title=\"F\u00e9lix Tshisekedi tient la Constitution de la RDC lors de la c\u00e9r\u00e9monie d'investiture, le 24 janvier 2019\"\/><\/p>\n<div itemprop=\"publisher\" itemscope=\"\" itemtype=\"http:\/\/schema.org\/Organization\">\n<p>Sputnik Afrique<\/p>\n<p><a target=\"_blank\" itemprop=\"url\" href=\"https:\/\/fr.sputniknews.africa\" title=\"Sputnik Afrique\"> <\/a><\/p>\n<p>feedback.fr@sputniknews.com<\/p>\n<p>+74956456601<\/p>\n<p>MIA \u201eRossiya Segodnya\u201c<\/p>\n<p><a target=\"_blank\" itemprop=\"sameAs\" href=\"https:\/\/t.me\/sputnik_afrique\"> <\/a><a target=\"_blank\" itemprop=\"sameAs\" href=\"https:\/\/t.me\/sputnik_africa\"> <\/a><a target=\"_blank\" itemprop=\"sameAs\" href=\"https:\/\/t.me\/sputnik_ethiopia\"> <\/a><a target=\"_blank\" itemprop=\"sameAs\" href=\"https:\/\/x.com\/sputnik_afrique\"> <\/a><a target=\"_blank\" itemprop=\"sameAs\" href=\"https:\/\/x.com\/sputnik_africa\"> <\/a><\/div>\n<p>r\u00e9publique d\u00e9mocratique du congo (rdc), rwanda, angola, f\u00e9lix tshisekedi, m23, afrique subsaharienne, tutsis<\/p>\n<div itemprop=\"about\" itemscope=\"\" itemtype=\"https:\/\/schema.org\/Thing\">\n<p>r\u00e9publique d\u00e9mocratique du congo (rdc), rwanda, angola, f\u00e9lix tshisekedi, m23, afrique subsaharienne, tutsis<\/p>\n<\/div>\n<\/div>\n<div>\n<p>S&rsquo;exprimant devant le Parlement le 11 d\u00e9cembre, le Pr\u00e9sident congolais a exprim\u00e9 son inqui\u00e9tude \u00e0 propos du ph\u00e9nom\u00e8ne de \u00ab\u00a0d\u00e9peuplement progressif de certains territoires strat\u00e9giques, suivi de leur repeuplement par des populations \u00e9trang\u00e8res implant\u00e9es par le Rwanda\u00a0\u00bb. <\/p>\n<\/div>\n<div>\n<div class=\"article__block\" data-type=\"text\">\n<p>Kigali a r\u00e9agi par la voix de son ministre des Affaires \u00e9trang\u00e8res qui a affirm\u00e9 que dire cela \u00e9tait \u00ab\u00a0dangereux et aliment[ait] la x\u00e9nophobie contre les Tutsis congolais de l\u2019Est de la RDC\u00a0\u00bb. Olivier Nduhungirehe a qualifi\u00e9 ces d\u00e9clarations d'\u00a0\u00bbirresponsables\u00a0\u00bb \u00e0 la veille du sommet de Luanda.  <\/p>\n<\/div>\n<div class=\"article__block\" data-type=\"text\">\n<p>Le chef de la diplomatie rwandaise a indiqu\u00e9 que l&rsquo;un des enjeux majeurs de cette r\u00e9union \u00e9tait l\u2019\u00a0\u00bbengagement de la RDC \u00e0 un dialogue direct avec ses compatriotes du M23&Prime;.   <\/p>\n<\/div>\n<div class=\"article__block\" data-type=\"text\">\n<p>Le gouvernement congolais accuse le Rwanda de soutenir le groupe rebelle M23, qui contr\u00f4le de vastes territoires dans l&rsquo;est de la RDC. Kigali nie son implication et d\u00e9nonce l&rsquo;assistance de Kinshasa aux Forces d\u00e9mocratiques pour la lib\u00e9ration du Rwanda, qui m\u00e8nent des raids depuis le territoire congolais.   <\/p>\n<\/div>\n<div class=\"article__block\" data-type=\"text\">\n<p>Le Pr\u00e9sident angolais m\u00e8ne une mission de m\u00e9diation visant \u00e0 trouver un r\u00e8glement au conflit qui oppose les deux voisins au Nord-Kivu.<\/p>\n<\/div>\n<\/div>\n<p><script async=\"async\" type=\"text\/plain\" class=\"_iub_cs_activate\" data-iub-purposes=\"3\" data-suppressedsrc=\"https:\/\/connect.facebook.net\/en_US\/sdk.js#xfbml=1&amp;version=v3.2\"><\/script><br \/>\n<br \/><br \/>\n<br \/><a href=\"https:\/\/fr.sputniknews.africa\/20241214\/echange-de-piques-entre-le-rwanda-et-la-rdc-la-veille-dun-sommet-sur-le-nord-kivu-1069718270.html\" target=\"_blank\"\">Source link <\/a><\/p>\n","protected":false},"excerpt":{"rendered":"<p>https:\/\/fr.sputniknews.africa\/20241214\/echange-de-piques-entre-le-rwanda-et-la-rdc-la-veille-dun-sommet-sur-le-nord-kivu-1069718270.html \u00c9change de piques entre le Rwanda et la RDC la veille d&rsquo;un sommet sur le Nord-Kivu \u00c9change de piques entre le Rwanda et la RDC la veille d&rsquo;un sommet&hellip; <\/p>\n","protected":false},"author":1,"featured_media":2210,"comment_status":"open","ping_status":"open","sticky":false,"template":"","format":"standard","meta":{"footnotes":""},"categories":[1],"tags":[],"class_list":["post-2209","post","type-post","status-publish","format-standard","has-post-thumbnail","hentry","category-non-classe"],"_links":{"self":[{"href":"https:\/\/monde25.info\/index.php\/wp-json\/wp\/v2\/posts\/2209","targetHints":{"allow":["GET"]}}],"collection":[{"href":"https:\/\/monde25.info\/index.php\/wp-json\/wp\/v2\/posts"}],"about":[{"href":"https:\/\/monde25.info\/index.php\/wp-json\/wp\/v2\/types\/post"}],"author":[{"embeddable":true,"href":"https:\/\/monde25.info\/index.php\/wp-json\/wp\/v2\/users\/1"}],"replies":[{"embeddable":true,"href":"https:\/\/monde25.info\/index.php\/wp-json\/wp\/v2\/comments?post=2209"}],"version-history":[{"count":0,"href":"https:\/\/monde25.info\/index.php\/wp-json\/wp\/v2\/posts\/2209\/revisions"}],"wp:featuredmedia":[{"embeddable":true,"href":"https:\/\/monde25.info\/index.php\/wp-json\/wp\/v2\/media\/2210"}],"wp:attachment":[{"href":"https:\/\/monde25.info\/index.php\/wp-json\/wp\/v2\/media?parent=2209"}],"wp:term":[{"taxonomy":"category","embeddable":true,"href":"https:\/\/monde25.info\/index.php\/wp-json\/wp\/v2\/categories?post=2209"},{"taxonomy":"post_tag","embeddable":true,"href":"https:\/\/monde25.info\/index.php\/wp-json\/wp\/v2\/tags?post=2209"}],"curies":[{"name":"wp","href":"https:\/\/api.w.org\/{rel}","templated":true}]}}