{"id":22091,"date":"2026-01-08T12:29:42","date_gmt":"2026-01-08T11:29:42","guid":{"rendered":"https:\/\/monde25.info\/index.php\/2026\/01\/08\/dehors-cest-lenfer-dans-un-paris-glacial-des-sans-abri-accueillis-en-urgence\/"},"modified":"2026-01-08T12:29:42","modified_gmt":"2026-01-08T11:29:42","slug":"dehors-cest-lenfer-dans-un-paris-glacial-des-sans-abri-accueillis-en-urgence","status":"publish","type":"post","link":"https:\/\/monde25.info\/index.php\/2026\/01\/08\/dehors-cest-lenfer-dans-un-paris-glacial-des-sans-abri-accueillis-en-urgence\/","title":{"rendered":"\u00ab\u00a0Dehors, c&#039;est l&#039;enfer\u00a0\u00bb\u00a0: dans un Paris glacial, des sans-abri accueillis en urgence"},"content":{"rendered":"<p> <br \/>\n<br \/><img loading=\"lazy\" decoding=\"async\" src=\"https:\/\/reporterre.net\/local\/cache-vignettes\/L700xH466\/2._tentes_couvertes_de_neige_a_pont_marie_resized-071b9.jpg?1767863867\" class=\"spip_logo\" width=\"700\" height=\"466\" alt=\"\" \/><\/p>\n<p>Avec ses 300 lits de camp install\u00e9s, le Carreau du Temple, \u00e0 Paris, s&rsquo;est transform\u00e9 en centre d&rsquo;h\u00e9bergement d&rsquo;urgence pour parer aux temp\u00e9ratures glaciales. \u00ab<small class=\"fine d-inline\">\u00a0<\/small>Dehors, c&rsquo;est l&rsquo;enfer<small class=\"fine d-inline\">\u00a0<\/small>\u00bb, confie une sans-abri. <br class=\"autobr\" \/><br \/>\nParis, reportage <br class=\"autobr\" \/><br \/>\n\u00ab<small class=\"fine d-inline\">\u00a0<\/small>J&rsquo;ai travers\u00e9 la mer avec ma fille de 5\u00a0ans, et j&rsquo;ai accouch\u00e9 de lui en Italie.<small class=\"fine d-inline\">\u00a0<\/small>\u00bb D&rsquo;une main d\u00e9licate, Fatoumata, originaire du Mali, caresse la nuque d&rsquo;un petit gar\u00e7on en \u00e9quilibre sur de fragiles gambettes. Les yeux riv\u00e9s sur sa brique de jus, le bonhomme peine \u00e0\u00a0(\u2026)<\/p>\n<p>                    <a target=\"_blank\" href=\"https:\/\/reporterre.net\/Dehors-c-est-l-enfer-dans-un-Paris-glacial-des-sans-abri-accueillis-en-urgence?utm_source=RSS&amp;utm_medium=RSS\">Lire la suite<\/a><\/p>\n<p>                    &#8211;<br \/>\n                        <a target=\"_blank\" href=\"https:\/\/reporterre.net\/Reportage\" rel=\"directory\">Reportage<\/a><\/p>\n<p>                    \/<br \/>\n                        <a target=\"_blank\" href=\"https:\/\/reporterre.net\/Social\" rel=\"tag\">Social<\/a><br \/>\n<br \/><br \/>\n<br \/><a href=\"https:\/\/reporterre.net\/Dehors-c-est-l-enfer-dans-un-Paris-glacial-des-sans-abri-accueillis-en-urgence\" target=\"_blank\"\">Source link <\/a><\/p>\n","protected":false},"excerpt":{"rendered":"<p>Avec ses 300 lits de camp install\u00e9s, le Carreau du Temple, \u00e0 Paris, s&rsquo;est transform\u00e9 en centre d&rsquo;h\u00e9bergement d&rsquo;urgence pour parer aux temp\u00e9ratures glaciales. \u00ab\u00a0Dehors, c&rsquo;est l&rsquo;enfer\u00a0\u00bb, confie une sans-abri.&hellip; <\/p>\n","protected":false},"author":1,"featured_media":0,"comment_status":"open","ping_status":"open","sticky":false,"template":"","format":"standard","meta":{"footnotes":""},"categories":[1],"tags":[],"class_list":["post-22091","post","type-post","status-publish","format-standard","hentry","category-non-classe"],"_links":{"self":[{"href":"https:\/\/monde25.info\/index.php\/wp-json\/wp\/v2\/posts\/22091","targetHints":{"allow":["GET"]}}],"collection":[{"href":"https:\/\/monde25.info\/index.php\/wp-json\/wp\/v2\/posts"}],"about":[{"href":"https:\/\/monde25.info\/index.php\/wp-json\/wp\/v2\/types\/post"}],"author":[{"embeddable":true,"href":"https:\/\/monde25.info\/index.php\/wp-json\/wp\/v2\/users\/1"}],"replies":[{"embeddable":true,"href":"https:\/\/monde25.info\/index.php\/wp-json\/wp\/v2\/comments?post=22091"}],"version-history":[{"count":0,"href":"https:\/\/monde25.info\/index.php\/wp-json\/wp\/v2\/posts\/22091\/revisions"}],"wp:attachment":[{"href":"https:\/\/monde25.info\/index.php\/wp-json\/wp\/v2\/media?parent=22091"}],"wp:term":[{"taxonomy":"category","embeddable":true,"href":"https:\/\/monde25.info\/index.php\/wp-json\/wp\/v2\/categories?post=22091"},{"taxonomy":"post_tag","embeddable":true,"href":"https:\/\/monde25.info\/index.php\/wp-json\/wp\/v2\/tags?post=22091"}],"curies":[{"name":"wp","href":"https:\/\/api.w.org\/{rel}","templated":true}]}}