{"id":22095,"date":"2026-01-08T14:08:38","date_gmt":"2026-01-08T13:08:38","guid":{"rendered":"https:\/\/monde25.info\/index.php\/2026\/01\/08\/dermatose-et-solidarite-limousins-et-charolais-desertent-le-salon-de-lagriculture\/"},"modified":"2026-01-08T14:08:38","modified_gmt":"2026-01-08T13:08:38","slug":"dermatose-et-solidarite-limousins-et-charolais-desertent-le-salon-de-lagriculture","status":"publish","type":"post","link":"https:\/\/monde25.info\/index.php\/2026\/01\/08\/dermatose-et-solidarite-limousins-et-charolais-desertent-le-salon-de-lagriculture\/","title":{"rendered":"Dermatose et solidarit\u00e9: Limousins et Charolais d\u00e9sertent le Salon de l&rsquo;Agriculture"},"content":{"rendered":"<p> <br \/>\n<\/p>\n<div>\n<p><strong>\u00c0 six semaines du Salon international de l\u2019agriculture, pr\u00e9vu du 21 f\u00e9vrier au 1er mars 2026 \u00e0 Paris, deux grandes races bovines fran\u00e7aises annoncent leur retrait des rings. Limousins et Charolais renoncent \u00e0 pr\u00e9senter des animaux, invoquant le risque sanitaire li\u00e9 \u00e0 la dermatose nodulaire contagieuse et d\u00e9non\u00e7ant la gestion de crise par les pouvoirs publics.<\/strong><\/p>\n<p>Craignant la propagation de la dermatose nodulaire contagieuse lors des transports et du s\u00e9jour parisien, des \u00e9leveurs de Haute-Vienne et de Corr\u00e8ze ont ouvert la voie. Micka\u00ebl Camus, habitu\u00e9 des podiums, r\u00e9sume le sentiment g\u00e9n\u00e9ral : \u00ab faire le moins de mouvements possibles. C\u2019est plus prudent de rester \u00e0 la maison \u00bb. Guy Bourbouloux y voit aussi une protestation contre la r\u00e9ponse de l\u2019\u00c9tat \u00e0 la crise sanitaire.<\/p>\n<p>Le Herd Book Limousin et France Limousin S\u00e9lection annoncent \u00ab annuler la pr\u00e9sence des bovins limousins au Salon de l\u2019agriculture et donc au concours g\u00e9n\u00e9ral agricole et \u00e0 la vente aux ench\u00e8res \u00bb. Une d\u00e9cision \u00ab prise de mani\u00e8re concert\u00e9e et responsable \u00bb, selon leurs mots, relay\u00e9s notamment par <em>Ici Limousin<\/em>. Pour Jean-Marc Alibert, pr\u00e9sident de France Limousin S\u00e9lection, le choix est \u00ab pris \u00e0 regret \u00bb mais jug\u00e9 \u00ab n\u00e9cessaire face au contexte sanitaire \u00bb, avec en toile de fond un d\u00e9saccord plus large sur le Mercosur.<\/p>\n<p>La Charolaise embo\u00eete le pas. Le Herd Book Charolais confirme qu\u2019\u00ab il n\u2019y aura pas de bovins charolais \u00e0 Paris \u00bb. L\u2019organisme pointe \u00ab le contexte agricole g\u00e9n\u00e9ral \u00bb, la col\u00e8re persistante des \u00e9leveurs et l\u2019abattage syst\u00e9matique des troupeaux contamin\u00e9s. Un geste assum\u00e9 de solidarit\u00e9 envers les exploitations durement touch\u00e9es, apr\u00e8s une ann\u00e9e 2025 d\u00e9j\u00e0 marqu\u00e9e par l\u2019annulation de nombreux concours.<\/p>\n<p>Les stands resteront ouverts, mais les animaux absents. Le Salon de l\u2019agriculture devra composer avec ce vide symbolique, r\u00e9v\u00e9lateur d\u2019une fili\u00e8re sous pression, qui a choisi le message politique plut\u00f4t que la vitrine habituelle.<\/p>\n<\/div>\n<p><script>(function(d, s, id) {  var js, fjs = d.getElementsByTagName(s)[0];  if (d.getElementById(id)) return;  js = d.createElement(s); js.id = id;  js.src = \"\/\/connect.facebook.net\/fr_FR\/sdk.js#xfbml=1&version=v2.3\";  fjs.parentNode.insertBefore(js, fjs);}(document, \"script\", \"facebook-jssdk\"));<\/script><br \/>\n<br \/><br \/>\n<br \/><a href=\"https:\/\/www.francesoir.fr\/politique-france\/dermatose-et-solidarite-limousins-et-charolais-desertent-le-salon-de-l-agriculture\" target=\"_blank\"\">Source link <\/a><\/p>\n","protected":false},"excerpt":{"rendered":"<p>\u00c0 six semaines du Salon international de l\u2019agriculture, pr\u00e9vu du 21 f\u00e9vrier au 1er mars 2026 \u00e0 Paris, deux grandes races bovines fran\u00e7aises annoncent leur retrait des rings. Limousins et&hellip; <\/p>\n","protected":false},"author":1,"featured_media":22096,"comment_status":"open","ping_status":"open","sticky":false,"template":"","format":"standard","meta":{"footnotes":""},"categories":[1],"tags":[],"class_list":["post-22095","post","type-post","status-publish","format-standard","has-post-thumbnail","hentry","category-non-classe"],"_links":{"self":[{"href":"https:\/\/monde25.info\/index.php\/wp-json\/wp\/v2\/posts\/22095","targetHints":{"allow":["GET"]}}],"collection":[{"href":"https:\/\/monde25.info\/index.php\/wp-json\/wp\/v2\/posts"}],"about":[{"href":"https:\/\/monde25.info\/index.php\/wp-json\/wp\/v2\/types\/post"}],"author":[{"embeddable":true,"href":"https:\/\/monde25.info\/index.php\/wp-json\/wp\/v2\/users\/1"}],"replies":[{"embeddable":true,"href":"https:\/\/monde25.info\/index.php\/wp-json\/wp\/v2\/comments?post=22095"}],"version-history":[{"count":0,"href":"https:\/\/monde25.info\/index.php\/wp-json\/wp\/v2\/posts\/22095\/revisions"}],"wp:featuredmedia":[{"embeddable":true,"href":"https:\/\/monde25.info\/index.php\/wp-json\/wp\/v2\/media\/22096"}],"wp:attachment":[{"href":"https:\/\/monde25.info\/index.php\/wp-json\/wp\/v2\/media?parent=22095"}],"wp:term":[{"taxonomy":"category","embeddable":true,"href":"https:\/\/monde25.info\/index.php\/wp-json\/wp\/v2\/categories?post=22095"},{"taxonomy":"post_tag","embeddable":true,"href":"https:\/\/monde25.info\/index.php\/wp-json\/wp\/v2\/tags?post=22095"}],"curies":[{"name":"wp","href":"https:\/\/api.w.org\/{rel}","templated":true}]}}