{"id":2211,"date":"2024-12-15T00:38:43","date_gmt":"2024-12-14T23:38:43","guid":{"rendered":"https:\/\/monde25.info\/index.php\/2024\/12\/15\/biden-bat-de-nouveaux-records-rt-en-francais\/"},"modified":"2024-12-15T00:38:43","modified_gmt":"2024-12-14T23:38:43","slug":"biden-bat-de-nouveaux-records-rt-en-francais","status":"publish","type":"post","link":"https:\/\/monde25.info\/index.php\/2024\/12\/15\/biden-bat-de-nouveaux-records-rt-en-francais\/","title":{"rendered":"Biden bat de nouveaux records \u2014 RT en fran\u00e7ais"},"content":{"rendered":"<p> <br \/>\n<br \/><img decoding=\"async\" src=\"https:\/\/mf.b37mrtl.ru\/french\/images\/2024.12\/thumbnail\/675c307287f3ec71647c0195.jpg\" \/><\/p>\n<div>\n<p class=\"text__summary\">\n                                        Apr\u00e8s la gr\u00e2ce controvers\u00e9e accord\u00e9e de son fils Hunter, Joe Biden s\u2019est une nouvelle fois illustr\u00e9 en la mati\u00e8re, en accordant 39 gr\u00e2ces et commuant pr\u00e8s de 1 500 peines d\u2019emprisonnement : un record en un seul jour pour un pr\u00e9sident am\u00e9ricain.\n                                    <\/p>\n<p>Dans un <a target=\"_blank\" href=\"https:\/\/www.whitehouse.gov\/briefing-room\/statements-releases\/2024\/12\/12\/statement-from-president-joe-biden-on-providing-clemency-for-nearly-1500-individuals-on-home-confinement-and-pardons-for-39-individuals-convicted-of-non-violent-crimes\/\" target=\"_blank\" rel=\"noopener noreferrer\">communiqu\u00e9<\/a> de la Maison Blanche publi\u00e9 le 12 d\u00e9cembre, le pr\u00e9sident am\u00e9ricain Joe Biden a annonc\u00e9 avoir graci\u00e9 39 personnes condamn\u00e9es pour des crimes\u00a0non violents\u00a0et commu\u00e9 en d\u00e9tention \u00e0 domicile les peines\u00a0de pr\u00e8s de 1 500 autres prisonniers.<\/p>\n<p>\u00abJe prendrai d\u2019autres mesures dans les semaines \u00e0 venir. Mon administration continuera d\u2019examiner les demandes de cl\u00e9mence pour faire progresser l\u2019\u00e9galit\u00e9 devant la loi, promouvoir la s\u00e9curit\u00e9 publique, soutenir la r\u00e9adaptation et la r\u00e9insertion, et offrir de v\u00e9ritables secondes chances\u00bb, a par ailleurs assur\u00e9 le pr\u00e9sident am\u00e9ricain sortant.<\/p>\n<p>Il <a target=\"_blank\" href=\"https:\/\/www.whitehouse.gov\/briefing-room\/statements-releases\/2024\/12\/12\/fact-sheet-president-biden-announces-clemency-for-nearly-1500-americans\/\" target=\"_blank\" rel=\"noopener noreferrer\">s&rsquo;agit<\/a> du\u00a0\u00abplus grand nombre jamais enregistr\u00e9 en une seule journ\u00e9e\u00bb, s&rsquo;est targu\u00e9 dans\u00a0un communiqu\u00e9 distinct la Maison Blanche.\u00a0Cette d\u00e9cision intervient moins de deux semaines\u00a0apr\u00e8s\u00a0la gr\u00e2ce accord\u00e9e par Joe Biden \u00e0\u00a0<a target=\"_blank\" href=\"https:\/\/www.whitehouse.gov\/briefing-room\/statements-releases\/2024\/12\/01\/statement-from-president-joe-biden-11\/\" target=\"_blank\" rel=\"noopener noreferrer\">son fils<\/a>\u00a0Hunter\u00a0au pr\u00e9texte qu&rsquo;il aurait \u00e9t\u00e9, selon lui, \u00abtrait\u00e9 diff\u00e9remment\u00bb par le syst\u00e8me judiciaire am\u00e9ricain\u00a0et \u00abpoursuivi de mani\u00e8re s\u00e9lective et injuste\u00bb.<\/p>\n<h2>La gr\u00e2ce du \u00abfils en difficult\u00e9\u00bb a uni les rivaux politiques<\/h2>\n<p>La gr\u00e2ce accord\u00e9e \u00e0 Hunter Biden, 54 ans, le 1er d\u00e9cembre, a suscit\u00e9 l&rsquo;indignation tant des r\u00e9publicains que de d\u00e9mocrates. Pour sa part, Donald Trump\u00a0a\u00a0<a target=\"_blank\" href=\"https:\/\/truthsocial.com\/@realDonaldTrump\/113580801259196546\" target=\"_blank\" rel=\"noopener noreferrer\">qualifi\u00e9<\/a>\u00a0cette gr\u00e2ce d&rsquo;\u00ababus\u00bb et\u00a0de \u00abd\u00e9ni de justice\u00bb, dans un message publi\u00e9 sur son r\u00e9seau\u00a0Truth Social.\u00a0<\/p>\n<p>Pendant la majeure partie de son mandat, Joe Biden avait d\u00e9clar\u00e9 a plusieurs reprises qu&rsquo;il n&rsquo;accorderait pas la gr\u00e2ce pr\u00e9sidentielle \u00e0 son fils. Une position que le Maison Blanche avait r\u00e9it\u00e9r\u00e9e d\u00e9but septembre, Hunter Biden ayant plaid\u00e9 coupable de fraude fiscale.<\/p>\n<p>En juin,\u00a0alors que\u00a0son fils avait \u00e9t\u00e9 reconnu coupable par un jury d&rsquo;avoir menti sur sa consommation de drogue sur un formulaire lors de l&rsquo;achat d&rsquo;une arme \u00e0 feu en 2018, Joe Biden avait d\u00e9clar\u00e9 qu&rsquo;il \u00abaccepterait l&rsquo;issue de cette affaire\u00bb. Le fils du pr\u00e9sident am\u00e9ricain encourait\u00a0jusqu\u2019\u00e0\u00a017 ans de prison pour fraude fiscale, et\u00a025 ans concernant l&rsquo;usage d\u2019armes \u00e0 feu.<\/p>\n<p>Lors de l&rsquo;annonce de cette gr\u00e2ce \u00abtotale et inconditionnelle\u00bb accord\u00e9e \u00e0 son fils, le pr\u00e9sident sortant avait pr\u00e9cis\u00e9 que celle-ci couvrait \u00abtoutes les infractions contre les \u00c9tats-Unis qu\u2019il a commises ou pourrait avoir commises\u00bb entre le 1er janvier 2014 et le 1er d\u00e9cembre 2024. Du \u00abjamais-vu\u00bb depuis la gr\u00e2ce accord\u00e9e \u00e0 Richard Nixon, avait\u00a0comment\u00e9 aupr\u00e8s de\u00a0<em>Politico<\/em> une ancienne procureure des gr\u00e2ces des \u00c9tats-Unis concernant ce bouclier judiciaire.<\/p>\n<\/div>\n<p><br \/>\n<br \/><a href=\"https:\/\/francais.rt.com\/international\/115346-usa-biden-condamnes-peines-records\" target=\"_blank\"\">Source link <\/a><\/p>\n","protected":false},"excerpt":{"rendered":"<p>Apr\u00e8s la gr\u00e2ce controvers\u00e9e accord\u00e9e de son fils Hunter, Joe Biden s\u2019est une nouvelle fois illustr\u00e9 en la mati\u00e8re, en accordant 39 gr\u00e2ces et commuant pr\u00e8s de 1 500 peines&hellip; <\/p>\n","protected":false},"author":1,"featured_media":2212,"comment_status":"open","ping_status":"open","sticky":false,"template":"","format":"standard","meta":{"footnotes":""},"categories":[1],"tags":[],"class_list":["post-2211","post","type-post","status-publish","format-standard","has-post-thumbnail","hentry","category-non-classe"],"_links":{"self":[{"href":"https:\/\/monde25.info\/index.php\/wp-json\/wp\/v2\/posts\/2211","targetHints":{"allow":["GET"]}}],"collection":[{"href":"https:\/\/monde25.info\/index.php\/wp-json\/wp\/v2\/posts"}],"about":[{"href":"https:\/\/monde25.info\/index.php\/wp-json\/wp\/v2\/types\/post"}],"author":[{"embeddable":true,"href":"https:\/\/monde25.info\/index.php\/wp-json\/wp\/v2\/users\/1"}],"replies":[{"embeddable":true,"href":"https:\/\/monde25.info\/index.php\/wp-json\/wp\/v2\/comments?post=2211"}],"version-history":[{"count":0,"href":"https:\/\/monde25.info\/index.php\/wp-json\/wp\/v2\/posts\/2211\/revisions"}],"wp:featuredmedia":[{"embeddable":true,"href":"https:\/\/monde25.info\/index.php\/wp-json\/wp\/v2\/media\/2212"}],"wp:attachment":[{"href":"https:\/\/monde25.info\/index.php\/wp-json\/wp\/v2\/media?parent=2211"}],"wp:term":[{"taxonomy":"category","embeddable":true,"href":"https:\/\/monde25.info\/index.php\/wp-json\/wp\/v2\/categories?post=2211"},{"taxonomy":"post_tag","embeddable":true,"href":"https:\/\/monde25.info\/index.php\/wp-json\/wp\/v2\/tags?post=2211"}],"curies":[{"name":"wp","href":"https:\/\/api.w.org\/{rel}","templated":true}]}}