{"id":22114,"date":"2026-01-08T19:38:34","date_gmt":"2026-01-08T18:38:34","guid":{"rendered":"https:\/\/monde25.info\/index.php\/2026\/01\/08\/amazonie-les-geants-du-soja-quittent-le-moratoire-contre-la-deforestation\/"},"modified":"2026-01-08T19:38:34","modified_gmt":"2026-01-08T18:38:34","slug":"amazonie-les-geants-du-soja-quittent-le-moratoire-contre-la-deforestation","status":"publish","type":"post","link":"https:\/\/monde25.info\/index.php\/2026\/01\/08\/amazonie-les-geants-du-soja-quittent-le-moratoire-contre-la-deforestation\/","title":{"rendered":"Amazonie\u00a0: les g\u00e9ants du soja quittent le moratoire contre la d\u00e9forestation"},"content":{"rendered":"<p> <br \/>\n<br \/><img loading=\"lazy\" decoding=\"async\" src=\"https:\/\/reporterre.net\/local\/cache-vignettes\/L700xH467\/operacao_hymenaea__julho-2016__29399454651_1_-2-48390.jpg?1767888808\" class=\"spip_logo\" width=\"700\" height=\"467\" alt=\"\" \/><\/p>\n<p>Un des principaux remparts contre la d\u00e9forestation dans la plus grande for\u00eat tropicale de la plan\u00e8te est en train de s&rsquo;effondrer. Le 5\u00a0janvier, l&rsquo;Association br\u00e9silienne des principaux n\u00e9gociants de soja (Abiove), \u00e0 laquelle appartiennent des g\u00e9ants mondiaux comme l&rsquo;\u00e9tasunien Cargill ou le fran\u00e7ais Louis Dreyfus, a officiellement annonc\u00e9 qu&rsquo;elle quittait le moratoire sur le soja en Amazonie. Cette d\u00e9cision fait suite \u00e0 une loi de l&rsquo;\u00c9tat du Mato Grosso entr\u00e9e en vigueur le 1\u1d49\u02b3\u00a0janvier 2026,\u00a0(\u2026)<\/p>\n<p>                    <a target=\"_blank\" href=\"https:\/\/reporterre.net\/Amazonie-les-geants-du-soja-quittent-le-moratoire-contre-la-deforestation?utm_source=RSS&amp;utm_medium=RSS\">Lire la suite<\/a><\/p>\n<p>                    &#8211;<br \/>\n                        <a target=\"_blank\" href=\"https:\/\/reporterre.net\/Breves-20\" rel=\"directory\">En bref<\/a><\/p>\n<p>                    \/<br \/>\n                        <a target=\"_blank\" href=\"https:\/\/reporterre.net\/Agriculture\" rel=\"tag\">Agriculture<\/a><br \/>\n                    ,<br \/>\n                        <a target=\"_blank\" href=\"https:\/\/reporterre.net\/Forets-tropicales\" rel=\"tag\">For\u00eats tropicales<\/a><br \/>\n<br \/><br \/>\n<br \/><a href=\"https:\/\/reporterre.net\/Amazonie-les-geants-du-soja-quittent-le-moratoire-contre-la-deforestation\" target=\"_blank\"\">Source link <\/a><\/p>\n","protected":false},"excerpt":{"rendered":"<p>Un des principaux remparts contre la d\u00e9forestation dans la plus grande for\u00eat tropicale de la plan\u00e8te est en train de s&rsquo;effondrer. Le 5\u00a0janvier, l&rsquo;Association br\u00e9silienne des principaux n\u00e9gociants de soja&hellip; <\/p>\n","protected":false},"author":1,"featured_media":0,"comment_status":"open","ping_status":"open","sticky":false,"template":"","format":"standard","meta":{"footnotes":""},"categories":[1],"tags":[],"class_list":["post-22114","post","type-post","status-publish","format-standard","hentry","category-non-classe"],"_links":{"self":[{"href":"https:\/\/monde25.info\/index.php\/wp-json\/wp\/v2\/posts\/22114","targetHints":{"allow":["GET"]}}],"collection":[{"href":"https:\/\/monde25.info\/index.php\/wp-json\/wp\/v2\/posts"}],"about":[{"href":"https:\/\/monde25.info\/index.php\/wp-json\/wp\/v2\/types\/post"}],"author":[{"embeddable":true,"href":"https:\/\/monde25.info\/index.php\/wp-json\/wp\/v2\/users\/1"}],"replies":[{"embeddable":true,"href":"https:\/\/monde25.info\/index.php\/wp-json\/wp\/v2\/comments?post=22114"}],"version-history":[{"count":0,"href":"https:\/\/monde25.info\/index.php\/wp-json\/wp\/v2\/posts\/22114\/revisions"}],"wp:attachment":[{"href":"https:\/\/monde25.info\/index.php\/wp-json\/wp\/v2\/media?parent=22114"}],"wp:term":[{"taxonomy":"category","embeddable":true,"href":"https:\/\/monde25.info\/index.php\/wp-json\/wp\/v2\/categories?post=22114"},{"taxonomy":"post_tag","embeddable":true,"href":"https:\/\/monde25.info\/index.php\/wp-json\/wp\/v2\/tags?post=22114"}],"curies":[{"name":"wp","href":"https:\/\/api.w.org\/{rel}","templated":true}]}}