{"id":22117,"date":"2026-01-08T20:44:42","date_gmt":"2026-01-08T19:44:42","guid":{"rendered":"https:\/\/monde25.info\/index.php\/2026\/01\/08\/e202-e224-e250-ces-additifs-alimentaires-aggravent-les-risques-de-cancer-et-de-diabete\/"},"modified":"2026-01-08T20:44:42","modified_gmt":"2026-01-08T19:44:42","slug":"e202-e224-e250-ces-additifs-alimentaires-aggravent-les-risques-de-cancer-et-de-diabete","status":"publish","type":"post","link":"https:\/\/monde25.info\/index.php\/2026\/01\/08\/e202-e224-e250-ces-additifs-alimentaires-aggravent-les-risques-de-cancer-et-de-diabete\/","title":{"rendered":"E202, E224, E250&#8230; Ces additifs alimentaires aggravent les risques de cancer et de diab\u00e8te"},"content":{"rendered":"<p> <br \/>\n<br \/><img loading=\"lazy\" decoding=\"async\" src=\"https:\/\/reporterre.net\/local\/cache-vignettes\/L700xH467\/afp__20250224__hl_quentindegroeve_2677077__v1__highres__franceilustrationsiasausage_1_-601cb.jpg?1767887248\" class=\"spip_logo\" width=\"700\" height=\"467\" alt=\"\" \/><\/p>\n<p>Les conservateurs augmentent la dur\u00e9e de vie des produits alimentaires, mais pas celle des individus. Consommer ces produits augmenterait les risques de cancer et de diab\u00e8te, selon deux \u00e9tudes. <br class=\"autobr\" \/> Codifi\u00e9s de E200 \u00e0 E399, les conservateurs sont des additifs alimentaires largement utilis\u00e9s par l&rsquo;industrie pour allonger la dur\u00e9e de vie des produits. Mais leurs effets ne s&rsquo;arr\u00eatent pas l\u00e0. Une \u00e9quipe fran\u00e7aise a montr\u00e9 les liens entre la consommation de ces additifs et l&rsquo;augmentation des\u00a0(\u2026)<\/p>\n<p>                    <a target=\"_blank\" href=\"https:\/\/reporterre.net\/Charcuterie-plats-prepares-Les-additifs-aggravent-les-risques-de-cancer-et-de-diabete?utm_source=RSS&amp;utm_medium=RSS\">Lire la suite<\/a><\/p>\n<p>                    &#8211;<br \/>\n                        <a target=\"_blank\" href=\"https:\/\/reporterre.net\/Autres-infos\" rel=\"directory\">Info<\/a><\/p>\n<p>                    \/<br \/>\n                        <a target=\"_blank\" href=\"https:\/\/reporterre.net\/Sante\" rel=\"tag\">Sant\u00e9<\/a><br \/>\n                    ,<br \/>\n                        <a target=\"_blank\" href=\"https:\/\/reporterre.net\/Alimentation\" rel=\"tag\">Alimentation<\/a><br \/>\n<br \/><br \/>\n<br \/><a href=\"https:\/\/reporterre.net\/Charcuterie-plats-prepares-Les-additifs-aggravent-les-risques-de-cancer-et-de-diabete\" target=\"_blank\"\">Source link <\/a><\/p>\n","protected":false},"excerpt":{"rendered":"<p>Les conservateurs augmentent la dur\u00e9e de vie des produits alimentaires, mais pas celle des individus. Consommer ces produits augmenterait les risques de cancer et de diab\u00e8te, selon deux \u00e9tudes. Codifi\u00e9s&hellip; <\/p>\n","protected":false},"author":1,"featured_media":0,"comment_status":"open","ping_status":"open","sticky":false,"template":"","format":"standard","meta":{"footnotes":""},"categories":[1],"tags":[],"class_list":["post-22117","post","type-post","status-publish","format-standard","hentry","category-non-classe"],"_links":{"self":[{"href":"https:\/\/monde25.info\/index.php\/wp-json\/wp\/v2\/posts\/22117","targetHints":{"allow":["GET"]}}],"collection":[{"href":"https:\/\/monde25.info\/index.php\/wp-json\/wp\/v2\/posts"}],"about":[{"href":"https:\/\/monde25.info\/index.php\/wp-json\/wp\/v2\/types\/post"}],"author":[{"embeddable":true,"href":"https:\/\/monde25.info\/index.php\/wp-json\/wp\/v2\/users\/1"}],"replies":[{"embeddable":true,"href":"https:\/\/monde25.info\/index.php\/wp-json\/wp\/v2\/comments?post=22117"}],"version-history":[{"count":0,"href":"https:\/\/monde25.info\/index.php\/wp-json\/wp\/v2\/posts\/22117\/revisions"}],"wp:attachment":[{"href":"https:\/\/monde25.info\/index.php\/wp-json\/wp\/v2\/media?parent=22117"}],"wp:term":[{"taxonomy":"category","embeddable":true,"href":"https:\/\/monde25.info\/index.php\/wp-json\/wp\/v2\/categories?post=22117"},{"taxonomy":"post_tag","embeddable":true,"href":"https:\/\/monde25.info\/index.php\/wp-json\/wp\/v2\/tags?post=22117"}],"curies":[{"name":"wp","href":"https:\/\/api.w.org\/{rel}","templated":true}]}}