{"id":22137,"date":"2026-01-09T05:32:52","date_gmt":"2026-01-09T04:32:52","guid":{"rendered":"https:\/\/monde25.info\/index.php\/2026\/01\/09\/la-france-en-derniere-position-dans-une-etude-mondiale-en-matiere-doptimisme-pour-2026-rt-en-francais\/"},"modified":"2026-01-09T05:32:52","modified_gmt":"2026-01-09T04:32:52","slug":"la-france-en-derniere-position-dans-une-etude-mondiale-en-matiere-doptimisme-pour-2026-rt-en-francais","status":"publish","type":"post","link":"https:\/\/monde25.info\/index.php\/2026\/01\/09\/la-france-en-derniere-position-dans-une-etude-mondiale-en-matiere-doptimisme-pour-2026-rt-en-francais\/","title":{"rendered":"La France en derni\u00e8re position dans une \u00e9tude mondiale en mati\u00e8re d\u2019optimisme pour 2026 \u2014 RT en fran\u00e7ais"},"content":{"rendered":"<p> <br \/>\n<br \/><img decoding=\"async\" src=\"https:\/\/mf.b37mrtl.ru\/french\/images\/2026.01\/thumbnail\/695f6d216f7ccc73f117ce17.jpg\" \/><\/p>\n<div>\n<p class=\"text__summary\">\n                                        Selon un rapport Ipsos publi\u00e9 fin d\u00e9cembre 2025, seuls 41% des Fran\u00e7ais se disent optimistes pour l\u2019ann\u00e9e \u00e0 venir, pla\u00e7ant l\u2019Hexagone en queue de peloton mondial, loin derri\u00e8re la moyenne de 71%. Ce pessimisme record s\u2019accentue, avec une baisse de 9 points par rapport \u00e0 2024, refl\u00e9tant des inqui\u00e9tudes notamment s\u00e9curitaires et \u00e9conomiques.\n                                    <\/p>\n<p>Ce constat alarmant issu de l\u2019enqu\u00eate Ipsos men\u00e9e aupr\u00e8s de 23 700 adultes dans 30 pays met en lumi\u00e8re un foss\u00e9 grandissant entre la perception nationale et les perspectives globales, o\u00f9 la France enregistre la plus forte r\u00e9gression d\u2019optimisme.<\/p>\n<p><a target=\"_blank\" href=\"https:\/\/x.com\/75Borr\/status\/2008212039311708533?s=20\"\/>Sur les trente pays test\u00e9s, la France se situe en derni\u00e8re position en mati\u00e8re d\u2019optimisme.<\/p>\n<p>\u00a0<\/p>\n<h2>Inqui\u00e9tudes multiples et intentions personnelles<\/h2>\n<p>\u00a0<\/p>\n<p>Malgr\u00e9 un bilan personnel plus nuanc\u00e9 pour 2025, 55 % des Fran\u00e7ais estiment que l\u2019ann\u00e9e n\u2019a pas \u00e9t\u00e9 mauvaise pour eux et leur famille, contre 50\u00a0% en moyenne mondiale, les pronostics pour 2026 restent sombres. Une majorit\u00e9 (85\u00a0%) juge 2025 n\u00e9gative pour le pays, ex aequo avec la Cor\u00e9e du Sud au sommet du pessimisme. <a target=\"_blank\" href=\"https:\/\/francais.rt.com\/france\/126348-fmi-crise-politique-francaise-menace-croissance-2025\">Sur l\u2019\u00e9conomie, 56\u00a0% des Fran\u00e7ais anticipent une r\u00e9cession alors que les chiffres d&rsquo;octobre du FMI \u00e9taient plut\u00f4t inqui\u00e9tants<\/a>, et seuls 21\u00a0% une am\u00e9lioration mondiale, contre 49\u00a0% globalement.<\/p>\n<p><a target=\"_blank\" href=\"https:\/\/x.com\/francaispresse\/status\/2008199357967868173?s=20\"\/>Les pr\u00e9occupations s\u00e9curitaires dominent : 65\u00a0% doutent d\u2019une fin \u00e0 la guerre en Ukraine (contre 49\u00a0% mondialement), 41\u00a0% craignent une attaque terroriste majeure, et 70\u00a0% s\u2019attendent \u00e0 des troubles publics. Sur le climat, 83\u00a0% pr\u00e9voient une hausse des temp\u00e9ratures et 76 % une multiplication des \u00e9v\u00e9nements extr\u00eames, des scores sup\u00e9rieurs \u00e0 la moyenne.<\/p>\n<p>C\u00f4t\u00e9 intentions, 73\u00a0% veulent renforcer les liens familiaux, 57\u00a0% faire plus d\u2019exercice, et 40\u00a0% r\u00e9duire l\u2019usage des r\u00e9seaux sociaux, signe d\u2019une prise de conscience des impacts sur le bien-\u00eatre.<\/p>\n<p>Les r\u00e9actions sur les r\u00e9seaux sociaux soulignent cette morosit\u00e9. Sur X, l\u2019\u00e9mission Les Grandes Gueules relaye : \u00ab\u00a06 personnes sur 10 pensent que 2026 sera pire que 2025\u00a0\u00bb, avec une intervenante affirmant : \u00ab\u00a0On les appelle pessimistes mais ils sont lucides ! Les m\u00e9dias, on dirait des pervers narcissiques !\u00a0\u00bb<\/p>\n<div class=\"rtcode\">\n<blockquote class=\"twitter-tweet\">\n<p lang=\"fr\" dir=\"ltr\">\ud83c\udf89 6 personnes sur 10 pensent que 2026 sera pire que 2025<\/p>\n<p>\ud83d\udde3\ufe0f <a target=\"_blank\" href=\"https:\/\/twitter.com\/fatimaxx?ref_src=twsrc%5Etfw\">@fatimaxx<\/a> : \u00ab\u00a0On les appelle pessimistes mais ils sont lucides ! Les m\u00e9dias, on dirait des pervers narcissiques ! Ils disent qu&rsquo;on est en guerre et apr\u00e8s ils disent \u00ab\u00a0c&rsquo;est bizarre vous n&rsquo;avez pas confiance\u00a0\u00bb !\u00a0\u00bb<a target=\"_blank\" href=\"https:\/\/twitter.com\/hashtag\/GGRMC?src=hash&amp;ref_src=twsrc%5Etfw\">#GGRMC<\/a><a target=\"_blank\" href=\"https:\/\/t.co\/ym4Gnk6c88\">pic.twitter.com\/ym4Gnk6c88<\/a><\/p>\n<p>\u2014 Les Grandes Gueules (@GG_RMC) <a target=\"_blank\" href=\"https:\/\/twitter.com\/GG_RMC\/status\/2005944823824441664?ref_src=twsrc%5Etfw\">December 30, 2025<\/a><\/p><\/blockquote>\n<\/div>\n<p><a target=\"_blank\" href=\"https:\/\/x.com\/GG_RMC\/status\/2005944823824441664?s=20\"\/><a target=\"_blank\" href=\"https:\/\/francais.rt.com\/france\/126885-cote-de-confiance-d-emmanuel-macron-s-effondre-a-un-niveau-historique-selon-un-sondage\">La cote du pr\u00e9sident, historiquement basse, illustre ce rejet de la classe politique<\/a>.<br \/>M\u00eame l\u2019int\u00e9r\u00eat pour la Coupe du monde de football 2026 reste ti\u00e8de : 49 % pr\u00e9voient de la suivre, contre 89 % des Argentins. Ce tableau d\u00e9peint une nation en qu\u00eate de renouveau, mais plomb\u00e9e par un scepticisme profond vis-\u00e0-vis de l\u2019avenir.<\/p>\n<\/div>\n<p><script async src=\"\/\/platform.twitter.com\/widgets.js\" charset=\"utf-8\"><\/script><br \/>\n<br \/><br \/>\n<br \/><a href=\"https:\/\/francais.rt.com\/france\/129177-france-derniere-position-dans-etude-mondiale-en-matiere-optimisme\" target=\"_blank\"\">Source link <\/a><\/p>\n","protected":false},"excerpt":{"rendered":"<p>Selon un rapport Ipsos publi\u00e9 fin d\u00e9cembre 2025, seuls 41% des Fran\u00e7ais se disent optimistes pour l\u2019ann\u00e9e \u00e0 venir, pla\u00e7ant l\u2019Hexagone en queue de peloton mondial, loin derri\u00e8re la moyenne&hellip; <\/p>\n","protected":false},"author":1,"featured_media":22138,"comment_status":"open","ping_status":"open","sticky":false,"template":"","format":"standard","meta":{"footnotes":""},"categories":[1],"tags":[],"class_list":["post-22137","post","type-post","status-publish","format-standard","has-post-thumbnail","hentry","category-non-classe"],"_links":{"self":[{"href":"https:\/\/monde25.info\/index.php\/wp-json\/wp\/v2\/posts\/22137","targetHints":{"allow":["GET"]}}],"collection":[{"href":"https:\/\/monde25.info\/index.php\/wp-json\/wp\/v2\/posts"}],"about":[{"href":"https:\/\/monde25.info\/index.php\/wp-json\/wp\/v2\/types\/post"}],"author":[{"embeddable":true,"href":"https:\/\/monde25.info\/index.php\/wp-json\/wp\/v2\/users\/1"}],"replies":[{"embeddable":true,"href":"https:\/\/monde25.info\/index.php\/wp-json\/wp\/v2\/comments?post=22137"}],"version-history":[{"count":0,"href":"https:\/\/monde25.info\/index.php\/wp-json\/wp\/v2\/posts\/22137\/revisions"}],"wp:featuredmedia":[{"embeddable":true,"href":"https:\/\/monde25.info\/index.php\/wp-json\/wp\/v2\/media\/22138"}],"wp:attachment":[{"href":"https:\/\/monde25.info\/index.php\/wp-json\/wp\/v2\/media?parent=22137"}],"wp:term":[{"taxonomy":"category","embeddable":true,"href":"https:\/\/monde25.info\/index.php\/wp-json\/wp\/v2\/categories?post=22137"},{"taxonomy":"post_tag","embeddable":true,"href":"https:\/\/monde25.info\/index.php\/wp-json\/wp\/v2\/tags?post=22137"}],"curies":[{"name":"wp","href":"https:\/\/api.w.org\/{rel}","templated":true}]}}