{"id":22140,"date":"2026-01-09T09:24:45","date_gmt":"2026-01-09T08:24:45","guid":{"rendered":"https:\/\/monde25.info\/index.php\/2026\/01\/09\/les-etats-unis-se-retirent-de-66-organisations-internationales-une-decision-majeure-et-ses-repercussions\/"},"modified":"2026-01-09T09:24:45","modified_gmt":"2026-01-09T08:24:45","slug":"les-etats-unis-se-retirent-de-66-organisations-internationales-une-decision-majeure-et-ses-repercussions","status":"publish","type":"post","link":"https:\/\/monde25.info\/index.php\/2026\/01\/09\/les-etats-unis-se-retirent-de-66-organisations-internationales-une-decision-majeure-et-ses-repercussions\/","title":{"rendered":"Les \u00c9tats-Unis se retirent de 66 organisations internationales : une d\u00e9cision majeure et ses r\u00e9percussions"},"content":{"rendered":"<p> <br \/>\n<\/p>\n<div>\n<p>Le 7 janvier 2026, le pr\u00e9sident Donald J. Trump a sign\u00e9 <a target=\"_blank\" href=\"https:\/\/www.state.gov\/releases\/office-of-the-spokesperson\/2026\/01\/withdrawal-from-wasteful-ineffective-or-harmful-international-organizations\/\">un m\u00e9morandum pr\u00e9sidentiel ordonnant le retrait des \u00c9tats-Unis de 66 organisations internationales<\/a>, jug\u00e9es contraires aux int\u00e9r\u00eats am\u00e9ricains. Cette mesure, issue d&rsquo;un examen approfondi mandat\u00e9 <a target=\"_blank\" href=\"https:\/\/www.whitehouse.gov\/presidential-actions\/2026\/01\/withdrawing-the-united-states-from-international-organizations-conventions-and-treaties-that-are-contrary-to-the-interests-of-the-united-states\/%20ca\">par le d\u00e9cret ex\u00e9cutif 14199 du 4 f\u00e9vrier 2025<\/a>, marque <strong>un tournant significatif dans la politique \u00e9trang\u00e8re am\u00e9ricaine<\/strong>, privil\u00e9giant <strong>la souverainet\u00e9 nationale et la r\u00e9duction des d\u00e9penses jug\u00e9es inutiles<\/strong>. Selon la Maison Blanche, ces retraits visent \u00e0 mettre fin au financement par les contribuables am\u00e9ricains d&rsquo;entit\u00e9s qui promeuvent des agendas \u00ab\u00a0globalistes\u00a0\u00bb au d\u00e9triment des priorit\u00e9s am\u00e9ricaines. Le secr\u00e9taire d&rsquo;\u00c9tat Marco Rubio <a target=\"_blank\" href=\"https:\/\/www.theenergymix.com\/breaking-u-s-exits-un-climate-bodies-66-international-organizations\/\">a qualifi\u00e9 ces institutions de<\/a> \u00ab\u00a0<em>redondantes, mal g\u00e9r\u00e9es, inutiles, gaspilleuses ou captur\u00e9es par des acteurs hostiles<\/em>\u00a0\u00bb.<\/p>\n<p>Cette annonce a suscit\u00e9 des <a target=\"_blank\" href=\"https:\/\/www.pbs.org\/newshour\/world\/u-s-will-leave-66-international-organizations-as-trump-further-retreats-from-global-cooperation\">r\u00e9actions vives sur la sc\u00e8ne internationale<\/a>, avec des soutiens soulignant une \u00ab\u00a0<em>remise \u00e0 z\u00e9ro<\/em>\u00a0\u00bb n\u00e9cessaire et des critiques d\u00e9non\u00e7ant un repli isolationniste.<\/p>\n<h5>\u00a0<\/h5>\n<h5><strong>Les cat\u00e9gories d&rsquo;organisations concern\u00e9es<\/strong><\/h5>\n<p>Les organisations vis\u00e9es sont divis\u00e9es en deux grandes cat\u00e9gories : les entit\u00e9s non affili\u00e9es aux Nations Unies (35) et celles li\u00e9es \u00e0 l&rsquo;ONU (31). Cette classification refl\u00e8te une critique plus large des institutions multilat\u00e9rales, accus\u00e9es de promouvoir des id\u00e9ologies progressistes comme les mandats DEI (diversit\u00e9, \u00e9quit\u00e9, inclusion), les campagnes pour l&rsquo;\u00e9quit\u00e9 de genre ou l&rsquo;orthodoxie climatique, au d\u00e9triment de la souverainet\u00e9 am\u00e9ricaine.<\/p>\n<p>Pour les organismes principaux, nous pr\u00e9sentons ci-dessous sa date de cr\u00e9ation, son budget (le plus r\u00e9cent disponible, avec l&rsquo;ann\u00e9e) et une liste de r\u00e9alisations cl\u00e9s, v\u00e9rifi\u00e9es \u00e0 partir de sources r\u00e9put\u00e9es fiables et sites officiels.<\/p>\n<h5><strong>Organisations non affili\u00e9es aux Nations Unies<\/strong><\/h5>\n<p>Cette cat\u00e9gorie inclut des forums sp\u00e9cialis\u00e9s sur l&rsquo;environnement, l&rsquo;\u00e9nergie, la s\u00e9curit\u00e9 et la culture. Parmi les plus notables :<\/p>\n<ul>\n<li>\n<p>Le <strong>Pacte pour une \u00e9nergie sans carbone 24\/7<\/strong> (24\/7 Carbon-Free Energy Compact) c<a target=\"_blank\" href=\"https:\/\/www.seforall.org\/press-releases\/energy-leaders-launch-247-carbon-free-energy-compact\">r\u00e9\u00e9 en septembre 2021<\/a>. Le budget de cette organisation n\u2019est pas disponible dans les sources consult\u00e9es.\u00a0<\/p>\n<p><img decoding=\"async\" data-entity-uuid=\"6277e50b-17f0-40e7-b2f5-34d6484ca46b\" data-entity-type=\"file\" alt=\"ENERGY\" width=\"226\" height=\"186\" class=\"align-center lazyload\" loading=\"lazy\" src=\"https:\/\/www.francesoir.fr\/sites\/default\/files\/inline-images\/image_887.png\"\/><\/p>\n<p>Parmi les r\u00e9alisations on compte le lancement d&rsquo;une initiative globale pour acc\u00e9l\u00e9rer la transition vers un secteur \u00e9lectrique sans carbone ; un partenariat avec Sustainable Energy for All et UN-Energy ; l\u2019appel \u00e0 rejoindre pour la COP26 ; le d\u00e9veloppement de principes et actions pour la d\u00e9carbonisation horaire des r\u00e9seaux \u00e9lectriques ; la publication de rapports et \u00e9tudes de cas sur la transition \u00e9nerg\u00e9tique \u00e9quitable ; un programme avec <a target=\"_blank\" href=\"https:\/\/www.c40.org\/news\/c40-and-google-launch-24-7-carbon-free-energy\/\">C40 et Google<\/a> pour des villes sans carbone 24\/7 ; la mobilisation d&rsquo;acteurs pour des politiques, achats et outils favorisant l&rsquo;\u00e9nergie sans carbone ; le soutien \u00e0 des villes pilotes comme Londres, Copenhague et Paris ; la r\u00e9duction des \u00e9missions via un \u00ab\u00a0ad\u00e9quation\u00a0\u00bb horaire d&rsquo;\u00e9nergie propre ; et un partenariat public-priv\u00e9 pour d\u00e9carboniser les grilles \u00e9lectriques mondiales.<br \/>\u00a0<\/p>\n<\/li>\n<li>\n<p><strong>L&rsquo;Alliance solaire internationale<\/strong> (International Solar Alliance), <a target=\"_blank\" href=\"https:\/\/en.wikipedia.org\/wiki\/International_Solar_Alliance\">cr\u00e9\u00e9e le 30 novembre 2015<\/a>. Son budget actuel n\u2019est pas disponible avec une contribution indienne initiale de 1,75 milliard de roupies pour le campus et les cinq premi\u00e8res ann\u00e9es.\u00a0<\/p>\n<p><img decoding=\"async\" alt=\"isa\" width=\"322\" height=\"117\" class=\"align-center lazyload\" loading=\"lazy\" src=\"https:\/\/upload.wikimedia.org\/wikipedia\/en\/thumb\/4\/44\/ISA_Logo_2021.png\/250px-ISA_Logo_2021.png\"\/><\/p>\n<p>Parmi les r\u00e9alisations recens\u00e9es\u00a0: une proposition par Narendra Modi en 2015 ; le lancement \u00e0 la COP21 ; un accord-cadre sign\u00e9 par 102 pays en 2016 ; un partenariat avec la Banque mondiale pour mobiliser 1 trillion de dollars en investissements solaires d&rsquo;ici 2030 ; le lancement du Global Solar Atlas ; un soutien \u00e0 l&rsquo;objectif indien de 100 GW solaires d&rsquo;ici 2022 ; l\u2019attraction de plus de 120 membres ; la coop\u00e9ration en R&amp;D solaire dans les pays en d\u00e9veloppement ; un engagement pour l&rsquo;\u00e9nergie solaire abordable dans les communaut\u00e9s isol\u00e9es ; et la facilitation de la coop\u00e9ration globale en politique solaire.<br \/>\u00a0<\/p>\n<\/li>\n<li>\n<p><strong>Le <\/strong><a target=\"_blank\" href=\"https:\/\/en.wikipedia.org\/wiki\/Intergovernmental_Panel_on_Climate_Change\"><strong>Panel intergouvernemental sur l&rsquo;\u00e9volution du climat<\/strong><\/a> (Intergovernmental Panel on Climate Change, IPCC), cr\u00e9\u00e9 en 1988, avec un budget d\u2019environ 6 millions d&rsquo;euros en 2021 et moins de 8 millions en 2022.\u00a0<br \/>\u00a0<\/p>\n<p><img decoding=\"async\" alt=\"undefined\" width=\"304\" height=\"166\" class=\"align-center lazyload\" loading=\"lazy\" src=\"https:\/\/upload.wikimedia.org\/wikipedia\/commons\/thumb\/1\/10\/Intergovernmental_Panel_on_Climate_Change_Logo.svg\/2560px-Intergovernmental_Panel_on_Climate_Change_Logo.svg.png\"\/><\/p>\n<p>Les r\u00e9alisations identifi\u00e9es\u00a0: la fourniture d&rsquo;informations scientifiques pour les politiques climatiques ; le partage du Prix Nobel de la Paix 2007 avec Al Gore ; l\u2019influence sur l&rsquo;Accord de Paris 2015 via le cinqui\u00e8me rapport ; le rapport sp\u00e9cial sur le r\u00e9chauffement de 1,5\u00b0C en 2018 ; sixi\u00e8me rapport d&rsquo;\u00e9valuation (2021-2023) comme avertissement le plus fort sur les changements climatiques ; les rapports sur le climat et les terres (2019) et sur l&rsquo;oc\u00e9an\/cryosph\u00e8re (2019) ; les m\u00e9thodologies pour estimer les \u00e9missions de gaz \u00e0 effet de serre (directives 2006 et raffinements 2019) ; et des information des n\u00e9gociations annuelles de l&rsquo;UNFCCC.<br \/>\u00a0<\/p>\n<\/li>\n<li>\n<p><strong>L&rsquo;Union internationale pour la conservation de la nature<\/strong> (International Union for Conservation of Nature, IUCN), <a target=\"_blank\" href=\"https:\/\/en.wikipedia.org\/wiki\/International_Union_for_Conservation_of_Nature\">cr\u00e9\u00e9e le 5 octobre 1948<\/a>, avec un budget de 140,7 millions de CHF (148 millions USD) en 2019.\u00a0<br \/>\u00a0<\/p>\n<p><img decoding=\"async\" alt=\"iucn\" width=\"263\" height=\"251\" class=\"align-center lazyload\" loading=\"lazy\" src=\"https:\/\/upload.wikimedia.org\/wikipedia\/commons\/thumb\/f\/fa\/IUCN_logo.svg\/1280px-IUCN_logo.svg.png\"\/><\/p>\n<p>Parmi les r\u00e9alisations : la compilation de la Liste rouge des esp\u00e8ces menac\u00e9es ; une contribution aux conventions internationales (Patrimoine mondial 1972, CITES 1974, Ramsar 1975) ; la publication de la Strat\u00e9gie mondiale de conservation (1980) et de la Charte mondiale pour la nature (1982) ; la cr\u00e9ation du WWF en 1961 ; la publication de Caring for the Earth (1991) ; \u00e9tablissement du Programme entreprise et biodiversit\u00e9 (2003) ; la d\u00e9finition et promotion des solutions fond\u00e9es sur la nature (2016) ; des nouvelles cat\u00e9gories de membres pour les peuples autochtones (2016) et gouvernements subnationaux (2021).<br \/>\u00a0<\/p>\n<\/li>\n<li>\n<p>Le <strong>Forum mondial sur l&rsquo;expertise cyber<\/strong> (<a target=\"_blank\" href=\"https:\/\/thegfce.org\/wp-content\/uploads\/2025\/08\/GFCE-Triple-I-Handbook-2025-Final.pdf\">Global Forum on Cyber Expertise, GFCE<\/a>), <a target=\"_blank\" href=\"https:\/\/www.iss.europa.eu\/sites\/default\/files\/EUISSFiles\/CCB%20Report%20Final.pdf\">cr\u00e9\u00e9 en 2015<\/a> dont le budget n\u2019est pas disponible.\u00a0<\/p>\n<p><img decoding=\"async\" data-entity-uuid=\"592dddea-e003-4b86-88d5-94c6ee0a49f9\" data-entity-type=\"file\" alt=\"gfce\" width=\"310\" height=\"223\" class=\"align-center lazyload\" loading=\"lazy\" src=\"https:\/\/www.francesoir.fr\/sites\/default\/files\/inline-images\/image_885.png\"\/><\/p>\n<p>Au nombre de r\u00e9alisations on compte\u00a0: la promotion du partage de connaissances en cybers\u00e9curit\u00e9 ; des initiatives globales de renforcement des capacit\u00e9s cyber ; la publication du Global Cyber Expertise Magazine ; la collaboration avec l&rsquo;Union africaine, UE, OEA ; l\u2019\u00e9tablissement du Comit\u00e9 de coordination pour le renforcement des capacit\u00e9s cyber en Afrique ; des projets en Afrique avec la Fondation Gates ; l\u2019indice NCSI pour \u00e9valuer la s\u00e9curit\u00e9 num\u00e9rique des pays ; l\u2019initiative Triple-I pour la s\u00e9curit\u00e9 des infrastructures internet ; ateliers r\u00e9gionaux multistakeholders depuis 2018 ; le soutien \u00e0 l&rsquo;adoption de normes comme DNSSEC, RPKI ; et le partenariat pour la cybers\u00e9curit\u00e9 commune.<br \/>\u00a0<\/p>\n<\/li>\n<li>\n<p>L&rsquo;<strong>Organisation internationale pour les \u00e9nergies renouvelables<\/strong> (International Renewable Energy Agency, IRENA), <a target=\"_blank\" href=\"https:\/\/en.wikipedia.org\/wiki\/International_Renewable_Energy_Agency\">cr\u00e9\u00e9e le 26 janvier 2009<\/a>, avec un budget de 55 millions USD en 2022.\u00a0<\/p>\n<p><img decoding=\"async\" alt=\"IRENA\" width=\"308\" height=\"116\" loading=\"lazy\" class=\"lazyload\" src=\"https:\/\/upload.wikimedia.org\/wikipedia\/commons\/thumb\/f\/f6\/International_Renewable_Energy_Agency_Logo.png\/250px-International_Renewable_Energy_Agency_Logo.png\"\/><\/p>\n<p>Ses r\u00e9alisations : la premi\u00e8re organisation internationale d\u00e9di\u00e9e aux \u00e9nergies renouvelables ; la facilitation de la coop\u00e9ration et adoption durable des renouvelables ; le rapport REthinking Energy (2014) pour acc\u00e9l\u00e9rer l&rsquo;adoption ; des statistiques sur les capacit\u00e9s renouvelables depuis 2013 (582 GW ajout\u00e9s en 2024) ; la contribution \u00e0 l&rsquo;Accord de Paris, Agenda 2030, G7\/G20 ; 169 membres en 2025 ; et la d\u00e9claration de l&rsquo;ONU pour la Journ\u00e9e internationale de l&rsquo;\u00e9nergie propre (26 janvier) en 2023.<br \/>\u00a0<\/p>\n<\/li>\n<li>Le <strong>Groupe d&rsquo;\u00e9tude international sur le plomb et le zinc<\/strong> (International Lead and Zinc Study Group, ILZSG), <a target=\"_blank\" href=\"https:\/\/en.wikipedia.org\/wiki\/International_Lead_and_Zinc_Study_Group\">cr\u00e9\u00e9 en mai 1959<\/a> avec un budget non disponible. Les r\u00e9alisations incluenr\u00a0: le premier des trois groupes d&rsquo;\u00e9tude UN similaires ; un forum pour discuter des enjeux plomb\/zinc et transparence de march\u00e9 ; des bulletins mensuels sur offre\/demande\/stocks\/prix ; des \u00e9tudes sur le march\u00e9 mondial ; des sous-comit\u00e9s sur statistiques, mines\/fonderies, environnement\/recyclage ; des rapports comme Lead and Zinc Statistics, annuaires mondiaux des usines\/mines, Market for Lead, r\u00e9glementations environnementales, projets nouveaux mines\/fonderies ; la coordination avec industrie via panel consultatif ; et des affiliation \u00e0 UNCTAD, UNIDO, UNEP.<\/li>\n<\/ul>\n<p>\u00a0<\/p>\n<h5><strong>Organisations affili\u00e9es aux Nations Unies<\/strong><\/h5>\n<p>Les retraits des entit\u00e9s onusiennes touchent des domaines vari\u00e9s comme l&rsquo;\u00e9conomie, les droits humains, la paix et l&rsquo;environnement. Exemples cl\u00e9s :<\/p>\n<ul>\n<li>\n<p><strong>Le D\u00e9partement des affaires \u00e9conomiques et sociales<\/strong> (Department of Economic and Social Affairs, DESA), <a target=\"_blank\" href=\"https:\/\/en.wikipedia.org\/wiki\/United_Nations_Department_of_Economic_and_Social_Affairs\">cr\u00e9\u00e9 en 1948<\/a>, avec un budget non disponible.\u00a0<\/p>\n<p><img decoding=\"async\" data-entity-uuid=\"b2f90929-fb86-4258-a5cb-d7122537d906\" data-entity-type=\"file\" alt=\"DESA\" width=\"337\" height=\"193\" loading=\"lazy\" class=\"lazyload\" src=\"https:\/\/www.francesoir.fr\/sites\/default\/files\/inline-images\/image_888.png\"\/><\/p>\n<p>Les r\u00e9alisations comprennent : le Suivi des sommets et conf\u00e9rences ONU ; l\u2019assistance aux pays pour l&rsquo;agenda et d\u00e9cisions en d\u00e9fis \u00e9conomiques\/ sociaux\/ environnementaux ; le soutien \u00e0 la coop\u00e9ration pour le d\u00e9veloppement durable via l&rsquo;Agenda 2030 et 17 ODD ; des produits analytiques, conseils politiques, assistance technique ; est membre du Groupe de d\u00e9veloppement des Nations Unies ; fusion en 1997 de trois d\u00e9partements ; et la promotion de l&rsquo;Initiative Ceinture et Route chinoise.<\/p>\n<\/li>\n<li>\n<p>Le <strong>Conseil \u00e9conomique et social (ECOSOC)<\/strong>, <a target=\"_blank\" href=\"https:\/\/en.wikipedia.org\/wiki\/United_Nations_Economic_and_Social_Council\">cr\u00e9\u00e9 le 26 juin 1945<\/a>.avec un budget non disponible.\u00a0<\/p>\n<p><img decoding=\"async\" data-entity-uuid=\"27edee0b-9acd-486c-8eb0-a6a583fa86df\" data-entity-type=\"file\" alt=\"ESC\" width=\"321\" height=\"166\" loading=\"lazy\" class=\"lazyload\" src=\"https:\/\/www.francesoir.fr\/sites\/default\/files\/inline-images\/image_889.png\"\/><\/p>\n<p>Les r\u00e9alisations identifi\u00e9es : le forum central pour les enjeux \u00e9conomiques et sociaux ; la coordination de 15 agences sp\u00e9cialis\u00e9es, 8 commissions fonctionnelles, 5 commissions r\u00e9gionales ; l\u2019\u00e9lection des conseils pour UNICEF, PNUD, HCR ; la revue de la liste des pays les moins avanc\u00e9s ; \u00eatre h\u00f4te du Forum politique de haut niveau sur le d\u00e9veloppement durable ; les sessions annuelles et r\u00e9unions avec ministres des finances (Banque mondiale\/FMI) ; la supervision de plus de 1 600 ONG avec statut consultatif ; l\u2019expansions en 1965 et 1973 pour repr\u00e9sentation g\u00e9ographique ; remplacement de commissions (Droits de l&rsquo;homme par Conseil en 2006, D\u00e9veloppement durable par HLPF en 2013) ; et la promotion des ODD via commissions r\u00e9gionales.<\/p>\n<\/li>\n<li>Commissions r\u00e9gionales :\n<ul>\n<li>\n<p><a target=\"_blank\" href=\"https:\/\/en.wikipedia.org\/wiki\/United_Nations_Economic_Commission_for_Africa\">Commission \u00e9conomique pour l&rsquo;Afrique<\/a> (ECA) cr\u00e9\u00e9e en 1958 avec une nouvelle fois un budget non disponible.<\/p>\n<p><img decoding=\"async\" data-entity-uuid=\"35878c54-76da-448f-b03b-b9e170ff8604\" data-entity-type=\"file\" alt=\"ECA\" width=\"451\" height=\"53\" loading=\"lazy\" class=\"lazyload\" src=\"https:\/\/www.francesoir.fr\/sites\/default\/files\/inline-images\/image_890.png\"\/><\/p>\n<p>Les r\u00e9alisations incluent\u00a0: \u00a0la promotion de la coop\u00e9ration \u00e9conomique en Afrique ; le regroupement de 54 membres ; le mandat pour d\u00e9veloppement \u00e9conomique\/social, int\u00e9gration r\u00e9gionale ; les divisions sur statistiques, politique macro\u00e9conomique, etc. ; des outils pour int\u00e9grer ODD et Agenda 2063 ; forums r\u00e9gionaux pour d\u00e9veloppement durable ; la mise en place de \u00ab\u00a0Facilit\u00e9 de liquidit\u00e9 et de durabilit\u00e9\u00a0\u00bb (2021). Son si\u00e8ge est \u00e0 Addis-Abeba et elle comprend 5 bureaux sous-r\u00e9gionaux.<br \/>\u00a0<\/p>\n<\/li>\n<li>\n<p><a target=\"_blank\" href=\"https:\/\/en.wikipedia.org\/wiki\/United_Nations_Economic_Commission_for_Latin_America_and_the_Caribbean\"><strong>Commission \u00e9conomique pour l&rsquo;Am\u00e9rique latine et les Cara\u00efbes<\/strong><\/a> (ECLAC) : Cr\u00e9\u00e9e en 1948 (ajout Cara\u00efbes en 1984).\u00a0<\/p>\n<p><img decoding=\"async\" data-entity-uuid=\"542f9095-e4a3-4c88-b0d0-7ff2b74257c8\" data-entity-type=\"file\" alt=\"ECLAC\" width=\"304\" height=\"164\" loading=\"lazy\" class=\"lazyload\" src=\"https:\/\/www.francesoir.fr\/sites\/default\/files\/inline-images\/image_891.png\"\/><\/p>\n<p>Les r\u00e9alisations comprennent\u00a0: l\u2019encouragement de la coop\u00e9ration \u00e9conomique ; publication de statistiques via CEPALSTAT ; accords avec institutions comme le Centre br\u00e9silien pour \u00e9tudes strat\u00e9giques ; impl\u00e9mentation des ODD (17, 8, 10, 16) ; Debt-for-Climate Adaptation Swap et Fonds de r\u00e9silience carib\u00e9en (2016) ; paradigme r\u00e9gional d&rsquo;\u00e9galit\u00e9 multidimensionnelle et keyn\u00e9sianisme environnemental global.<br \/>\u00a0<\/p>\n<\/li>\n<li>\n<p><a target=\"_blank\" href=\"https:\/\/en.wikipedia.org\/wiki\/United_Nations_Economic_and_Social_Commission_for_Asia_and_the_Pacific\"><strong>Commission \u00e9conomique et sociale pour l&rsquo;Asie et le Pacifique<\/strong><\/a> (ESCAP), cr\u00e9\u00e9e le 28 mars 1947 (renomm\u00e9e en 1974) avec un budget non disponible.<\/p>\n<p><img decoding=\"async\" data-entity-uuid=\"ed0f51ae-f16a-4825-82cc-6ef9e8fd7aff\" data-entity-type=\"file\" alt=\"ESCAP\" width=\"328\" height=\"102\" loading=\"lazy\" class=\"lazyload\" src=\"https:\/\/www.francesoir.fr\/sites\/default\/files\/inline-images\/image_892.png\"\/><\/p>\n<p>Ses r\u00e9alisations : l\u2019augmentation de l&rsquo;activit\u00e9 \u00e9conomique en Asie ; l\u2019assistance \u00e0 la reconstruction post-guerre ; la r\u00e9flexion \u00e9conomique et sociale ; couverture de 4,1 milliards de personnes ; il regroupe 53 membres, 9 associ\u00e9s avec 5 bureaux sous-r\u00e9gionaux ; le soutien aux ODD (1) (objectifs de d\u00e9veloppement durable) via SDG (Objectifs de d\u00e9veloppements soutenables) \u00a0Rapid Response et Helpdesk ; et l\u2019interaction d\u00e9biteurs\/cr\u00e9anciers pour \u00c9tats insulaires du Pacifique.<\/p>\n<\/li>\n<li>\n<p><a target=\"_blank\" href=\"https:\/\/en.wikipedia.org\/wiki\/United_Nations_Economic_and_Social_Commission_for_Western_Asia\">Commission \u00e9conomique et sociale pour l&rsquo;Asie occidentale<\/a> (ESCWA) cr\u00e9\u00e9e le 9 ao\u00fbt 1973 (ajout \u00ab social \u00bb en 1985). Avec un budget de 27,4 millions USD en 2017 (dont 19,9 millions r\u00e9guliers), ses r\u00e9alisations sont\u00a0: la promotion du d\u00e9veloppement en Asie occidentale avec 21 membres ; le travail avec Ligue arabe, CCG, OIC ; l\u2019initiative Climate\/SDGs Debt Swap (2020) ; le rapport 2019 sur les femmes dans le monde judiciaire arabe ; l\u2019absorption de UNESOB. Le si\u00e8ge est \u00e0 Beyrouth depuis 1997.<\/p>\n<p><img decoding=\"async\" data-entity-uuid=\"d3aade33-8086-4040-93f3-dd1935dd37c0\" data-entity-type=\"file\" alt=\"ESCWA\" width=\"175\" height=\"303\" loading=\"lazy\" class=\"lazyload\" src=\"https:\/\/www.francesoir.fr\/sites\/default\/files\/inline-images\/image_893.png\"\/><\/p>\n<p>\u00a0<\/p>\n<\/li>\n<\/ul>\n<\/li>\n<li>\n<p>La<strong> <\/strong><a target=\"_blank\" href=\"https:\/\/en.wikipedia.org\/wiki\/United_Nations_Framework_Convention_on_Climate_Change\"><strong>Convention-cadre des Nations Unies sur les changements climatiques<\/strong><\/a><strong> <\/strong>(UN Framework Convention on Climate Change, UNFCCC), cr\u00e9\u00e9e le 9 mai 1992 (entr\u00e9e en vigueur 1994). Le budget n\u2019est pas disponible.\u00a0<\/p>\n<p><img decoding=\"async\" data-entity-uuid=\"9b2cc7ef-3aa2-48b5-ae76-57cadfd2546c\" data-entity-type=\"file\" alt=\"CLimate change\" width=\"393\" height=\"88\" loading=\"lazy\" class=\"lazyload\" src=\"https:\/\/www.francesoir.fr\/sites\/default\/files\/inline-images\/image_894.png\"\/><\/p>\n<p>Parmi les r\u00e9alisations : cr\u00e9ation d\u2019un cadre pour coop\u00e9rer contre interf\u00e9rence humaine dangereuse ; l\u2019objectif de stabiliser gaz \u00e0 effet de serre ; la base pour Protocole de Kyoto (1997) et Accord de Paris (2016) ; m\u00e9canismes financiers comme Green Climate Fund (13,5 milliards USD en 2023) ; l\u2019Action for Climate Empowerment (2015) ; la UN Race-to-Zero (2021) ; le Prix Prince\/Princesse des Asturies 2016 ; la facilitation des rapports IPCC ; les cibles d&rsquo;\u00e9missions quantifi\u00e9es ; et des lignes directrices pour les politiques climatiques nationales.<br \/>\u00a0<\/p>\n<\/li>\n<li>\n<p>Le <a target=\"_blank\" href=\"https:\/\/en.wikipedia.org\/wiki\/United_Nations_Population_Fund\"><strong>Fonds des Nations Unies pour la population<\/strong><\/a> (UN Population Fund, UNFPA) cr\u00e9\u00e9 en 1969 avec un budget de 848 millions USD en 2016 (353 millions pour des ressources de base).\u00a0<\/p>\n<p><img decoding=\"async\" data-entity-uuid=\"c7d0ee40-d5a1-43e4-8485-787b55689f5c\" data-entity-type=\"file\" alt=\"UNFPA\" width=\"391\" height=\"179\" loading=\"lazy\" class=\"lazyload\" src=\"https:\/\/www.francesoir.fr\/sites\/default\/files\/inline-images\/image_895.png\"\/><\/p>\n<p>Les r\u00e9alisations incluent\u00a0: des programmes dans plus de 144 pays ; la plus grande source multilat\u00e9rale de financement pour population\/sant\u00e9 reproductive ; des campagnes contre mariage d&rsquo;enfants, violence de genre, fistule obst\u00e9tricale, mutilations g\u00e9nitales ; une campagne globale contre fistule dans 50+ pays ; programme avec UNICEF (44 millions USD en 2007) pour r\u00e9duire mutilations g\u00e9nitales ; la contribution aux ODD 3,4,5 ; le rapport 2025 sur d\u00e9clin fertilit\u00e9 globale. C\u2019est aussi un membre fondateur du Groupe de d\u00e9veloppement ONU.<br \/>\u00a0<\/p>\n<\/li>\n<li>\n<p>Le <a target=\"_blank\" href=\"https:\/\/en.wikipedia.org\/wiki\/United_Nations_Human_Settlements_Programme\"><strong>Programme des Nations Unies pour les \u00e9tablissements humains<\/strong><\/a> (UN Human Settlements Programme, UN-Habitat), cr\u00e9\u00e9 en 1977, son budget n\u2019est pas disponible.\u00a0<\/p>\n<p><img decoding=\"async\" data-entity-uuid=\"ed001ac2-9f12-4e3f-be59-67ccb6b295ce\" data-entity-type=\"file\" alt=\"UN\" width=\"391\" height=\"46\" loading=\"lazy\" class=\"lazyload\" src=\"https:\/\/www.francesoir.fr\/sites\/default\/files\/inline-images\/image_896.png\"\/><\/p>\n<p>Les r\u00e9alisations comptent\u00a0: consid\u00e9ration sur l\u2019Issue de Habitat I (1976) ; la promotion de villes durables ; le mandat de l&rsquo;Agenda Habitat (1996) ; des missions de travail dans 70+ pays sur 7 domaines ; la cr\u00e9ation du World Urban Forum (2001) ; la campagne World Urban pour Nouvel Agenda Urbain (2016) ; la Journ\u00e9e mondiale de l&rsquo;Habitat ; le Prix Scroll of Honor (1989) ; le Comit\u00e9 consultatif des autorit\u00e9s locales (2000) et un engagement pour villes sans bidonvilles.<br \/>\u00a0<\/p>\n<\/li>\n<li>Le <a target=\"_blank\" href=\"https:\/\/en.wikipedia.org\/wiki\/United_Nations_Peacebuilding_Fund\"><strong>Fonds pour la consolidation de la paix<\/strong><\/a> (Peacebuilding Fund),cr\u00e9\u00e9 en octobre 2006 avec un budget cible initial de 250 millions USD. Les r\u00e9alisations : l\u2019activation pour Burundi et Sierra Leone ; l\u2019allocation de 35 millions USD chacun ; 12 projets au Burundi (26,9 millions USD) sur gouvernance, s\u00e9curit\u00e9, justice ; 7 projets en Sierra Leone (16 millions USD) sur gouvernance, s\u00e9curit\u00e9, jeunesse ; le financement d&rsquo;urgence pour C\u00f4te d&rsquo;Ivoire (700 000 USD) menant \u00e0 l\u2019Accord d&rsquo;Ouagadougou ; le financement pour R\u00e9publique centrafricaine (802 000 USD) pour dialogue politique.<br \/>\u00a0<\/li>\n<li>\n<p><a target=\"_blank\" href=\"https:\/\/en.wikipedia.org\/wiki\/United_Nations_University\"><strong>L&rsquo;Universit\u00e9 des Nations Unies<\/strong><\/a> (UN University, UNU) cr\u00e9\u00e9e en d\u00e9cembre 1972 (inaugur\u00e9e 1975) avec un budget de 124,8 millions USD (2022-2023).\u00a0<\/p>\n<p><img decoding=\"async\" data-entity-uuid=\"698e7e7e-01e3-491d-bb06-1123476731a4\" data-entity-type=\"file\" alt=\"UNU\" width=\"391\" height=\"132\" loading=\"lazy\" class=\"lazyload\" src=\"https:\/\/www.francesoir.fr\/sites\/default\/files\/inline-images\/image_897.png\"\/><\/p>\n<p>Parmi les r\u00e9alisations : la premi\u00e8re universit\u00e9 internationale ; l\u2019autorisation de dipl\u00f4mes postgradu\u00e9s depuis 2010 ; l\u2019accr\u00e9ditation par NIAD-UE (2015) ; un r\u00e9seau d&rsquo;instituts dans 12 pays ; la recherche sur la paix\/gouvernance, d\u00e9veloppement\/inclusion, environnement\/climat\/\u00e9nergie ; le plan strat\u00e9gique 2020-2024 ; un si\u00e8ge \u00e0 Tokyo avec statut diplomatique ; des instituts comme UNU-CPR, UNU-EHS, UNU-WIDER.<br \/>\u00a0<\/p>\n<\/li>\n<li>Le <strong>Forum mondial contre le terrorisme<\/strong> (Global Counterterrorism Forum, GCTF), cr\u00e9\u00e9 le 22 septembre 2011 avec un budget non disponible. Ses r\u00e9alisations incluent: la mise en place d\u2019un corps multilat\u00e9ral avec 30 membres fondateurs ; le d\u00e9veloppement de bonnes pratiques ; le soutien de documents comme bonnes pratiques sur genre et PCVE (2015) ; le m\u00e9morandum de Neuch\u00e2tel sur la justice juv\u00e9nile en contexte antiterroriste ; une boite \u00e0 outil sur l\u2019\u00e9ducation pour PCVE ; un manuel de formation ; des initiatives pour r\u00e9habilitation des extr\u00e9mistes violents ; l\u2019addendum \u00e0 La Haye sur nexus crime organis\u00e9\/terrorisme ; et un soutien \u00e0 la strat\u00e9gie<a target=\"_blank\" href=\"https:\/\/www.francesoir.fr\/politique-monde\/unodc.org\"> UN contre terrorisme<\/a>.<\/li>\n<\/ul>\n<p><strong>\u00a0<\/strong><\/p>\n<h5><strong>Les cons\u00e9quences pour ces organismes<\/strong><\/h5>\n<p>Le retrait am\u00e9ricain, en tant que premier contributeur financier \u00e0 de nombreuses organisations internationales (jusqu&rsquo;\u00e0 22 % du budget de l&rsquo;ONU), aura des impacts profonds. D&rsquo;abord, une perte financi\u00e8re massive : les \u00c9tats-Unis versent des milliards annuellement, et <a target=\"_blank\" href=\"https:\/\/gocarbonfree247.com\/resources\/\">ce d\u00e9part pourrait entra\u00eener des fermetures de projets, des r\u00e9ductions de personnel et une diminution de l&rsquo;efficacit\u00e9 op\u00e9rationnelle<\/a>. Par exemple, pour l&rsquo;UNFPA, qui travaille sur la sant\u00e9 maternelle et infantile, ou l&rsquo;UNFCCC, le manque de fonds am\u00e9ricains <strong>risque de freiner les efforts globaux contre le changement climatique<\/strong>, en donnant \u00e0 d&rsquo;autres nations un pr\u00e9texte pour retarder leurs engagements. Sachant que de nombreux scientifiques demandent une r\u00e9ouverture des d\u00e9bats sur le changement climatique et ses causes humaines.<\/p>\n<p>Sur le plan op\u00e9rationnel, l&rsquo;absence des \u00c9tats-Unis \u2013 un acteur influent en termes de diplomatie et d&rsquo;expertise \u2013 affaiblira la l\u00e9gitimit\u00e9 et l&rsquo;influence de ces organismes. Pour l&rsquo;IPCC, cela pourrait compliquer la production de rapports scientifiques cr\u00e9dibles, favorisant ainsi le d\u00e9bat entre scientifiques, d\u00e9bat qui est aujourd\u2019hui unilat\u00e9ralement ax\u00e9 sur le r\u00e9chauffement climatique avec une censure des personnes qui s\u2019y opposent. Ce qui est aujourd\u2019hui consid\u00e9r\u00e9 comme de la d\u00e9sinformation sur le climat devrait donc \u00eatre remis en cause. Des experts soulignent, sans toutefois apporter d\u2019\u00e9l\u00e9ments probants, que cela cr\u00e9e un vide que des puissances rivales comme la Chine ou la Russie pourraient exploiter, alt\u00e9rant les dynamiques de gouvernance mondiale. Enfin, pour des entit\u00e9s comme le Global Counterterrorism Forum, le retrait pourrait pousser les pays \u00e0 une coop\u00e9ration accrue de leurs agences de s\u00e9curit\u00e9 nationale,afin d\u2019\u00e9viter les couches administratives non op\u00e9rationnelles de ces organismes, rendant ainsi une efficacit\u00e9 accrue face \u00e0 des menaces transnationales.<\/p>\n<p>Des r\u00e9actions sur X illustrent la polarisation : certains saluent un \u00ab\u00a0<em>coup de ma\u00eetre pour la souverainet\u00e9<\/em>\u00a0\u00bb, tandis que d&rsquo;autres craignent une \u00ab\u00a0<em>isolation<\/em>\u00a0\u00bb accrue.<\/p>\n<h5>\u00a0<\/h5>\n<h5><strong>Les cons\u00e9quences pour la France<\/strong><\/h5>\n<p>La France, fervent d\u00e9fenseur du multilat\u00e9ralisme et h\u00f4te de plusieurs institutions internationales (comme l&rsquo;UNESCO \u00e0 Paris), sera particuli\u00e8rement touch\u00e9e. D&rsquo;abord, sur le climat : le retrait des \u00c9tats-Unis de l&rsquo;UNFCCC \u2013 l&rsquo;accord de Paris adopt\u00e9 en 2015 dans la capitale fran\u00e7aise \u2013 affaiblit les efforts globaux que la France priorise. Cela pourrait accro\u00eetre la pression sur l&rsquo;Union europ\u00e9enne et la France pour compenser les financements manquants, avec des implications budg\u00e9taires pour les contributions au climat (la France est un contributeur majeur). De plus, le d\u00e9part de l&rsquo;Alliance solaire internationale, co-fond\u00e9e par la France et l&rsquo;Inde, risque de ralentir les initiatives en \u00e9nergies renouvelables, un pilier de la diplomatie fran\u00e7aise de plus en plus challeng\u00e9 par des experts comme Fabien Bougl\u00e9.<\/p>\n<p>Diplomatiquement, cela devrait entrainer des tensions dans les relations transatlantiques, la France ayant critiqu\u00e9 les retraits am\u00e9ricains pass\u00e9s (comme de l&rsquo;OMS ou de l&rsquo;UNESCO). Un vide am\u00e9ricain pourrait renforcer l&rsquo;influence chinoise dans ces forums, contraignant la France \u00e0 redoubler d&rsquo;efforts pour maintenir l&rsquo;\u00e9quilibre multilat\u00e9ral, ou alors pour justifier de continuer \u00e0 les financer, de <strong>pousser \u00e0 la r\u00e9forme ces organisations <\/strong>aux objectifs flous et aux r\u00e9alisations peu quantifiables en termes d\u2019impact r\u00e9el.<\/p>\n<p>\u00c9conomiquement, des secteurs comme l&rsquo;\u00e9nergie et l&rsquo;environnement pourraient souffrir d&rsquo;une coop\u00e9ration r\u00e9duite, affectant les entreprises fran\u00e7aises impliqu\u00e9es dans des projets internationaux, cependant des experts s\u2019accordent pour dire que <strong>d\u2019autres solutions probablement plus efficaces avec moins d\u2019intervention devraient voir le jour avec une recherche d\u2019efficacit\u00e9 accrue<\/strong>. Enfin, sur le plan s\u00e9curitaire, le retrait de forums comme le Global Counterterrorism Forum pourrait compliquer la lutte antiterroriste, un enjeu cl\u00e9 pour la France, m\u00eame si cette initiative n\u2019avait pas de r\u00e9sultats particuli\u00e8rement probants.<\/p>\n<p>En conclusion, cette d\u00e9cision renforce l&rsquo;approche \u00ab\u00a0<em>America First<\/em>\u00a0\u00bb de Trump, mais elle pourrait isoler les \u00c9tats-Unis tout en fragilisant le syst\u00e8me multilat\u00e9ral existant ou alors provoquer un v\u00e9ritable choc avec la prise de connaissance des citoyens sur ces instances couteuses dont certaines ont des budgets opaques.\u00a0<\/p>\n<blockquote>\n<p>Pour la France, elle repr\u00e9sente un d\u00e9fi pour pr\u00e9server ses int\u00e9r\u00eats dans un monde plus fragment\u00e9, les pro-Europe n\u2019h\u00e9siteront pas \u00e0 utiliser cette d\u00e9cision pour appeler \u00e0 une diplomatie renforc\u00e9e au sein de l&rsquo;UE alors qu\u2019il serait peut-\u00eatre temps d\u2019interroger les Fran\u00e7ais sur leur volont\u00e9 par le biais d\u2019un r\u00e9f\u00e9rendum comme le pr\u00e9sident Macron l\u2019avait \u00e9voqu\u00e9 lors de ses v\u0153ux de 2025.\u00a0<\/p>\n<p>Des analyses futures \u00e9valueront l&rsquo;ampleur r\u00e9elle de ces changements, mais l&rsquo;impact imm\u00e9diat est d\u00e9j\u00e0 palpable.<\/p>\n<\/blockquote>\n<p>\u00a0<\/p>\n<p>(1) Voici la liste des 17 ODD :<\/p>\n<ol>\n<li>Pas de pauvret\u00e9<\/li>\n<li>Faim \u00ab\u00a0z\u00e9ro\u00a0\u00bb<\/li>\n<li>Bonne sant\u00e9 et bien-\u00eatre<\/li>\n<li>\u00c9ducation de qualit\u00e9<\/li>\n<li>\u00c9galit\u00e9 entre les sexes<\/li>\n<li>Eau propre et assainissement<\/li>\n<li>\u00c9nergie propre et d&rsquo;un co\u00fbt abordable<\/li>\n<li>Travail d\u00e9cent et croissance \u00e9conomique<\/li>\n<li>Industrie, innovation et infrastructure<\/li>\n<li>In\u00e9galit\u00e9s r\u00e9duites<\/li>\n<li>Villes et communaut\u00e9s durables<\/li>\n<li>Consommation et production responsables<\/li>\n<li>Mesures relatives \u00e0 la lutte contre les changements climatiques<\/li>\n<li>Vie aquatique<\/li>\n<li>Vie terrestre<\/li>\n<li>Paix, justice et institutions efficaces<\/li>\n<li>Partenariats pour la r\u00e9alisation des objectifs<\/li>\n<\/ol>\n<p>\u00a0<\/p>\n<\/div>\n<p><script>(function(d, s, id) {  var js, fjs = d.getElementsByTagName(s)[0];  if (d.getElementById(id)) return;  js = d.createElement(s); js.id = id;  js.src = \"\/\/connect.facebook.net\/fr_FR\/sdk.js#xfbml=1&version=v2.3\";  fjs.parentNode.insertBefore(js, fjs);}(document, \"script\", \"facebook-jssdk\"));<\/script><br \/>\n<br \/><br \/>\n<br \/><a href=\"https:\/\/www.francesoir.fr\/politique-monde\/les-etats-unis-se-retirent-de-66-organisations-internationales-une-decision-majeure\" target=\"_blank\"\">Source link <\/a><\/p>\n","protected":false},"excerpt":{"rendered":"<p>Le 7 janvier 2026, le pr\u00e9sident Donald J. Trump a sign\u00e9 un m\u00e9morandum pr\u00e9sidentiel ordonnant le retrait des \u00c9tats-Unis de 66 organisations internationales, jug\u00e9es contraires aux int\u00e9r\u00eats am\u00e9ricains. Cette mesure,&hellip; <\/p>\n","protected":false},"author":1,"featured_media":22141,"comment_status":"open","ping_status":"open","sticky":false,"template":"","format":"standard","meta":{"footnotes":""},"categories":[1],"tags":[],"class_list":["post-22140","post","type-post","status-publish","format-standard","has-post-thumbnail","hentry","category-non-classe"],"_links":{"self":[{"href":"https:\/\/monde25.info\/index.php\/wp-json\/wp\/v2\/posts\/22140","targetHints":{"allow":["GET"]}}],"collection":[{"href":"https:\/\/monde25.info\/index.php\/wp-json\/wp\/v2\/posts"}],"about":[{"href":"https:\/\/monde25.info\/index.php\/wp-json\/wp\/v2\/types\/post"}],"author":[{"embeddable":true,"href":"https:\/\/monde25.info\/index.php\/wp-json\/wp\/v2\/users\/1"}],"replies":[{"embeddable":true,"href":"https:\/\/monde25.info\/index.php\/wp-json\/wp\/v2\/comments?post=22140"}],"version-history":[{"count":0,"href":"https:\/\/monde25.info\/index.php\/wp-json\/wp\/v2\/posts\/22140\/revisions"}],"wp:featuredmedia":[{"embeddable":true,"href":"https:\/\/monde25.info\/index.php\/wp-json\/wp\/v2\/media\/22141"}],"wp:attachment":[{"href":"https:\/\/monde25.info\/index.php\/wp-json\/wp\/v2\/media?parent=22140"}],"wp:term":[{"taxonomy":"category","embeddable":true,"href":"https:\/\/monde25.info\/index.php\/wp-json\/wp\/v2\/categories?post=22140"},{"taxonomy":"post_tag","embeddable":true,"href":"https:\/\/monde25.info\/index.php\/wp-json\/wp\/v2\/tags?post=22140"}],"curies":[{"name":"wp","href":"https:\/\/api.w.org\/{rel}","templated":true}]}}