{"id":22153,"date":"2026-01-09T13:15:37","date_gmt":"2026-01-09T12:15:37","guid":{"rendered":"https:\/\/monde25.info\/index.php\/2026\/01\/09\/agriculteurs-a-paris-arrestation-de-deux-porte-parole-de-la-confederation-paysanne\/"},"modified":"2026-01-09T13:15:37","modified_gmt":"2026-01-09T12:15:37","slug":"agriculteurs-a-paris-arrestation-de-deux-porte-parole-de-la-confederation-paysanne","status":"publish","type":"post","link":"https:\/\/monde25.info\/index.php\/2026\/01\/09\/agriculteurs-a-paris-arrestation-de-deux-porte-parole-de-la-confederation-paysanne\/","title":{"rendered":"Agriculteurs \u00e0 Paris\u00a0: arrestation de deux porte-parole de la Conf\u00e9d\u00e9ration paysanne"},"content":{"rendered":"<p> <br \/>\n<br \/><img loading=\"lazy\" decoding=\"async\" src=\"https:\/\/reporterre.net\/local\/cache-vignettes\/L700xH467\/design_sans_titre_32_-6b961.jpg?1767958375\" class=\"spip_logo\" width=\"700\" height=\"467\" alt=\"\" \/><\/p>\n<p>Deux porte-parole nationaux de la Conf\u00e9d\u00e9ration paysanne, Thomas Gibert et St\u00e9phane Galais, ont \u00e9t\u00e9 arr\u00eat\u00e9s, le 9\u00a0janvier au matin, dans le cadre d&rsquo;une action de blocage du p\u00e9riph\u00e9rique parisien. Le syndicat agricole de gauche exige leur lib\u00e9ration \u00ab<small class=\"fine d-inline\">\u00a0<\/small>imm\u00e9diate<small class=\"fine d-inline\">\u00a0<\/small>\u00bb. <br class=\"autobr\" \/><br \/>\nUne vid\u00e9o diffus\u00e9e par la Conf\u00e9d\u00e9ration paysanne montre des policiers tentant d&rsquo;immobiliser Thomas Gibert et St\u00e9phane Galais sur la place Charles de Gaulle, au centre de Paris. L&rsquo;un des policiers donne un coup de pied \u00e0 l&rsquo;arri\u00e8re\u00a0(\u2026)<\/p>\n<p>                    <a target=\"_blank\" href=\"https:\/\/reporterre.net\/Agriculteurs-a-Paris-arrestation-de-deux-porte-parole-de-la-Confederation-paysanne?utm_source=RSS&amp;utm_medium=RSS\">Lire la suite<\/a><\/p>\n<p>                    &#8211;<br \/>\n                        <a target=\"_blank\" href=\"https:\/\/reporterre.net\/Breves-20\" rel=\"directory\">En bref<\/a><\/p>\n<p>                    \/<br \/>\n                        <a target=\"_blank\" href=\"https:\/\/reporterre.net\/Agriculture\" rel=\"tag\">Agriculture<\/a><br \/>\n                    ,<br \/>\n                        <a target=\"_blank\" href=\"https:\/\/reporterre.net\/Luttes\" rel=\"tag\">Luttes<\/a><br \/>\n<br \/><br \/>\n<br \/><a href=\"https:\/\/reporterre.net\/Agriculteurs-a-Paris-arrestation-de-deux-porte-parole-de-la-Confederation-paysanne\" target=\"_blank\"\">Source link <\/a><\/p>\n","protected":false},"excerpt":{"rendered":"<p>Deux porte-parole nationaux de la Conf\u00e9d\u00e9ration paysanne, Thomas Gibert et St\u00e9phane Galais, ont \u00e9t\u00e9 arr\u00eat\u00e9s, le 9\u00a0janvier au matin, dans le cadre d&rsquo;une action de blocage du p\u00e9riph\u00e9rique parisien. Le&hellip; <\/p>\n","protected":false},"author":1,"featured_media":0,"comment_status":"open","ping_status":"open","sticky":false,"template":"","format":"standard","meta":{"footnotes":""},"categories":[1],"tags":[],"class_list":["post-22153","post","type-post","status-publish","format-standard","hentry","category-non-classe"],"_links":{"self":[{"href":"https:\/\/monde25.info\/index.php\/wp-json\/wp\/v2\/posts\/22153","targetHints":{"allow":["GET"]}}],"collection":[{"href":"https:\/\/monde25.info\/index.php\/wp-json\/wp\/v2\/posts"}],"about":[{"href":"https:\/\/monde25.info\/index.php\/wp-json\/wp\/v2\/types\/post"}],"author":[{"embeddable":true,"href":"https:\/\/monde25.info\/index.php\/wp-json\/wp\/v2\/users\/1"}],"replies":[{"embeddable":true,"href":"https:\/\/monde25.info\/index.php\/wp-json\/wp\/v2\/comments?post=22153"}],"version-history":[{"count":0,"href":"https:\/\/monde25.info\/index.php\/wp-json\/wp\/v2\/posts\/22153\/revisions"}],"wp:attachment":[{"href":"https:\/\/monde25.info\/index.php\/wp-json\/wp\/v2\/media?parent=22153"}],"wp:term":[{"taxonomy":"category","embeddable":true,"href":"https:\/\/monde25.info\/index.php\/wp-json\/wp\/v2\/categories?post=22153"},{"taxonomy":"post_tag","embeddable":true,"href":"https:\/\/monde25.info\/index.php\/wp-json\/wp\/v2\/tags?post=22153"}],"curies":[{"name":"wp","href":"https:\/\/api.w.org\/{rel}","templated":true}]}}