{"id":22160,"date":"2026-01-09T15:28:47","date_gmt":"2026-01-09T14:28:47","guid":{"rendered":"https:\/\/monde25.info\/index.php\/2026\/01\/09\/pourquoi-le-venezuela-nous-concerne\/"},"modified":"2026-01-09T15:28:47","modified_gmt":"2026-01-09T14:28:47","slug":"pourquoi-le-venezuela-nous-concerne","status":"publish","type":"post","link":"https:\/\/monde25.info\/index.php\/2026\/01\/09\/pourquoi-le-venezuela-nous-concerne\/","title":{"rendered":"Pourquoi le Venezuela nous concerne"},"content":{"rendered":"<p> <br \/>\n<\/p>\n<div style=\"word-wrap:break-word;\">\n<p>Donald Trump a donc fait enlever, dans sa r\u00e9sidence et pendant son sommeil, le pr\u00e9sident du Venezuela Nicolas Maduro, par un raid ill\u00e9gal de l\u2019arm\u00e9e \u00e9tasunienne.<\/p>\n<p>Ce serait le statut de \u00ab\u00a0narco-terroriste\u00a0\u00bb dont est affubl\u00e9 M.\u00a0Maduro qui permettrait ainsi \u00e0 M.\u00a0Trump d\u2019engager les forces arm\u00e9es de son pays, qui ont ici bombard\u00e9 des infrastructures civiles et militaires d\u2019un pays \u00e9tranger, sans passer par l\u2019aval \u2013 normalement obligatoire \u2013 du Congr\u00e8s.<\/p>\n<p>Seulement, le statut de \u00ab\u00a0narco-terroriste\u00a0\u00bb de Nicolas Maduro est compl\u00e8tement fallacieux, comme tout le r\u00e9cit politico-m\u00e9diatique mensonger sur les cartels dont il serait \u00e0 la t\u00eate, ou encore sur la drogue dont les \u00c9tats-Unis seraient inond\u00e9s par l\u2019interm\u00e9diaire du Venezuela.<\/p>\n<p>Les services de renseignements \u00e9tasuniens eux-m\u00eames, comme l\u2019ONU et m\u00eame la DEA, reconnaissent d\u2019ailleurs que le volume de drogue atteignant les E.U et transitant par le Venezuela est compl\u00e8tement marginal, surtout en comparaison avec les quelque 87\u00a0% qui passent par la fa\u00e7ade Pacifique.<\/p>\n<p>Mais bref\u00a0: c\u2019est fait.<\/p>\n<p>Nicolas Maduro captur\u00e9 par les forces sp\u00e9ciales \u00e9tasuniennes, est d\u00e9j\u00e0 arriv\u00e9 \u00e0 New York sous bonne escorte de la DEA, qui entend donc organiser son jugement pour \u00ab\u00a0narco-terrorisme\u00a0\u00bb. Il est pour l\u2019heure emprisonn\u00e9 sans autre forme de proc\u00e8s. On a h\u00e2te de voir toutes les preuves qui seront ult\u00e9rieurement fournies pour appuyer un tel grossier mensonge.<\/p>\n<p>Il faut se souvenir que l\u2019UE, \u00e0 la remorque des E.U, ne reconna\u00eet pas la l\u00e9gitimit\u00e9 de M.\u00a0Maduro depuis un bon moment\u00a0: En 2018, Juan Guaido avait \u00e9t\u00e9 officiellement reconnu comme pr\u00e9sident par int\u00e9rim par nos institutions, il avait m\u00eame &#8211; honteusement &#8211; \u00e9t\u00e9 re\u00e7u \u00e0 L\u2019\u00c9lys\u00e9e par Emmanuel Macron (qui y recevait aussi l\u2019\u00ab\u00a0ancien\u00a0\u00bb terroriste islamiste, et pr\u00e9sident auto-proclam\u00e9 de Syrie Ahmed al-Charaa, pourvu qu\u2019il porte un costume qui le rende pr\u00e9sentable.)<\/p>\n<p>Suite \u00e0 la r\u00e9\u00e9lection de M.\u00a0Maduro en 2024, l\u2019UE contestait sa \u00ab\u00a0l\u00e9gitimit\u00e9 d\u00e9mocratique\u00a0\u00bb en d\u00e9pit de toutes les preuves de la r\u00e9gularit\u00e9 de l\u2019\u00e9lection\u00a0; le syst\u00e8me \u00e9lectoral v\u00e9n\u00e9zu\u00e9lien \u00e9tant au demeurant largement reconnu pour sa modernit\u00e9 et sa grande fiabilit\u00e9.<\/p>\n<p>Peu importe, tant qu\u2019un &#8211; \u00e9ni\u00e8me &#8211; \u00e9norme mensonge, docilement relay\u00e9 par l\u2019ensemble de la sph\u00e8re m\u00e9diatique, puisse convaincre du contraire une masse consentante suffisante, au sein d\u2019une opinion publique occidentale largement ahurie \u00e0 force d\u2019\u00eatre bombard\u00e9e d\u2019Inversions en tout genre, \u00ab\u00a0Post-V\u00e9rit\u00e9\u00a0\u00bb oblige.<\/p>\n<p>Ce qui (me) pose un souci aujourd\u2019hui, ce sont les mots du pr\u00e9sident Macron suite \u00e0 l\u2019intervention militaire gravement ill\u00e9gale des E.U, et l\u2019enl\u00e8vement par la force d\u2019un chef d\u2019\u00c9tat dans son propre pays.<br class=\"autobr\"\/><br \/>\nS\u2019exprimant donc au nom de la France et des Fran\u00e7ais, il dit sur le r\u00e9seau social \u00e9tasunien X\u00a0:<\/p>\n<blockquote class=\"spip\">\n<p>\u00ab\u00a0Le peuple v\u00e9n\u00e9zu\u00e9lien est aujourd\u2019hui d\u00e9barrass\u00e9 de la dictature de Nicol\u00e1s Maduro et ne peut que s\u2019en r\u00e9jouir. En confisquant le pouvoir et en pi\u00e9tinant les libert\u00e9s fondamentales, Nicol\u00e1s Maduro a port\u00e9 une atteinte grave \u00e0 la dignit\u00e9 de son propre peuple. La transition \u00e0 venir doit \u00eatre pacifique, d\u00e9mocratique et respectueuse de la volont\u00e9 du peuple v\u00e9n\u00e9zu\u00e9lien. Nous souhaitons que le Pr\u00e9sident Edmundo Gonz\u00e1lez Urrutia, \u00e9lu en 2024, puisse assurer au plus vite cette transition.\u00a0[&#8230;]\u00a0\u00bb<\/p>\n<\/blockquote>\n<p>Pas la moindre condamnation. Pas le moindre rappel aux fondamentaux de la Charte des Nations Unies, auxquels la France est devenue \u00e9trang\u00e8re. Pas l\u2019once d\u2019une exhortation au respect des r\u00e8gles les plus \u00e9l\u00e9mentaires et fondamentales du droit International&#8230; Rien. Rien de rien\u00a0!<\/p>\n<p>La position officielle du pr\u00e9sident de la R\u00e9publique, c\u2019est que \u00ab\u00a0c\u2019est OK\u00a0\u00bb. On est contents pour les v\u00e9n\u00e9zu\u00e9liens enfin d\u00e9barrass\u00e9s de leur \u00ab\u00a0dictateur\u00a0\u00bb. On leur souhaite d\u2019avoir pour dirigeant un bon gars de l\u2019extr\u00eame droite, un digne putschiste comprador comme on les appr\u00e9cie, qu\u2019on reconna\u00eet d\u2019ailleurs d\u00e9j\u00e0 comme parfaitement l\u00e9gitime et appropri\u00e9, et que nous f\u00e9licitons par avance pour son \u00e9lection pas truqu\u00e9e.<\/p>\n<p>C\u2019est M.\u00a0Barrot, dont l\u2019insignifiance et la m\u00e9diocrit\u00e9 ne sont plus \u00e0 d\u00e9montrer et font d\u00e9sormais office de signature, qui s\u2019y colle et doit souligner que tout ceci n\u2019est tout de m\u00eame pas parfaitement conforme \u00e0 \u00ab\u00a0<i>nos valeurs\u00a0<\/i>\u00a0\u00bb . Il dit, lui aussi sur X, et en ne mentionnant jamais les E.U qu\u2019il ne faudrait tout de m\u00eame pas froisser le moins du monde\u00a0:<\/p>\n<blockquote class=\"spip\">\n<p>\u00ab\u00a0En confisquant le pouvoir au peuple v\u00e9n\u00e9zu\u00e9lien, en le privant de ses libert\u00e9s fondamentales, Nicol\u00e1s Maduro a port\u00e9 une atteinte grave \u00e0 sa dignit\u00e9 et \u00e0 son droit \u00e0 l\u2019auto-d\u00e9termination.<br class=\"autobr\"\/><br \/>\nLa France s\u2019est engag\u00e9e avec constance, notamment par ses actions de m\u00e9diation, en faveur du respect de la souverainet\u00e9 du peuple v\u00e9n\u00e9zu\u00e9lien, dont la voix doit primer.<\/p>\n<p>L\u2019op\u00e9ration militaire ayant conduit \u00e0 la capture de Nicol\u00e1s Maduro contrevient au principe de non-recours \u00e0 la force qui fonde le droit international.<\/p>\n<p>La France rappelle qu\u2019aucune solution politique durable ne saurait \u00eatre impos\u00e9e de l\u2019ext\u00e9rieur et que les peuples souverains d\u00e9cident seuls de leur avenir. La multiplication des violations de ce principe par des nations investies de la responsabilit\u00e9 principale de membre permanent du Conseil de s\u00e9curit\u00e9 des Nations unies aura de lourdes cons\u00e9quences sur la s\u00e9curit\u00e9 du monde, qui n\u2019\u00e9pargneront personne.<br class=\"autobr\"\/><br \/>\nInstruite par l\u2019Histoire, la France s\u2019y pr\u00e9pare, mais ne peut s\u2019y r\u00e9soudre. Elle r\u00e9it\u00e8re son attachement \u00e0 la Charte des Nations unies, qui doit continuer de guider l\u2019action internationale des \u00c9tats, toujours et partout.\u00a0\u00bb<\/p>\n<\/blockquote>\n<p>Alors pardonnez-nous l\u2019impunit\u00e9 qui pr\u00e9vaut lorsque nous soutenons l\u2019ing\u00e9rence et les mensonges, car c\u2019est pour votre bien\u00a0! Le peuple du Venezuela est souverain, c\u2019est pour cela, m\u00eame si \u00e7a tord un peu le bras de la l\u00e9galit\u00e9, qu\u2019il doit \u00eatre d\u00e9barrass\u00e9 du \u00ab\u00a0dictateur\u00a0\u00bb l\u00e9gitimement \u00e9lu qui \u00ab\u00a0confisquait le pouvoir\u00a0\u00bb. La coh\u00e9rence du propos est ici \u00e9difiante.<\/p>\n<p>L\u2019UE, par la voix de Mme\u00a0Kallas, \u00ab\u00a0<i>appelle \u00e0 la retenue\u00a0<\/i>\u00a0\u00bb mais ne condamne pas plus son bon suzerain.<\/p>\n<p>&#8230;<\/p>\n<p>Je suis assez confus ce matin. En effet, face \u00e0 une telle servilit\u00e9 de la part de nos \u00ab\u00a0repr\u00e9sentants\u00a0\u00bb aussi l\u00e2ches que gravement corrompus, je ne parviens pas \u00e0 bien distinguer les sentiments qui me traversent\u00a0: Est-ce la honte, ou la rage qui domine\u00a0? Est-ce que la tristesse qui m\u2019accable est le masque de ma col\u00e8re, ou est-ce l\u2019inverse\u00a0?<\/p>\n<p>Est-ce que nos dirigeants r\u00e9alisent la gravit\u00e9 et les cons\u00e9quences de leurs propos ind\u00e9cents, qui sont scell\u00e9s du sceau du mensonge le plus \u00e9hont\u00e9, et qui laissent &#8211; surtout &#8211; libre cours \u00e0 l\u2019expression de la force brute en toute impunit\u00e9 en guise de toute \u00ab\u00a0diplomatie\u00a0\u00bb\u00a0? Est-ce que la honte et l\u2019abjection sont vraiment tout ce que nous m\u00e9ritons, puisque ces gens s\u2019expriment en notre nom\u00a0?<\/p>\n<p>Au del\u00e0 du cirque path\u00e9tique et morbide que r\u00e9v\u00e8le ce dernier acte de l\u2019imp\u00e9rialisme \u00e9tasunien duquel nous sommes un vassal d\u00e9cid\u00e9ment aussi docile que z\u00e9l\u00e9, Trump ou pas Trump, il y a quelques \u00e9l\u00e9ments qui m\u00e9ritent encore d\u2019\u00eatre soulign\u00e9s, puisqu\u2019ils soul\u00e8vent une probl\u00e9matique qui nous concerne directement\u00a0:<\/p>\n<p>Il n\u2019aura \u00e9chapp\u00e9 \u00e0 personne que le seul v\u00e9ritable enjeu, derri\u00e8re la politique agressive de changement de r\u00e9gime qui est en cours au Venezuela, et la montagne de mensonges et d\u2019omissions de l\u2019ensemble des dirigeants et des m\u00e9dias occidentaux, ce sont \u00e9videmment les immenses ressources de ce pays.<\/p>\n<p>Le Venezuela, pour rappel et outre l\u2019eau douce, l\u2019or, ou les min\u00e9raux et terres rares, c\u2019est \u00e0 lui seul 17\u00a0% des r\u00e9serves mondiales de p\u00e9trole. Les plus grandes r\u00e9serves du monde, donc.<\/p>\n<p>Or, le schiste \u00e9tasunien dont on nous a dit qu\u2019il \u00e9tait largement pr\u00e9f\u00e9rable au p\u00e9trole et au gaz russes, a atteint un pic de production. Certains experts et autres g\u00e9ologues estiment que le tarissement des forages de schiste \u00e9tasuniens commencera dans 6 ans seulement. C\u2019est du tr\u00e8s, tr\u00e8s court terme.<\/p>\n<p>Si les E.U ont un besoin crucial du brut v\u00e9n\u00e9zu\u00e9lien, c\u2019est donc non seulement pour pouvoir raffiner du gasoil (dont leur arm\u00e9e imp\u00e9riale d\u00e9mesur\u00e9e est au passage une \u00e9norme consommatrice) en le m\u00e9langeant \u00e0 leur p\u00e9trole de schiste de mauvaise qualit\u00e9, mais c\u2019est surtout &#8211; je crois &#8211; pour pallier \u00e0 la p\u00e9nurie qui les menace \u00e0 court terme. Toute l\u2019infrastructure, tous les r\u00e9seaux urbains des E.U, sont \u00e0 100\u00a0% d\u00e9pendants de la bagnole et des camions.<\/p>\n<p>\u00c0 cela s\u2019ajoutent les volumes consid\u00e9rables d\u2019\u00e9nergies p\u00e9troli\u00e8res que Mme\u00a0von der Leyen s\u2019est engag\u00e9e aupr\u00e8s de Donald Trump, \u00e0 acheter aux E.U\u00a0(le m\u00eame jour o\u00f9 elle acceptait aussi &#8211; toujours en notre nom \u00e0 tous &#8211; que les produits de l\u2019industrie europ\u00e9enne subiraient une taxation de 15\u00a0% \u00e0 l\u2019entr\u00e9e aux E.U, contre 0\u00a0% dans l\u2019autre sens, ainsi qu\u2019elle s\u2019engageait \u00e9galement \u00e0 acheter pour 600 milliards de dollars de produits manufactur\u00e9s \u00e9tasuniens, dont l\u2019essentiel seront des armes)\u00a0:<\/p>\n<p>750 milliards de dollars de produits p\u00e9troliers seront achet\u00e9s au E.U par l\u2019UE, en trois ans\u00a0!<\/p>\n<p>Ce sont l\u00e0 des volumes auxquels les seuls p\u00e9troles et gaz de schiste \u00e9tasuniens ne peuvent pas surseoir.<br class=\"autobr\"\/><br \/>\nEt c\u2019est pour cela que ce qui se passe au Venezuela nous concerne finalement au premier chef.<\/p>\n<p>Sans une opposition populaire cons\u00e9quente aux politiques absconses de l\u2019UE soumise et outil du fascisme, auxquelles nos dirigeants successifs s\u2019alignent tous, qui s\u2019interdit en outre &#8211; au nom de pr\u00e9tendues \u00ab\u00a0valeurs\u00a0\u00bb &#8211; d\u2019acheter l\u2019\u00e9nergie russe abondante et peu ch\u00e8re qui devrait naturellement abreuver nos pays, nos dirigeants (eux aussi qualifiables en tant qu\u2019agents comprador, m\u00eame si \u00ab\u00a0tra\u00eetres\u00a0\u00bb convient \u00e9galement parfaitement) ne peuvent que souscrire \u00e0 la politique imp\u00e9rialiste \u00e9tasunienne, de laquelle nous sommes tristement devenus d\u00e9pendants, en plus d\u2019en \u00eatre nous aussi les victimes\u00a0:<\/p>\n<p>Souvenons nous ainsi qu\u2019au del\u00e0 du scandale Alstom, ce sont environ 180 entreprises fran\u00e7aises qui sont pass\u00e9es sous pavillon \u00e9tasunien durant la pr\u00e9sidence de l\u2019agent Macron. Ayons \u00e0 l\u2019esprit que BlackRock s\u2019invite \u00e0 l\u2019\u00c9lys\u00e9e pour imposer la ligne directrice, ou encore que \u00ab\u00a0les personnels de McKinsey ont \u00e9t\u00e9 directement int\u00e9gr\u00e9s aux effectifs du minist\u00e8re\u00a0\u00bb comme l\u2019avouait le ministre de la Sant\u00e9 V\u00e9ran interrog\u00e9 lors d\u2019une commission d\u2019enqu\u00eate s\u00e9natoriale ayant eu pour cons\u00e9quences l\u2019impunit\u00e9 la plus totale, et pas la moindre preuve d\u2019une collusion pourtant aussi \u00e9vidente qu\u2019intol\u00e9rable.<\/p>\n<p>En conclusion, ce qui se passe au Venezuela est un nouveau jalon crucial dans l\u2019escalade vers la v\u00e9ritable guerre chaude qui, je pense, opposera in\u00e9vitablement tous les pays de la sph\u00e8re otanienne atlantiste (+ Japon, Cor\u00e9e du Sud, Australie, et quelques autres vassaux) aux pays constituant notamment les BRICS+, qui vont encore s\u2019\u00e9largir, qui s\u2019\u00e9mancipent du dollar, qui comprennent l\u2019immense majorit\u00e9 des producteurs mondiaux de p\u00e9trole, et dont le PIB et la population totale cumul\u00e9s nous rel\u00e8guent pour un long moment au rang d\u2019acteurs d\u00e9sormais relativement insignifiants de l\u2019\u00e9conomie mondiale.<\/p>\n<p>Nous voyons finalement que notre mod\u00e8le n\u00e9olib\u00e9ral mortif\u00e8re, l\u2019\u00e9conomie financi\u00e8re sp\u00e9culative reposant sur la dette ill\u00e9gitime, qui ruine les peuples et pille les pays pour engraisser une poign\u00e9e d\u2019acteurs priv\u00e9s, ploutocrates uniquement int\u00e9ress\u00e9s par leur insatiable cupidit\u00e9 et qui ont infiltr\u00e9 les \u00c9tats et les institutions, p\u00e8se finalement bien peu face \u00e0 ce qui permet r\u00e9ellement la cr\u00e9ation de richesses\u00a0:<br class=\"autobr\"\/><br \/>\nLes ressources \u00e9nerg\u00e9tiques, l\u2019industrie et les travailleurs qui fabriquent des biens tangibles.<\/p>\n<p>La dure r\u00e9alit\u00e9 frappe \u00e0 la porte des id\u00e9ologues cingl\u00e9s et autres tra\u00eetres corrompus que nous nous acharnons \u00e0 \u00e9lire, plus ou moins malgr\u00e9-nous. Mais ils n\u2019entendront jamais raison, et nous ne le savons que trop bien.<\/p>\n<p>Nous indigner des propos abjects du pr\u00e9sident Macron (et des autres\u00a0: Kallas, Meloni, Milei, etc.) est ici la moindre des choses. Notre responsabilit\u00e9 est grande, puisqu\u2019en ne nous opposant pas frontalement \u00e0 ceux qui nous conduisent irr\u00e9m\u00e9diablement vers la guerre, nous les laissons &#8211; encore\u00a0! &#8211; commettre ou tol\u00e9rer les pires crimes en notre nom.<\/p>\n<p>Le prix de notre indiff\u00e9rence sera extr\u00eamement \u00e9lev\u00e9.<br class=\"autobr\"\/><br \/>\nL\u2019impunit\u00e9 des criminels qui pr\u00e9sident \u00e0 notre destin\u00e9e collective n\u2019en sera pas le moindre.<\/p>\n<p><strong>Vincent Le Mercier<\/strong><\/p>\n<\/div>\n<p><br \/>\n<br \/><a href=\"https:\/\/www.legrandsoir.info\/pourquoi-le-venezuela-nous-concerne.html\" target=\"_blank\"\">Source link <\/a><\/p>\n","protected":false},"excerpt":{"rendered":"<p>Donald Trump a donc fait enlever, dans sa r\u00e9sidence et pendant son sommeil, le pr\u00e9sident du Venezuela Nicolas Maduro, par un raid ill\u00e9gal de l\u2019arm\u00e9e \u00e9tasunienne. Ce serait le statut&hellip; <\/p>\n","protected":false},"author":1,"featured_media":22161,"comment_status":"open","ping_status":"open","sticky":false,"template":"","format":"standard","meta":{"footnotes":""},"categories":[1],"tags":[],"class_list":["post-22160","post","type-post","status-publish","format-standard","has-post-thumbnail","hentry","category-non-classe"],"_links":{"self":[{"href":"https:\/\/monde25.info\/index.php\/wp-json\/wp\/v2\/posts\/22160","targetHints":{"allow":["GET"]}}],"collection":[{"href":"https:\/\/monde25.info\/index.php\/wp-json\/wp\/v2\/posts"}],"about":[{"href":"https:\/\/monde25.info\/index.php\/wp-json\/wp\/v2\/types\/post"}],"author":[{"embeddable":true,"href":"https:\/\/monde25.info\/index.php\/wp-json\/wp\/v2\/users\/1"}],"replies":[{"embeddable":true,"href":"https:\/\/monde25.info\/index.php\/wp-json\/wp\/v2\/comments?post=22160"}],"version-history":[{"count":0,"href":"https:\/\/monde25.info\/index.php\/wp-json\/wp\/v2\/posts\/22160\/revisions"}],"wp:featuredmedia":[{"embeddable":true,"href":"https:\/\/monde25.info\/index.php\/wp-json\/wp\/v2\/media\/22161"}],"wp:attachment":[{"href":"https:\/\/monde25.info\/index.php\/wp-json\/wp\/v2\/media?parent=22160"}],"wp:term":[{"taxonomy":"category","embeddable":true,"href":"https:\/\/monde25.info\/index.php\/wp-json\/wp\/v2\/categories?post=22160"},{"taxonomy":"post_tag","embeddable":true,"href":"https:\/\/monde25.info\/index.php\/wp-json\/wp\/v2\/tags?post=22160"}],"curies":[{"name":"wp","href":"https:\/\/api.w.org\/{rel}","templated":true}]}}