{"id":22162,"date":"2026-01-09T16:34:10","date_gmt":"2026-01-09T15:34:10","guid":{"rendered":"https:\/\/monde25.info\/index.php\/2026\/01\/09\/mercosur-laccord-approuve-malgre-le-vote-de-la-france\/"},"modified":"2026-01-09T16:34:10","modified_gmt":"2026-01-09T15:34:10","slug":"mercosur-laccord-approuve-malgre-le-vote-de-la-france","status":"publish","type":"post","link":"https:\/\/monde25.info\/index.php\/2026\/01\/09\/mercosur-laccord-approuve-malgre-le-vote-de-la-france\/","title":{"rendered":"Mercosur\u00a0: l&#039;accord approuv\u00e9 malgr\u00e9 le vote de la France"},"content":{"rendered":"<p> <br \/>\n<br \/><img loading=\"lazy\" decoding=\"async\" src=\"https:\/\/reporterre.net\/local\/cache-vignettes\/L700xH467\/afp__20260109__hl_vdubois_3014156__v1__highres__franceagricultureconfederationpaysan_1_-3cf00.jpg?1767972648\" class=\"spip_logo\" width=\"700\" height=\"467\" alt=\"\" \/><\/p>\n<p>L&rsquo;accord de libre-\u00e9change <span class=\"caps\">UE<\/span>-Mercosur a \u00e9t\u00e9 approuv\u00e9, le 9\u00a0janvier, par une majorit\u00e9 \u00ab<small class=\"fine d-inline\">\u00a0<\/small>qualifi\u00e9e<small class=\"fine d-inline\">\u00a0<\/small>\u00bb d&rsquo;\u00c9tats europ\u00e9ens (c&rsquo;est-\u00e0-dire un regroupement d&rsquo;au moins 15 \u00c9tats, repr\u00e9sentant au moins 65<small class=\"fine d-inline\">\u00a0<\/small>% de la population de l&rsquo;Union europ\u00e9enne). La France, la Pologne, la Hongrie et l&rsquo;Irlande ont vot\u00e9 contre ce texte, auquel s&rsquo;oppose tr\u00e8s vivement une large partie du monde agricole. <br class=\"autobr\" \/><br \/>\nLa pr\u00e9sidente de la Commission europ\u00e9enne, Ursula von der Leyen, pourrait signer d\u00e8s le 12\u00a0janvier ce trait\u00e9 commercial\u00a0(\u2026)<\/p>\n<p>                    <a target=\"_blank\" href=\"https:\/\/reporterre.net\/Mercosur-l-accord-approuve-malgre-le-vote-de-la-France?utm_source=RSS&amp;utm_medium=RSS\">Lire la suite<\/a><\/p>\n<p>                    &#8211;<br \/>\n                        <a target=\"_blank\" href=\"https:\/\/reporterre.net\/Breves-20\" rel=\"directory\">En bref<\/a><\/p>\n<p>                    \/<br \/>\n                        <a target=\"_blank\" href=\"https:\/\/reporterre.net\/Traites-de-libre-echange\" rel=\"tag\">Trait\u00e9s de libre-\u00e9change<\/a><br \/>\n<br \/><br \/>\n<br \/><a href=\"https:\/\/reporterre.net\/Mercosur-l-accord-approuve-malgre-le-vote-de-la-France\" target=\"_blank\"\">Source link <\/a><\/p>\n","protected":false},"excerpt":{"rendered":"<p>L&rsquo;accord de libre-\u00e9change UE-Mercosur a \u00e9t\u00e9 approuv\u00e9, le 9\u00a0janvier, par une majorit\u00e9 \u00ab\u00a0qualifi\u00e9e\u00a0\u00bb d&rsquo;\u00c9tats europ\u00e9ens (c&rsquo;est-\u00e0-dire un regroupement d&rsquo;au moins 15 \u00c9tats, repr\u00e9sentant au moins 65\u00a0% de la population de&hellip; <\/p>\n","protected":false},"author":1,"featured_media":0,"comment_status":"open","ping_status":"open","sticky":false,"template":"","format":"standard","meta":{"footnotes":""},"categories":[1],"tags":[],"class_list":["post-22162","post","type-post","status-publish","format-standard","hentry","category-non-classe"],"_links":{"self":[{"href":"https:\/\/monde25.info\/index.php\/wp-json\/wp\/v2\/posts\/22162","targetHints":{"allow":["GET"]}}],"collection":[{"href":"https:\/\/monde25.info\/index.php\/wp-json\/wp\/v2\/posts"}],"about":[{"href":"https:\/\/monde25.info\/index.php\/wp-json\/wp\/v2\/types\/post"}],"author":[{"embeddable":true,"href":"https:\/\/monde25.info\/index.php\/wp-json\/wp\/v2\/users\/1"}],"replies":[{"embeddable":true,"href":"https:\/\/monde25.info\/index.php\/wp-json\/wp\/v2\/comments?post=22162"}],"version-history":[{"count":0,"href":"https:\/\/monde25.info\/index.php\/wp-json\/wp\/v2\/posts\/22162\/revisions"}],"wp:attachment":[{"href":"https:\/\/monde25.info\/index.php\/wp-json\/wp\/v2\/media?parent=22162"}],"wp:term":[{"taxonomy":"category","embeddable":true,"href":"https:\/\/monde25.info\/index.php\/wp-json\/wp\/v2\/categories?post=22162"},{"taxonomy":"post_tag","embeddable":true,"href":"https:\/\/monde25.info\/index.php\/wp-json\/wp\/v2\/tags?post=22162"}],"curies":[{"name":"wp","href":"https:\/\/api.w.org\/{rel}","templated":true}]}}