{"id":22163,"date":"2026-01-09T17:07:39","date_gmt":"2026-01-09T16:07:39","guid":{"rendered":"https:\/\/monde25.info\/index.php\/2026\/01\/09\/les-10-bonnes-nouvelles-de-la-semaine-26\/"},"modified":"2026-01-09T17:07:39","modified_gmt":"2026-01-09T16:07:39","slug":"les-10-bonnes-nouvelles-de-la-semaine-26","status":"publish","type":"post","link":"https:\/\/monde25.info\/index.php\/2026\/01\/09\/les-10-bonnes-nouvelles-de-la-semaine-26\/","title":{"rendered":"les 10 bonnes nouvelles de la semaine !"},"content":{"rendered":"<p> <br \/>\n<\/p>\n<div>\n<h4><strong>Vous n\u2019avez pas eu le temps de suivre l\u2019actu ? Voici les 10 bonnes nouvelles de la semaine.<\/strong><\/h4>\n<h2><b>1. Royaume-Uni : interdiction de la publicit\u00e9 pour les produits trop gras, sal\u00e9s ou sucr\u00e9s<\/b><i><span style=\"font-weight: 400;\"><br \/><\/span><\/i><\/h2>\n<p><span style=\"font-weight: 400;\">Au Royaume-Uni, la publicit\u00e9 pour les produits trop gras, sal\u00e9s ou sucr\u00e9s est interdite depuis lundi \u00e0 la t\u00e9l\u00e9vision avant 21 heures. <strong>La mesure vise \u00e0 lutter contre <a target=\"_blank\" href=\"https:\/\/mrmondialisation.org\/l-obesite-est-elle-programee\/\">l\u2019ob\u00e9sit\u00e9<\/a> infantile, qui touche 22 % des enfants \u00e0 l\u2019entr\u00e9e en primaire et pr\u00e8s de 36 % \u00e0 10-11 ans.<\/strong> Selon le gouvernement britannique, cette interdiction pourrait \u00e9viter 20 000 cas d\u2019ob\u00e9sit\u00e9 par an. En France, des tentatives similaires ont jusqu\u2019ici \u00e9chou\u00e9. <\/span><i><span style=\"font-weight: 400;\">(<\/span><\/i><a target=\"_blank\" href=\"https:\/\/reporterre.net\/Le-Royaume-Uni-interdit-la-publicite-des-produits-trop-gras-sales-ou-sucres\"><i><span style=\"font-weight: 400;\">Reporterre<\/span><\/i><\/a><i><span style=\"font-weight: 400;\">)<\/span><\/i><\/p>\n<h2><b>2. Lancement du \u00ab\u00a0plus grand r\u00e9seau de transport gratuit \u00ab\u00a0<\/b><i><span style=\"font-weight: 400;\"><br \/><\/span><\/i><\/h2>\n<p><span style=\"font-weight: 400;\">Dans le <\/span><b>bassin minier du Pas-de-Calais<\/b><span style=\"font-weight: 400;\">, les agglom\u00e9rations de <\/span><b>Lens-Li\u00e9vin, H\u00e9nin-Carvin et B\u00e9thune-Bruay<\/b><span style=\"font-weight: 400;\"> ont lanc\u00e9 un vaste r\u00e9seau de <\/span><b>transports publics gratuits<\/b><span style=\"font-weight: 400;\">. Les <\/span><b>bus sont gratuits pour tous les usagers<\/b><span style=\"font-weight: 400;\">, tandis que le <\/span><b>train est gratuit pour les habitants du territoire<\/b><span style=\"font-weight: 400;\">, sous conditions. Le dispositif concerne pr\u00e8s de <\/span><b>650 000 habitants<\/b><span style=\"font-weight: 400;\">. <\/span><i><span style=\"font-weight: 400;\">(<a target=\"_blank\" href=\"https:\/\/www.politis.fr\/articles\/2026\/01\/gratuite-des-transports-dans-le-pas-de-calais-un-signal-politique\/\">Politis<\/a><\/span><\/i><i><span style=\"font-weight: 400;\">)<\/span><\/i><\/p>\n<p><strong style=\"color: #111111; font-family: Roboto, sans-serif; font-size: 27px;\">3. Norv\u00e8ge : pr\u00e8s de 100 % de voitures neuves \u00e9lectriques<\/strong><\/p>\n<p><span style=\"font-weight: 400;\">En Norv\u00e8ge, 95,6 % des voitures neuves immatricul\u00e9es en 2025 sont \u00e9lectriques, un niveau proche de la g\u00e9n\u00e9ralisation. <\/span><b>Cette transition repose sur de fortes incitations publiques financ\u00e9es par la rente p\u00e9troli\u00e8re <\/b><span style=\"font-weight: 400;\">(avantages fiscaux, malus sur le thermique, r\u00e9seau de recharge dense). <\/span><b>Malgr\u00e9 leurs impacts, <a target=\"_blank\" href=\"https:\/\/mrmondialisation.org\/lina-la-voiture-electrique-et-biodegradable-qui-veut-revolutionner-la-mobilite\/\">les v\u00e9hicules \u00e9lectriques<\/a> \u00e9mettent 2 \u00e0 3 fois moins de CO\u2082 que les voitures thermiques sur l\u2019ensemble de leur cycle de vie<\/b><span style=\"font-weight: 400;\">. <\/span><i><span style=\"font-weight: 400;\">(<a target=\"_blank\" href=\"https:\/\/information.tv5monde.com\/economie\/automobile-la-norvege-frole-son-objectif-de-100-electrique-en-2025-2803504\">TV5monde<\/a>)<\/span><\/i><\/p>\n<p><b style=\"color: #111111; font-family: Roboto, sans-serif; font-size: 27px;\">4. Congo : des habitants replantent des arbres pour sauver leur \u00eele<\/b><\/p>\n<p><span style=\"font-weight: 400;\">Sur l\u2019<\/span><b>\u00eele d\u2019Idjwi<\/b><span style=\"font-weight: 400;\">, au<\/span><b>\u00a0Congo<\/b><span style=\"font-weight: 400;\">, des habitants se mobilisent pour replanter des arbres apr\u00e8s des ann\u00e9es de <\/span><b>d\u00e9forestation li\u00e9e au charbon de bois et \u00e0 l\u2019extraction de sable<\/b><span style=\"font-weight: 400;\">. Port\u00e9es par des <\/span><b>associations de femmes<\/b><span style=\"font-weight: 400;\">, des \u00e9coles, des \u00e9glises et une radio communautaire, ces initiatives visent \u00e0 <\/span><b>lutter contre l\u2019\u00e9rosion, les inondations et la perte de terres agricoles<\/b><span style=\"font-weight: 400;\">. Si la pression \u00e9conomique reste forte, les habitants cherchent \u00e0 <\/span><b>concilier exploitation du bois et reboisement durable<\/b><span style=\"font-weight: 400;\">.<\/span><i><span style=\"font-weight: 400;\">\u00a0(<\/span><\/i><a target=\"_blank\" href=\"https:\/\/reporterre.net\/Au-Congo-ils-replantent-des-arbres-pour-sauver-leur-ile\"><i><span style=\"font-weight: 400;\">Reporterre<\/span><\/i><\/a><i><span style=\"font-weight: 400;\">)<\/span><\/i><\/p>\n<h2><b>5. Bande de Gaza : l\u2019\u00e9cole \u00e0 tout prix<\/b><\/h2>\n<p><span style=\"font-weight: 400;\">Dans <a target=\"_blank\" href=\"https:\/\/mrmondialisation.org\/tribune-edition-jeunesse-mobilise-gaza\/\">la bande de Gaza<\/a>, <strong>les enfants recommencent progressivement \u00e0 aller \u00e0 l\u2019\u00e9cole depuis le cessez-le-feu.<\/strong> Les cours se tiennent dans des \u00e9coles partiellement d\u00e9truites, encore occup\u00e9es par des familles d\u00e9plac\u00e9es, ou sous des tentes install\u00e9es dans les camps. <strong>Selon l\u2019ONU, pr\u00e8s de 90 % des \u00e9tablissements scolaires ont \u00e9t\u00e9 vis\u00e9s par des attaques isra\u00e9liennes depuis octobre 2023,<\/strong> laissant une g\u00e9n\u00e9ration d\u2019enfants lourdement marqu\u00e9e par la guerre. <\/span><i><span style=\"font-weight: 400;\">(<\/span><\/i><a target=\"_blank\" href=\"https:\/\/www.politis.fr\/articles\/2026\/01\/bande-de-gaza-lecole-a-tout-prix\/\"><i><span style=\"font-weight: 400;\">Politis<\/span><\/i><\/a><i><span style=\"font-weight: 400;\">)<\/span><\/i><\/p>\n<h2><b>6. Bretagne : d\u00e9couverte exceptionnelle d\u2019un martin-p\u00eacheur<\/b><\/h2>\n<p><span style=\"font-weight: 400;\">En <\/span><b>Bretagne<\/b><span style=\"font-weight: 400;\">, un <\/span><b>martin-p\u00eacheur d\u2019Am\u00e9rique<\/b><span style=\"font-weight: 400;\">, jamais observ\u00e9 officiellement auparavant en <\/span>France hexagonale, a \u00e9t\u00e9 identifi\u00e9 le long du canal de Nantes \u00e0 Brest, pr\u00e8s de <b>Glomel<\/b><span style=\"font-weight: 400;\">. Probablement victime d\u2019un <\/span><b>accident de migration<\/b><span style=\"font-weight: 400;\">, l\u2019oiseau attire depuis plusieurs semaines <\/span><b>des centaines d\u2019ornithologues venus de toute l\u2019Europe<\/b><span style=\"font-weight: 400;\">. L\u2019individu, un <\/span><b>jeune m\u00e2le<\/b><span style=\"font-weight: 400;\">, semble en bonne sant\u00e9 et s\u2019est adapt\u00e9 \u00e0 son environnement, mais sa pr\u00e9sence suscite aussi des <\/span><b>d\u00e9bats sur l\u2019afflux de visiteurs et les d\u00e9rangements possibles<\/b><span style=\"font-weight: 400;\">. <\/span><i><span style=\"font-weight: 400;\">(<\/span><\/i><a target=\"_blank\" href=\"https:\/\/vert.eco\/articles\/je-ne-le-reverrai-pas-une-deuxieme-fois-dans-ma-vie-une-espece-exceptionnelle-de-martin-pecheur-decouverte-en-bretagne\"><i><span style=\"font-weight: 400;\">Vert<\/span><\/i><\/a><i><span style=\"font-weight: 400;\">)<\/span><\/i><\/p>\n<h2><b>7. Amazonie : des abeilles sans dard obtiennent des droits l\u00e9gaux<\/b><\/h2>\n<p><span style=\"font-weight: 400;\"><strong>Au P\u00e9rou, deux municipalit\u00e9s d\u2019Amazonie (Nauta et Satipo) ont reconnu aux abeilles sans dard le statut de sujets de droit, une premi\u00e8re mondiale.<\/strong> Ces pollinisatrices essentielles obtiennent le droit d\u2019exister, de prosp\u00e9rer, de vivre dans un environnement sain et d\u2019\u00eatre repr\u00e9sent\u00e9es en justice en cas de menace. <strong>La d\u00e9cision s\u2019appuie aussi sur l\u2019importance \u00e9cologique et culturelle de ces abeilles pour les peuples autochtones. <\/strong><\/span><i><span style=\"font-weight: 400;\">(<\/span><\/i><a target=\"_blank\" href=\"https:\/\/lareleveetlapeste.fr\/des-abeilles-damazonie-sans-dard-ont-recu-des-droits-legaux-une-premiere-mondiale\/\"><i><span style=\"font-weight: 400;\">La Rel\u00e8ve et La Peste<\/span><\/i><\/a><i><span style=\"font-weight: 400;\">)<\/span><\/i><\/p>\n<h2><b>8. France : la LPO veut sauver un sanctuaire d\u2019oiseaux menac\u00e9 par des rats<\/b><\/h2>\n<p><span style=\"font-weight: 400;\">Sur l\u2019atoll de Clipperton, territoire fran\u00e7ais du Pacifique nord, <strong>la LPO alerte sur une crise \u00e9cologique majeure li\u00e9e \u00e0 l\u2019invasion de rats noirs introduits accidentellement.<\/strong> Les rongeurs d\u00e9truisent \u0153ufs et poussins, provoquant l\u2019effondrement de la reproduction de plusieurs esp\u00e8ces d\u2019oiseaux marins, dont certaines sont d\u00e9j\u00e0 proches du point de bascule. <strong>Une \u00e9radication totale des rats est jug\u00e9e techniquement possible et urgente, mais elle n\u00e9cessite un fort soutien logistique et politique de l\u2019\u00c9tat fran\u00e7ais. <\/strong><\/span><i><span style=\"font-weight: 400;\">(<\/span><\/i><a target=\"_blank\" href=\"https:\/\/lareleveetlapeste.fr\/la-lpo-veut-sauver-un-sanctuaire-doiseaux-unique-menace-par-une-invasion-de-rats\/\"><i><span style=\"font-weight: 400;\">La Rel\u00e8ve et La Peste<\/span><\/i><\/a><i><span style=\"font-weight: 400;\">)<\/span><\/i><\/p>\n<h2><b>9. \u00c9tats-Unis : une entreprise condamn\u00e9e pour discrimination raciale<\/b><\/h2>\n<p><span style=\"font-weight: 400;\">Aux <\/span><b>\u00c9tats-Unis<\/b><span style=\"font-weight: 400;\">, une entreprise am\u00e9ricaine a \u00e9t\u00e9 condamn\u00e9e \u00e0 verser <\/span><b>115 millions de dollars<\/b><span style=\"font-weight: 400;\"> \u00e0 une ancienne salari\u00e9e pour discrimination raciale et repr\u00e9sailles. <strong>La justice a reconnu un environnement de travail hostile et des sanctions professionnelles li\u00e9es \u00e0 des d\u00e9nonciations internes. Cette d\u00e9cision judiciaire est pr\u00e9sent\u00e9e comme exemplaire. <\/strong><\/span><i><span style=\"font-weight: 400;\">(<\/span><\/i><a target=\"_blank\" href=\"https:\/\/www.humanite.fr\/en-debat\/chronique-juridique\/racisme-une-entreprise-americaine-condamnee-a-verser-115-millions-de-dollars-a-lune-de-ses-anciennes-salariees-pour-discrimination-raciale-et-represailles\"><i><span style=\"font-weight: 400;\">L\u2019Humanit\u00e9<\/span><\/i><\/a><i><span style=\"font-weight: 400;\">)<\/span><\/i><\/p>\n<div class=\"td-a-rec td-a-rec-id-content_inline  tdi_1 td_block_template_1\">\n<center><a target=\"_blank\" href=\"https:\/\/fr.tipeee.com\/mr-mondialisation\" class=\"tipeee-project-small\">Je m&rsquo;abonne \u00e0 Mr Mondialisation<\/a>&#13;<br \/>\n<\/center>&amp;nbsp<\/div>\n<h2><b>10. Colombie : Gustavo Petro augmente le salaire des travailleurs<\/b><\/h2>\n<p><span style=\"font-weight: 400;\">En <\/span><b>Colombie<\/b><span style=\"font-weight: 400;\">, le pr\u00e9sident <\/span><b>Gustavo Petro<\/b><span style=\"font-weight: 400;\"> a annonc\u00e9 une <\/span><b>hausse historique de 23,7 % du salaire minimum pour 2026<\/b><span style=\"font-weight: 400;\">, bien sup\u00e9rieure aux <\/span><b>7,21 %<\/b><span style=\"font-weight: 400;\"> demand\u00e9s par le patronat. Le chef de l\u2019\u00c9tat affirme vouloir garantir un salaire permettant aux familles de <\/span><b>vivre dignement<\/b><span style=\"font-weight: 400;\">, et non simplement de survivre. Cette d\u00e9cision, prise fin d\u00e9cembre, suscite une <\/span><b>vive opposition des employeurs<\/b><span style=\"font-weight: 400;\">, mais s\u2019inscrit dans la ligne sociale assum\u00e9e du gouvernement Petro. (<\/span><a target=\"_blank\" href=\"https:\/\/www.humanite.fr\/monde\/colombie\/gustavo-petro-le-president-colombien-qui-ose-augmenter-le-salaire-des-travailleurs\"><span style=\"font-weight: 400;\">L\u2019Humanit\u00e9<\/span><\/a><span style=\"font-weight: 400;\">)<\/span><\/p>\n<p style=\"text-align: right;\"><em>\u2013 Mauricette Baelen<\/em><\/p>\n<div class=\"td-a-rec td-a-rec-id-content_bottom  tdi_2 td_block_template_1\">\n<span class=\"td-adspot-title\">&#8211; Cet article gratuit, ind\u00e9pendant et sans IA existe gr\u00e2ce aux abonn\u00e9s &#8211;<\/span><\/p>\n<div class=\"td-all-devices\">\n    <a target=\"_blank\" href=\"https:\/\/mrmondialisation.org\/donation\/\" title=\"Faire_un_don\"><img decoding=\"async\" class=\"donationArticle\" src=\"https:\/\/mrmondialisation.org\/wp-content\/uploads\/2022\/12\/220405-flikalicious-final.jpg\" alt=\"Donation\"\/><\/a>\n<\/div>\n<\/div><\/div>\n<p><br \/>\n<br \/><a href=\"https:\/\/mrmondialisation.org\/publicite-transports-et-voitures-electriques-les-10-bonnes-nouvelles-de-la-semaine\/\" target=\"_blank\"\">Source link <\/a><\/p>\n","protected":false},"excerpt":{"rendered":"<p>Vous n\u2019avez pas eu le temps de suivre l\u2019actu ? Voici les 10 bonnes nouvelles de la semaine. 1. Royaume-Uni : interdiction de la publicit\u00e9 pour les produits trop gras,&hellip; <\/p>\n","protected":false},"author":1,"featured_media":22164,"comment_status":"open","ping_status":"open","sticky":false,"template":"","format":"standard","meta":{"footnotes":""},"categories":[1],"tags":[],"class_list":["post-22163","post","type-post","status-publish","format-standard","has-post-thumbnail","hentry","category-non-classe"],"_links":{"self":[{"href":"https:\/\/monde25.info\/index.php\/wp-json\/wp\/v2\/posts\/22163","targetHints":{"allow":["GET"]}}],"collection":[{"href":"https:\/\/monde25.info\/index.php\/wp-json\/wp\/v2\/posts"}],"about":[{"href":"https:\/\/monde25.info\/index.php\/wp-json\/wp\/v2\/types\/post"}],"author":[{"embeddable":true,"href":"https:\/\/monde25.info\/index.php\/wp-json\/wp\/v2\/users\/1"}],"replies":[{"embeddable":true,"href":"https:\/\/monde25.info\/index.php\/wp-json\/wp\/v2\/comments?post=22163"}],"version-history":[{"count":0,"href":"https:\/\/monde25.info\/index.php\/wp-json\/wp\/v2\/posts\/22163\/revisions"}],"wp:featuredmedia":[{"embeddable":true,"href":"https:\/\/monde25.info\/index.php\/wp-json\/wp\/v2\/media\/22164"}],"wp:attachment":[{"href":"https:\/\/monde25.info\/index.php\/wp-json\/wp\/v2\/media?parent=22163"}],"wp:term":[{"taxonomy":"category","embeddable":true,"href":"https:\/\/monde25.info\/index.php\/wp-json\/wp\/v2\/categories?post=22163"},{"taxonomy":"post_tag","embeddable":true,"href":"https:\/\/monde25.info\/index.php\/wp-json\/wp\/v2\/tags?post=22163"}],"curies":[{"name":"wp","href":"https:\/\/api.w.org\/{rel}","templated":true}]}}