{"id":22167,"date":"2026-01-09T18:13:36","date_gmt":"2026-01-09T17:13:36","guid":{"rendered":"https:\/\/monde25.info\/index.php\/2026\/01\/09\/france-baisse-de-la-consommation-des-menages-en-novembre-03\/"},"modified":"2026-01-09T18:13:36","modified_gmt":"2026-01-09T17:13:36","slug":"france-baisse-de-la-consommation-des-menages-en-novembre-03","status":"publish","type":"post","link":"https:\/\/monde25.info\/index.php\/2026\/01\/09\/france-baisse-de-la-consommation-des-menages-en-novembre-03\/","title":{"rendered":"France: baisse de la consommation des m\u00e9nages en novembre (-0,3%)"},"content":{"rendered":"<p> <br \/>\n<\/p>\n<div>\n<p>Les d\u00e9penses de consommation des m\u00e9nages fran\u00e7ais en biens sont reparties \u00e0 la baisse en novembre (-0,3\u2009%) apr\u00e8s trois mois de hausse, en suivant la tendance de la consommation d&rsquo;\u00e9nergie, a annonc\u00e9 vendredi l&rsquo;Insee.<\/p>\n<p>Sur un an, les d\u00e9penses de consommation sont stables, tandis que lors des trois derniers mois mesur\u00e9s (septembre \u00e0 novembre), elles ont augment\u00e9 de 0,5\u2009% par rapport aux trois mois pr\u00e9c\u00e9dents.<\/p>\n<p>En novembre, la baisse est principalement due \u00e0 un recul des d\u00e9penses consacr\u00e9es \u00e0 l&rsquo;\u00e9nergie (-2,0\u2009%), qui repr\u00e9sentent pr\u00e8s d&rsquo;un sixi\u00e8me du total.<\/p>\n<p>Ce recul s&rsquo;explique \u00ab\u00a0\u00e0 la fois par le repli de la consommation de gaz et d\u2019\u00e9lectricit\u00e9 et par celui des d\u00e9penses en produits p\u00e9troliers\u00a0\u00bb, a pr\u00e9cis\u00e9 l&rsquo;Institut Statistique National.<\/p>\n<p>L&rsquo;Insee observe \u00e9galement que \u00ab\u00a0la consommation alimentaire des m\u00e9nages se replie\u00a0\u00bb (-0,2\u2009% en novembre apr\u00e8s +0,3\u2009% en octobre) et celle de tabac \u00ab\u00a0baisse pour le septi\u00e8me mois cons\u00e9cutif\u00a0\u00bb.<\/p>\n<p>Le tableau est plus rassurant dans la consommation de biens fabriqu\u00e9s, un meilleur indicateur de la confiance des Fran\u00e7ais dans la conjoncture, repr\u00e9sentant pr\u00e8s de la moiti\u00e9 des d\u00e9penses.<\/p>\n<p>L&rsquo;Insee note l\u00e0 une \u00ab\u00a0acc\u00e9l\u00e9ration\u00a0\u00bb: +0,4\u2009% en novembre, apr\u00e8s +0,1\u2009% en octobre.<\/p>\n<p>Cette hausse est \u00ab\u00a0port\u00e9e par la nouvelle augmentation des d\u00e9penses en biens durables\u00a0\u00bb (+0,5\u2009%) et \u00ab\u00a0le rebond de celles en habillement-textile\u00a0\u00bb (+0,5\u2009%).<\/p>\n<p>De m\u00eame, \u00ab\u00a0la consommation en biens durables augmente de nouveau\u00a0\u00bb (+0,5\u2009%), gr\u00e2ce \u00e0 \u00ab\u00a0un fort rebond des achats de biens d&rsquo;\u00e9quipement du logement\u00a0\u00bb (+1,9\u2009%).<\/p>\n<\/div>\n<p><script>(function(d, s, id) {  var js, fjs = d.getElementsByTagName(s)[0];  if (d.getElementById(id)) return;  js = d.createElement(s); js.id = id;  js.src = \"\/\/connect.facebook.net\/fr_FR\/sdk.js#xfbml=1&version=v2.3\";  fjs.parentNode.insertBefore(js, fjs);}(document, \"script\", \"facebook-jssdk\"));<\/script><br \/>\n<br \/><br \/>\n<br \/><a href=\"https:\/\/www.francesoir.fr\/societe-economie\/france-baisse-de-la-consommation-des-menages-en-novembre-03\" target=\"_blank\"\">Source link <\/a><\/p>\n","protected":false},"excerpt":{"rendered":"<p>Les d\u00e9penses de consommation des m\u00e9nages fran\u00e7ais en biens sont reparties \u00e0 la baisse en novembre (-0,3\u2009%) apr\u00e8s trois mois de hausse, en suivant la tendance de la consommation d&rsquo;\u00e9nergie,&hellip; <\/p>\n","protected":false},"author":1,"featured_media":22168,"comment_status":"open","ping_status":"open","sticky":false,"template":"","format":"standard","meta":{"footnotes":""},"categories":[1],"tags":[],"class_list":["post-22167","post","type-post","status-publish","format-standard","has-post-thumbnail","hentry","category-non-classe"],"_links":{"self":[{"href":"https:\/\/monde25.info\/index.php\/wp-json\/wp\/v2\/posts\/22167","targetHints":{"allow":["GET"]}}],"collection":[{"href":"https:\/\/monde25.info\/index.php\/wp-json\/wp\/v2\/posts"}],"about":[{"href":"https:\/\/monde25.info\/index.php\/wp-json\/wp\/v2\/types\/post"}],"author":[{"embeddable":true,"href":"https:\/\/monde25.info\/index.php\/wp-json\/wp\/v2\/users\/1"}],"replies":[{"embeddable":true,"href":"https:\/\/monde25.info\/index.php\/wp-json\/wp\/v2\/comments?post=22167"}],"version-history":[{"count":0,"href":"https:\/\/monde25.info\/index.php\/wp-json\/wp\/v2\/posts\/22167\/revisions"}],"wp:featuredmedia":[{"embeddable":true,"href":"https:\/\/monde25.info\/index.php\/wp-json\/wp\/v2\/media\/22168"}],"wp:attachment":[{"href":"https:\/\/monde25.info\/index.php\/wp-json\/wp\/v2\/media?parent=22167"}],"wp:term":[{"taxonomy":"category","embeddable":true,"href":"https:\/\/monde25.info\/index.php\/wp-json\/wp\/v2\/categories?post=22167"},{"taxonomy":"post_tag","embeddable":true,"href":"https:\/\/monde25.info\/index.php\/wp-json\/wp\/v2\/tags?post=22167"}],"curies":[{"name":"wp","href":"https:\/\/api.w.org\/{rel}","templated":true}]}}