{"id":22173,"date":"2026-01-09T19:59:08","date_gmt":"2026-01-09T18:59:08","guid":{"rendered":"https:\/\/monde25.info\/index.php\/2026\/01\/09\/sujets-de-non-droit-par-vincent-sizaire-le-monde-diplomatique-janvier-2026\/"},"modified":"2026-01-09T19:59:08","modified_gmt":"2026-01-09T18:59:08","slug":"sujets-de-non-droit-par-vincent-sizaire-le-monde-diplomatique-janvier-2026","status":"publish","type":"post","link":"https:\/\/monde25.info\/index.php\/2026\/01\/09\/sujets-de-non-droit-par-vincent-sizaire-le-monde-diplomatique-janvier-2026\/","title":{"rendered":"Sujets de non-droit, par Vincent Sizaire (Le Monde diplomatique, janvier 2026)"},"content":{"rendered":"<p> <br \/>\n<\/p>\n<div>\n<p class=\"crayon article-surtitre-69181 surtitre\">Dossier\u00a0: L\u2019\u00e8re des r\u00e9pressions<\/p>\n<div class=\"crayon article-chapo-69181 chapo\">\n<p>Lorsqu\u2019il s\u2019agit d\u2019\u00e9voquer les espaces  dont l\u2019\u00c9tat se retire, les m\u00e9dias pointent leurs cam\u00e9ras vers les cit\u00e9s \u00ab<small class=\"fine\">\u00a0<\/small>en proie aux bandes<small class=\"fine\">\u00a0<\/small>\u00bb. Il existe pourtant une autre forme de d\u00e9sertion de la puissance publique,  aux effets tout aussi consid\u00e9rables.  Sans surprise, les classes populaires en sont les premi\u00e8res victimes.<\/p>\n<\/div><\/div>\n<div couleurfade=\"efebe6\" couleurclaire=\"ebe6df\" couleurpale=\"e7d0b0\" couleurmi=\"7c694f\" couleurfoncee=\"7b551d\" couleursombre=\"1f1a13\" couleurfond=\"5f574c\" couleurtexte=\"ffffff\">\n<div class=\"enapercu\">\n<figure class=\"spip_document_41495 spip_documents spip_documents_center xl\" style=\"width:890px;\">\n<div class=\"limage\">\n<p>\t\t\t<img loading=\"lazy\" decoding=\"async\" src=\"https:\/\/www.monde-diplomatique.fr\/\/local\/cache-vignettes\/L890xH589\/img021-66-b9a2d.jpg?1766744717\" width=\"890\" height=\"589\" class=\"spip_logos\" alt=\"JPEG - 62.9\u00a0kio\"\/><\/p><\/div><figcaption>\n<p>Michael Zelehoski. \u2014 \u00ab<small class=\"fine\">\u00a0<\/small>Leviathan II<small class=\"fine\">\u00a0<\/small>\u00bb, 2013 <\/p>\n<\/figcaption><\/figure>\n<p><span class=\"mot-lettrine\"><span class=\"lettrine\">E<\/span>n<\/span> 2018, le gouvernement fran\u00e7ais lance le dispositif des quartiers de reconqu\u00eate r\u00e9publicaine (QRR), qui doit concentrer les moyens policiers dans certains secteurs d\u00e9favoris\u00e9s consid\u00e9r\u00e9s comme criminog\u00e8nes. Il ent\u00e9rine le discours sur des territoires qui seraient devenus des \u00ab<small class=\"fine\">\u00a0<\/small>zones de non-droit<small class=\"fine\">\u00a0<\/small>\u00bb du fait du refus g\u00e9n\u00e9ralis\u00e9 des populations locales de respecter le cadre l\u00e9gal. Les sciences sociales ont invalid\u00e9 ces repr\u00e9sentations depuis longtemps. Les historiens et les sociologues pointent la persistance, dans le rapport aux quartiers populaires, d\u2019une posture de type moral ou s\u00e9curitaire. Elle escamote les dynamiques institutionnelles, sociales et \u00e9conomiques \u00e0 l\u2019origine de la d\u00e9linquance dans ces quartiers<small class=\"fine\">\u00a0<\/small>; elle esquive aussi les raisons politiques de l\u2019attention que lui r\u00e9servent les pouvoirs publics.<\/p>\n<p>Pour autant, l\u2019expression \u00ab<small class=\"fine\">\u00a0<\/small>zone de non-droit<small class=\"fine\">\u00a0<\/small>\u00bb n\u2019est pas d\u00e9nu\u00e9e de pertinence pour d\u00e9crire la situation des classes populaires. Si celles-ci n\u2019ont pas de disposition particuli\u00e8re \u00e0 violer la loi, elles p\u00e2tissent d\u2019un niveau effectif de protection juridique bien moindre que le reste de la population. Nos institutions ne permettent pas de faire valoir correctement leurs droits \u00e0 ceux qui sont priv\u00e9s des moyens de financer les services d\u2019un avocat, de l\u2019aide d\u2019un r\u00e9seau relationnel ou d\u2019une connaissance minimale de l\u2019ordre juridique. Alors m\u00eame que ces populations sont celles qui ont le plus besoin de faire appliquer la loi pour sauvegarder leurs int\u00e9r\u00eats, notamment face \u00e0 plus puissants qu\u2019elles.<\/p>\n<h3 class=\"spip\">Effectifs r\u00e9duits \u00e0 l\u2019inspection du travail comme \u00e0 la r\u00e9pression des fraudes<\/h3>\n<p>Cette vuln\u00e9rabilit\u00e9 se manifeste principalement dans trois domaines. S\u2019il subit une attaque en r\u00e8gle depuis plusieurs d\u00e9cennies, le droit du travail n\u2019en offre pas moins des garanties minimales contre l\u2019arbitraire potentiel du chef d\u2019entreprise, notamment en mati\u00e8re de r\u00e9mun\u00e9ration, de temps de travail, de sant\u00e9 et de s\u00e9curit\u00e9, ou de rupture du\u00a0(\u2026)<\/p>\n<\/p><\/div>\n<p>Taille de l\u2019article complet\u00a0:\u00a0<span>1\u00a0623<\/span>\u00a0mots.<\/p>\n<div class=\"promo_dispo_article\">\n<h2 class=\"avantbloc\">\n\tCet article est r\u00e9serv\u00e9 aux\u00a0abonn\u00e9s<\/p>\n<\/h2>\n<div class=\"abo_inst\">\n\t<strong>Lyc\u00e9es, biblioth\u00e8ques, administrations, entreprises,<\/strong><br \/>\n\tacc\u00e9dez \u00e0 la base de donn\u00e9es en ligne de tous les articles du <i>Monde diplomatique<\/i> de 1954 \u00e0 nos\u00a0jours.<br \/>\n\t<a target=\"_blank\" id=\"pw-institutions\" class=\"suivi\" href=\"https:\/\/www.monde-diplomatique.fr\/archives\/institutions\">Retrouvez cette\u00a0offre sp\u00e9cifique<\/a>.\n<\/div>\n<\/div><\/div>\n<div>\n<p class=\"nom\">Vincent Sizaire<\/p>\n<p>\n\t\t\t\t\tMagistrat, ma\u00eetre de conf\u00e9rences associ\u00e9 \u00e0 l\u2019universit\u00e9 Paris Nanterre, auteur de <i>Gouverner les juges. Pour un pouvoir judiciaire pleinement d\u00e9mocratique,<\/i> La Dispute, Paris, 2024.<\/p>\n<\/p><\/div>\n<p><br \/>\n<br \/><a href=\"https:\/\/www.monde-diplomatique.fr\/2026\/01\/SIZAIRE\/69181\" target=\"_blank\"\">Source link <\/a><\/p>\n","protected":false},"excerpt":{"rendered":"<p>Dossier\u00a0: L\u2019\u00e8re des r\u00e9pressions Lorsqu\u2019il s\u2019agit d\u2019\u00e9voquer les espaces dont l\u2019\u00c9tat se retire, les m\u00e9dias pointent leurs cam\u00e9ras vers les cit\u00e9s \u00ab\u00a0en proie aux bandes\u00a0\u00bb. Il existe pourtant une autre&hellip; <\/p>\n","protected":false},"author":1,"featured_media":22174,"comment_status":"open","ping_status":"open","sticky":false,"template":"","format":"standard","meta":{"footnotes":""},"categories":[1],"tags":[],"class_list":["post-22173","post","type-post","status-publish","format-standard","has-post-thumbnail","hentry","category-non-classe"],"_links":{"self":[{"href":"https:\/\/monde25.info\/index.php\/wp-json\/wp\/v2\/posts\/22173","targetHints":{"allow":["GET"]}}],"collection":[{"href":"https:\/\/monde25.info\/index.php\/wp-json\/wp\/v2\/posts"}],"about":[{"href":"https:\/\/monde25.info\/index.php\/wp-json\/wp\/v2\/types\/post"}],"author":[{"embeddable":true,"href":"https:\/\/monde25.info\/index.php\/wp-json\/wp\/v2\/users\/1"}],"replies":[{"embeddable":true,"href":"https:\/\/monde25.info\/index.php\/wp-json\/wp\/v2\/comments?post=22173"}],"version-history":[{"count":0,"href":"https:\/\/monde25.info\/index.php\/wp-json\/wp\/v2\/posts\/22173\/revisions"}],"wp:featuredmedia":[{"embeddable":true,"href":"https:\/\/monde25.info\/index.php\/wp-json\/wp\/v2\/media\/22174"}],"wp:attachment":[{"href":"https:\/\/monde25.info\/index.php\/wp-json\/wp\/v2\/media?parent=22173"}],"wp:term":[{"taxonomy":"category","embeddable":true,"href":"https:\/\/monde25.info\/index.php\/wp-json\/wp\/v2\/categories?post=22173"},{"taxonomy":"post_tag","embeddable":true,"href":"https:\/\/monde25.info\/index.php\/wp-json\/wp\/v2\/tags?post=22173"}],"curies":[{"name":"wp","href":"https:\/\/api.w.org\/{rel}","templated":true}]}}