{"id":22175,"date":"2026-01-09T20:37:22","date_gmt":"2026-01-09T19:37:22","guid":{"rendered":"https:\/\/monde25.info\/index.php\/2026\/01\/09\/tempete-goretti-la-centrale-nucleaire-de-flamanville-a-larret\/"},"modified":"2026-01-09T20:37:22","modified_gmt":"2026-01-09T19:37:22","slug":"tempete-goretti-la-centrale-nucleaire-de-flamanville-a-larret","status":"publish","type":"post","link":"https:\/\/monde25.info\/index.php\/2026\/01\/09\/tempete-goretti-la-centrale-nucleaire-de-flamanville-a-larret\/","title":{"rendered":"Temp\u00eate Goretti\u00a0: la centrale nucl\u00e9aire de Flamanville \u00e0 l&#039;arr\u00eat"},"content":{"rendered":"<p> <br \/>\n<br \/><img loading=\"lazy\" decoding=\"async\" src=\"https:\/\/reporterre.net\/local\/cache-vignettes\/L700xH467\/kklkl_1_-2-3-fb912.jpg?1767975357\" class=\"spip_logo\" width=\"700\" height=\"467\" alt=\"\" \/><\/p>\n<p>La temp\u00eate Goretti, qui s&rsquo;est abattue sur le nord-ouest de la France dans la nuit du jeudi\u00a08 au vendredi 9\u00a0janvier, a mis \u00e0 l&rsquo;arr\u00eat la centrale nucl\u00e9aire de Flamanville. L&rsquo;installation, situ\u00e9e dans la Manche, \u00e9tait dans la trajectoire des vents violents, qui ont d\u00e9pass\u00e9 par endroits 200\u00a0km\/h. <br class=\"autobr\" \/><br \/>\nJeudi apr\u00e8s-midi, par pr\u00e9caution, <span class=\"caps\">EDF<\/span> avait baiss\u00e9 de 50 \u00e0 55<small class=\"fine d-inline\">\u00a0<\/small>% la puissance de ses r\u00e9acteurs. L&rsquo;\u00e9nerg\u00e9ticien a finalement d\u00fb mettre brutalement \u00e0 l&rsquo;arr\u00eat les r\u00e9acteurs de la centrale normande en\u00a0(\u2026)<\/p>\n<p>                    <a target=\"_blank\" href=\"https:\/\/reporterre.net\/Tempete-Goretti-la-centrale-nucleaire-de-Flamanville-a-l-arret?utm_source=RSS&amp;utm_medium=RSS\">Lire la suite<\/a><\/p>\n<p>                    &#8211;<br \/>\n                        <a target=\"_blank\" href=\"https:\/\/reporterre.net\/Breves-20\" rel=\"directory\">En bref<\/a><\/p>\n<p>                    \/<br \/>\n                        <a target=\"_blank\" href=\"https:\/\/reporterre.net\/Climat-18\" rel=\"tag\">Climat <\/a><br \/>\n                    ,<br \/>\n                        <a target=\"_blank\" href=\"https:\/\/reporterre.net\/Nucleaire\" rel=\"tag\">Nucl\u00e9aire<\/a><br \/>\n<br \/><br \/>\n<br \/><a href=\"https:\/\/reporterre.net\/Tempete-Goretti-la-centrale-nucleaire-de-Flamanville-a-l-arret\" target=\"_blank\"\">Source link <\/a><\/p>\n","protected":false},"excerpt":{"rendered":"<p>La temp\u00eate Goretti, qui s&rsquo;est abattue sur le nord-ouest de la France dans la nuit du jeudi\u00a08 au vendredi 9\u00a0janvier, a mis \u00e0 l&rsquo;arr\u00eat la centrale nucl\u00e9aire de Flamanville. L&rsquo;installation,&hellip; <\/p>\n","protected":false},"author":1,"featured_media":0,"comment_status":"open","ping_status":"open","sticky":false,"template":"","format":"standard","meta":{"footnotes":""},"categories":[1],"tags":[],"class_list":["post-22175","post","type-post","status-publish","format-standard","hentry","category-non-classe"],"_links":{"self":[{"href":"https:\/\/monde25.info\/index.php\/wp-json\/wp\/v2\/posts\/22175","targetHints":{"allow":["GET"]}}],"collection":[{"href":"https:\/\/monde25.info\/index.php\/wp-json\/wp\/v2\/posts"}],"about":[{"href":"https:\/\/monde25.info\/index.php\/wp-json\/wp\/v2\/types\/post"}],"author":[{"embeddable":true,"href":"https:\/\/monde25.info\/index.php\/wp-json\/wp\/v2\/users\/1"}],"replies":[{"embeddable":true,"href":"https:\/\/monde25.info\/index.php\/wp-json\/wp\/v2\/comments?post=22175"}],"version-history":[{"count":0,"href":"https:\/\/monde25.info\/index.php\/wp-json\/wp\/v2\/posts\/22175\/revisions"}],"wp:attachment":[{"href":"https:\/\/monde25.info\/index.php\/wp-json\/wp\/v2\/media?parent=22175"}],"wp:term":[{"taxonomy":"category","embeddable":true,"href":"https:\/\/monde25.info\/index.php\/wp-json\/wp\/v2\/categories?post=22175"},{"taxonomy":"post_tag","embeddable":true,"href":"https:\/\/monde25.info\/index.php\/wp-json\/wp\/v2\/tags?post=22175"}],"curies":[{"name":"wp","href":"https:\/\/api.w.org\/{rel}","templated":true}]}}