{"id":22176,"date":"2026-01-09T21:20:21","date_gmt":"2026-01-09T20:20:21","guid":{"rendered":"https:\/\/monde25.info\/index.php\/2026\/01\/09\/les-10-infos-de-la-semaine-5\/"},"modified":"2026-01-09T21:20:21","modified_gmt":"2026-01-09T20:20:21","slug":"les-10-infos-de-la-semaine-5","status":"publish","type":"post","link":"https:\/\/monde25.info\/index.php\/2026\/01\/09\/les-10-infos-de-la-semaine-5\/","title":{"rendered":"les 10 infos de la semaine"},"content":{"rendered":"<p> <br \/>\n<\/p>\n<div>\n<h4>Vous n\u2019avez pas eu le temps de suivre l\u2019actu ? Voici 10 infos \u00e0 ne surtout pas manquer cette semaine.<\/h4>\n<h2><b>1. Venezuela : un retour \u00e0 l\u2019\u00e8re coloniale<\/b><\/h2>\n<p><span style=\"font-weight: 400;\">\u00e0 Caracas, au <a target=\"_blank\" href=\"https:\/\/mrmondialisation.org\/venezuela-coup-etat-trump-maduro\/\">Venezuela<\/a>, la capture du pr\u00e9sident Nicol\u00e1s Maduro par des forces sp\u00e9ciales am\u00e9ricaines est qualifi\u00e9e d\u2019acte colonial pour s\u2019approprier le p\u00e9trole du pays qu\u2019elles consid\u00e8rent comme le leur. <strong>La communaut\u00e9 internationale met du temps \u00e0 r\u00e9agir, ce qui fragilise le droit international.<\/strong> Un grand classique des \u00c9tats-Unis, en somme. <\/span><span style=\"font-weight: 400;\">(<a target=\"_blank\" href=\"https:\/\/www.les2rives.info\/usa-vs-venezuela-lanalyse\/\">Les2rives<\/a><\/span><span style=\"font-weight: 400;\">)<\/span><\/p>\n<figure id=\"attachment_1367987\" aria-describedby=\"caption-attachment-1367987\" style=\"width: 600px\" class=\"wp-caption alignnone\"><img fetchpriority=\"high\" decoding=\"async\" class=\"wp-image-1367987\" src=\"https:\/\/mrmondialisation.org\/wp-content\/uploads\/2026\/01\/nicolas-maduro-in-brasilia.jpg\" alt=\"\" width=\"600\" height=\"718\" srcset=\"https:\/\/mrmondialisation.org\/wp-content\/uploads\/2026\/01\/nicolas-maduro-in-brasilia.jpg 904w, https:\/\/mrmondialisation.org\/wp-content\/uploads\/2026\/01\/nicolas-maduro-in-brasilia-856x1024.jpg 856w, https:\/\/mrmondialisation.org\/wp-content\/uploads\/2026\/01\/nicolas-maduro-in-brasilia-768x919.jpg 768w, https:\/\/mrmondialisation.org\/wp-content\/uploads\/2026\/01\/nicolas-maduro-in-brasilia-696x833.jpg 696w, https:\/\/mrmondialisation.org\/wp-content\/uploads\/2026\/01\/nicolas-maduro-in-brasilia-351x420.jpg 351w\" sizes=\"(max-width: 600px) 100vw, 600px\"\/><figcaption id=\"caption-attachment-1367987\" class=\"wp-caption-text\">Nicol\u00e1s Maduro \u2013 <a target=\"_blank\" href=\"https:\/\/commons.wikimedia.org\/wiki\/File:Nicolas_Maduro_in_Brasilia.jpg\">Wikicommons<\/a><\/figcaption><\/figure>\n<h2><strong>2. Vid\u00e9os<\/strong><strong> IA et faux comptes instrumentalisant la crise des agriculteurs <\/strong><i><span style=\"font-weight: 400;\"><br \/><\/span><\/i><\/h2>\n<p><span style=\"font-weight: 400;\">Depuis les manifestations agricoles en France, des contenus sur TikTok, X et d\u2019autres plateformes utilisent des <a target=\"_blank\" href=\"https:\/\/mrmondialisation.org\/ia-generative-desinformation\/\">vid\u00e9os g\u00e9n\u00e9r\u00e9es par IA et de faux comptes pour amplifier et d\u00e9former le mal-\u00eatre des agriculteurs.<\/a> Un ph\u00e9nom\u00e8ne qui nuit au d\u00e9bat public en m\u00e9langeant information et manipulation. (<\/span><a target=\"_blank\" href=\"https:\/\/vert.eco\/articles\/videos-generees-par-ia-sur-tiktok-faux-comptes-sur-x-le-mal-etre-des-agriculteurs-instrumentalise-sur-les-reseaux-sociaux\"><span style=\"font-weight: 400;\">Vert<\/span><\/a><span style=\"font-weight: 400;\">)<\/span><\/p>\n<h2><b>3. Trump suspend tous les projets \u00e9oliens en mer aux \u00c9tats-Unis<\/b><i><span style=\"font-weight: 400;\"><br \/><\/span><\/i><\/h2>\n<p><span style=\"font-weight: 400;\">Le gouvernement Trump a annonc\u00e9 <strong>l\u2019arr\u00eat de tous les projets d\u2019\u00e9oliennes offshore aux \u00c9tats-Unis, une d\u00e9cision qui remet en cause les objectifs climatiques nationaux et ralentit le d\u00e9veloppement des \u00e9nergies renouvelables en mer.<\/strong> Les acteurs du secteur d\u00e9noncent un manque de vision \u00e0 long terme face aux urgences climatiques. <\/span><span style=\"font-weight: 400;\">(<a target=\"_blank\" href=\"https:\/\/www.radiofrance.fr\/franceculture\/podcasts\/la-revue-de-presse-internationale\/la-revue-de-presse-internationale-emission-du-mardi-23-decembre-2025-1375512\">France culture<\/a><\/span><span style=\"font-weight: 400;\">)<\/span><\/p>\n<h2><b>4. Les Pays-Bas interdisent les feux d\u2019artifice priv\u00e9s<\/b> <i><span style=\"font-weight: 400;\"><br \/><\/span><\/i><\/h2>\n<p><span style=\"font-weight: 400;\">Aux Pays-Bas, <strong>le gouvernement a d\u00e9cid\u00e9 d\u2019interdire les feux d\u2019artifice pour les particuliers afin de prot\u00e9ger les animaux domestiques et sauvages, causant stress et blessures importantes.<\/strong> Les feux d\u2019artifice resteront possibles uniquement via des \u00e9v\u00e9nements professionnels ou publics contr\u00f4l\u00e9s. L\u2019interdiction est salu\u00e9e par les associations de protection animale. (<\/span><a target=\"_blank\" href=\"https:\/\/www.radiocontact.be\/actu\/les-pays-bas-interdisent-les-feux-dartifice-pour-les-particuliers-afin-de-proteger-les-animaux\/\"><span style=\"font-weight: 400;\">Radio Contact<\/span><\/a><span style=\"font-weight: 400;\">)<\/span><\/p>\n<h2><b>5. Programme EVARS : planning familial \u00e9cart\u00e9 des \u00e9coles<\/b> <i><span style=\"font-weight: 400;\"><br \/><\/span><\/i><\/h2>\n<p><span style=\"font-weight: 400;\">En France, le <\/span><b>programme EVARS<\/b><span style=\"font-weight: 400;\"> (\u00c9ducation \u00e0 la Vie Affective, Relationnelle et Sexuelle) a \u00e9t\u00e9 <\/span><b>discr\u00e8tement retir\u00e9 de certaines \u00e9coles<\/b><span style=\"font-weight: 400;\"> du fait de pressions politiques et sociales. Le Planning familial, partenaire historique des actions d\u2019\u00e9ducation sexuelle, a \u00e9t\u00e9 marginalis\u00e9 dans ce processus. <strong>Des enseignants et des associations d\u00e9noncent un affaiblissement de l\u2019acc\u00e8s \u00e0 une information compl\u00e8te sur les relations, la sexualit\u00e9 et le consentement. <\/strong><\/span><a target=\"_blank\" href=\"https:\/\/www.basta.media\/Programme-evars-education-vie-affective-relationnelle-planning-familial-discretement-ecarte-des-ecoles\"><span style=\"font-weight: 400;\">(<\/span><span style=\"font-weight: 400;\">basta<\/span><\/a><span style=\"font-weight: 400;\">)<\/span><\/p>\n<h2><b>6. Trump retire les \u00c9tats-Unis de 66 organisations internationales dont le GIEC<\/b><i><span style=\"font-weight: 400;\"><br \/><\/span><\/i><\/h2>\n<p>Trump a sign\u00e9 un d\u00e9cret ordonnant le retrait des \u00c9tats-Unis de 66 organisations internationales, dont plusieurs li\u00e9es \u00e0 l\u2019ONU et au climat, comme la Convention-cadre des Nations unies sur les changements climatiques et le Giec. Son administration justifie ces retraits par la d\u00e9fense de \u00ab\u00a0<em>l\u2019Am\u00e9rique d\u2019abord<\/em>\u00a0\u00bb et le rejet de ce qu\u2019elle qualifie d\u2019id\u00e9ologie progressiste. Des juristes contestent la l\u00e9galit\u00e9 d\u2019une sortie unilat\u00e9rale de la CCNUCC sans vote du S\u00e9nat. (<a target=\"_blank\" href=\"https:\/\/vert.eco\/articles\/donald-trump-retire-les-etats-unis-de-66-organisations-internationales-dont-le-giec-une-nouvelle-blessure\">Vert<\/a>)<\/p>\n<h2><b>7. Assurance ch\u00f4mage : tensions autour des ruptures conventionnelles<\/b><\/h2>\n<p><span style=\"font-weight: 400;\">Les <\/span><b>ruptures conventionnelles de CDI<\/b><span style=\"font-weight: 400;\"> pourraient dispara\u00eetre dans la r\u00e9forme de l\u2019assurance ch\u00f4mage. Le gouvernement souhaite limiter son usage, jug\u00e9 co\u00fbteux pour le r\u00e9gime d\u2019indemnisation et susceptible d\u2019abus, <strong>afin de r\u00e9aliser des \u00e9conomies importantes sur les d\u00e9penses sociales.<\/strong> Ce m\u00e9canisme, tr\u00e8s utilis\u00e9 et int\u00e9gr\u00e9 depuis 2008, repr\u00e9sente une part notable des fins de contrat en France.<\/span> <span style=\"font-weight: 400;\">(<\/span><a target=\"_blank\" href=\"https:\/\/www.humanite.fr\/politique\/assurance-chomage-2\/ruptures-conventionnelles-pourquoi-le-gouvernement-et-les-patrons-veulent-a-tout-prix-mettre-fin-a-ce-dispositif-qui-fonctionne\"><span style=\"font-weight: 400;\">L\u2019humanit\u00e9<\/span><\/a><span style=\"font-weight: 400;\">)<\/span><\/p>\n<h2><b>8. Loi PFAS : deux d\u00e9crets d\u2019application publi\u00e9s en France<\/b><i><span style=\"font-weight: 400;\"><br \/><\/span><\/i><\/h2>\n<p><span style=\"font-weight: 400;\">Deux nouveaux d\u00e9crets \u00e0 propos des PFAS : <strong>1\/ l\u2019interdiction progressive de certains usages non essentiels de PFAS dans des produits du quotidien comme les cosm\u00e9tiques, textiles ou emballages. 2\/ Surveillance des rejets industriels, en obligeant les sites concern\u00e9s \u00e0 mesurer et \u00e0 d\u00e9clarer leurs \u00e9missions de PFAS.<\/strong> Des mesures encore trop insuffisantes face \u00e0 l\u2019ampleur et la dangerosit\u00e9 du probl\u00e8me. <\/span><span style=\"font-weight: 400;\">(<a target=\"_blank\" href=\"https:\/\/vert.eco\/articles\/factures-delectricite-pfas-tirs-de-loups-ce-qui-change-pour-lecologie-au-1er-janvier-2026\">Vert<\/a><\/span><span style=\"font-weight: 400;\">)<\/span><\/p>\n<h2><b>9. Gr\u00e8ve des m\u00e9decins lib\u00e9raux en France du 5 au 15 janvier 2026<\/b> <i><span style=\"font-weight: 400;\"><br \/><\/span><\/i><\/h2>\n<p><span style=\"font-weight: 400;\">Depuis lundi, la <\/span><b>gr\u00e8ve nationale des m\u00e9decins lib\u00e9raux<\/b><span style=\"font-weight: 400;\"> touche cabinets priv\u00e9s et consultations de ville. De nombreux cabinets restent ferm\u00e9s et certaines op\u00e9rations programm\u00e9es sont report\u00e9es, entra\u00eenant des perturbations dans l\u2019acc\u00e8s aux soins. <strong>Les m\u00e9decins d\u00e9noncent des conditions de travail d\u00e9grad\u00e9es et des r\u00e9formes jug\u00e9es d\u00e9favorables, tandis que l\u2019ARS conseille la population sur les alternatives. Soutien !<\/strong> (<a target=\"_blank\" href=\"https:\/\/basta.media\/virage-autoritaire-sur-le-systeme-de-sante-pourquoi-les-medecins-font-greve-ou-pas\">Basta!<\/a><\/span><span style=\"font-weight: 400;\">)<\/span><\/p>\n<h2><b>10. La France et le Royaume-Uni pr\u00eats \u00e0 envoyer des troupes pour un cessez-le-feu en Ukraine<\/b><i><span style=\"font-weight: 400;\"><br \/><\/span><\/i><\/h2>\n<p><span style=\"font-weight: 400;\">Au <\/span><b>sommet de la coalition de soutien \u00e0 l\u2019Ukraine \u00e0 Paris<\/b><span style=\"font-weight: 400;\">, la <\/span><b>France et le Royaume-Uni ont d\u00e9clar\u00e9 \u00eatre dispos\u00e9s \u00e0 d\u00e9ployer des troupes<\/b><span style=\"font-weight: 400;\"> pour garantir un \u00e9ventuel <\/span><b>cessez-le-feu avec la Russie<\/b><span style=\"font-weight: 400;\">, dans l\u2019hypoth\u00e8se d\u2019un accord futur. Les \u00c9tats-Unis, eux, seraient pr\u00eats \u00e0 assurer une surveillance sans d\u00e9ployer de forces terrestres. L\u2019annonce vise \u00e0 renforcer la posture de dissuasion dans le cadre de la guerre en Ukraine.<\/span> <a target=\"_blank\" href=\"https:\/\/www.mediapart.fr\/journal\/international\/060126\/france-et-royaume-uni-se-disent-prets-envoyer-des-troupes-pour-garantir-un-eventuel-cessez-le-feu-e?utm_source=chatgpt.com\"><span style=\"font-weight: 400;\">(<\/span><span style=\"font-weight: 400;\">Mediapart<\/span><\/a><span style=\"font-weight: 400;\">)<\/span><\/p>\n<p style=\"text-align: right;\"><i>Mauricette Baelen\u00a0<\/i><\/p>\n<div class=\"td-a-rec td-a-rec-id-content_inline  tdi_1 td_block_template_1\">\n<center><a target=\"_blank\" href=\"https:\/\/fr.tipeee.com\/mr-mondialisation\" class=\"tipeee-project-small\">Je m&rsquo;abonne \u00e0 Mr Mondialisation<\/a>&#13;<br \/>\n<\/center>&amp;nbsp<\/div>\n<div class=\"td-a-rec td-a-rec-id-content_bottom  tdi_2 td_block_template_1\">\n<span class=\"td-adspot-title\">&#8211; Cet article gratuit, ind\u00e9pendant et sans IA existe gr\u00e2ce aux abonn\u00e9s &#8211;<\/span><\/p>\n<div class=\"td-all-devices\">\n    <a target=\"_blank\" href=\"https:\/\/mrmondialisation.org\/donation\/\" title=\"Faire_un_don\"><img decoding=\"async\" class=\"donationArticle\" src=\"https:\/\/mrmondialisation.org\/wp-content\/uploads\/2022\/12\/220405-flikalicious-final.jpg\" alt=\"Donation\"\/><\/a>\n<\/div>\n<\/div><\/div>\n<p><br \/>\n<br \/><a href=\"https:\/\/mrmondialisation.org\/venezuela-agriculteurs-et-eolien-les-10-infos-de-la-semaine\/\" target=\"_blank\"\">Source link <\/a><\/p>\n","protected":false},"excerpt":{"rendered":"<p>Vous n\u2019avez pas eu le temps de suivre l\u2019actu ? Voici 10 infos \u00e0 ne surtout pas manquer cette semaine. 1. Venezuela : un retour \u00e0 l\u2019\u00e8re coloniale \u00e0 Caracas,&hellip; <\/p>\n","protected":false},"author":1,"featured_media":22177,"comment_status":"open","ping_status":"open","sticky":false,"template":"","format":"standard","meta":{"footnotes":""},"categories":[1],"tags":[],"class_list":["post-22176","post","type-post","status-publish","format-standard","has-post-thumbnail","hentry","category-non-classe"],"_links":{"self":[{"href":"https:\/\/monde25.info\/index.php\/wp-json\/wp\/v2\/posts\/22176","targetHints":{"allow":["GET"]}}],"collection":[{"href":"https:\/\/monde25.info\/index.php\/wp-json\/wp\/v2\/posts"}],"about":[{"href":"https:\/\/monde25.info\/index.php\/wp-json\/wp\/v2\/types\/post"}],"author":[{"embeddable":true,"href":"https:\/\/monde25.info\/index.php\/wp-json\/wp\/v2\/users\/1"}],"replies":[{"embeddable":true,"href":"https:\/\/monde25.info\/index.php\/wp-json\/wp\/v2\/comments?post=22176"}],"version-history":[{"count":0,"href":"https:\/\/monde25.info\/index.php\/wp-json\/wp\/v2\/posts\/22176\/revisions"}],"wp:featuredmedia":[{"embeddable":true,"href":"https:\/\/monde25.info\/index.php\/wp-json\/wp\/v2\/media\/22177"}],"wp:attachment":[{"href":"https:\/\/monde25.info\/index.php\/wp-json\/wp\/v2\/media?parent=22176"}],"wp:term":[{"taxonomy":"category","embeddable":true,"href":"https:\/\/monde25.info\/index.php\/wp-json\/wp\/v2\/categories?post=22176"},{"taxonomy":"post_tag","embeddable":true,"href":"https:\/\/monde25.info\/index.php\/wp-json\/wp\/v2\/tags?post=22176"}],"curies":[{"name":"wp","href":"https:\/\/api.w.org\/{rel}","templated":true}]}}