{"id":22180,"date":"2026-01-09T22:30:32","date_gmt":"2026-01-09T21:30:32","guid":{"rendered":"https:\/\/monde25.info\/index.php\/2026\/01\/09\/strategie-energetique-le-premier-syndicat-dedf-inquiet-pour-la-stabilite-du-systeme-electrique\/"},"modified":"2026-01-09T22:30:32","modified_gmt":"2026-01-09T21:30:32","slug":"strategie-energetique-le-premier-syndicat-dedf-inquiet-pour-la-stabilite-du-systeme-electrique","status":"publish","type":"post","link":"https:\/\/monde25.info\/index.php\/2026\/01\/09\/strategie-energetique-le-premier-syndicat-dedf-inquiet-pour-la-stabilite-du-systeme-electrique\/","title":{"rendered":"Strat\u00e9gie \u00e9nerg\u00e9tique : le premier syndicat d&rsquo;EDF inquiet pour la stabilit\u00e9 du syst\u00e8me \u00e9lectrique"},"content":{"rendered":"<p> <br \/>\n<\/p>\n<div>\n<p><span class=\"cf0\">La CFE Energies, premier syndicat d&rsquo;EDF, a interpell\u00e9 le gouvernement sur la future strat\u00e9gie \u00e9nerg\u00e9tique du pays, en attente de publication, <strong>craignant qu&rsquo;un d\u00e9veloppement trop important des \u00e9nergies renouvelables ne fragilise le parc nucl\u00e9aire et avec lui la stabilit\u00e9 du r\u00e9seau \u00e9lectrique.<\/strong><\/span><\/p>\n<p><span class=\"cf0\">Le syndicat a ainsi fait part de ses \u00ab\u00a0vives inqui\u00e9tudes\u00a0\u00bb sur l&rsquo;avenir du r\u00e9seau \u00e9lectrique dans un courrier envoy\u00e9 fin d\u00e9cembre au ministre de l&rsquo;Economie, Roland Lescure.<\/span><\/p>\n<p><span class=\"cf0\">Au coeur des inqui\u00e9tudes du syndicat,<strong> le recours jug\u00e9 excessif \u00e0 la \u00ab\u00a0modulation\u00a0\u00bb, <\/strong>qui am\u00e8ne de plus en plus EDF \u00e0 baisser sa production nucl\u00e9aire, pour s&rsquo;adapter \u00e0 une consommation en berne et compenser la part croissante des \u00e9nergies renouvelables, par nature intermittentes selon le vent et le soleil et non pilotable, contrairement \u00e0 l&rsquo;atome.<\/span><\/p>\n<p><span class=\"cf0\">Compte tenu du retard de l&rsquo;\u00e9lectrification dans le pays, \u00ab\u00a0si on fait des choix avec un volume d&rsquo;\u00e9nergies renouvelables (ENR) trop important, cela aura des cons\u00e9quences sur la modulation du parc\u00a0\u00bb, s&rsquo;est alarm\u00e9 aupr\u00e8s de l&rsquo;AFP, Andr\u00e9 Palu, secr\u00e9taire national de la CFE-Energies, charg\u00e9 des affaires publiques et europ\u00e9ennes.<\/span><\/p>\n<p><span class=\"cf0\">Il se base sur les \u00e9chos qu&rsquo;il a eus d&rsquo;un rapport sur le sujet, r\u00e9dig\u00e9 par EDF et qui n&rsquo;a pas encore \u00e9t\u00e9 rendu public.<\/span><\/p>\n<p><span class=\"cf0\">En cas de trop fort d\u00e9veloppement d&rsquo;\u00e9nergies renouvelables, notamment solaire, \u00ab\u00a0\u00e7a va avoir pour effet d&rsquo;aggraver la cloche solaire\u00a0\u00bb, a d\u00e9clar\u00e9 M. Palu. En cause, la forte production solaire l&rsquo;\u00e9t\u00e9 en journ\u00e9e, \u00e0 un moment o\u00f9 les besoins \u00e9lectriques sont plus faibles, n\u00e9cessitant de baisser la puissance des centrales nucl\u00e9aires pour \u00e9quilibrer le r\u00e9seau.<\/span><\/p>\n<p><span class=\"cf0\">\u00ab\u00a0S&rsquo;il y a trop de production renouvelable, on va \u00eatre amen\u00e9 \u00e0 arr\u00eater un certain nombre de centrales nucl\u00e9aires (&#8230;) <strong>plus on fait des arr\u00eats\/d\u00e9marrages d&rsquo;une centrale, plus on d\u00e9grade le mat\u00e9riel\u00a0\u00bb, avec des \u00ab\u00a0cons\u00e9quences aussi sur la prolongation de vie des r\u00e9acteurs\u00a0\u00bb<\/strong>, compte tenu des \u00ab\u00a0variations de pression et de temp\u00e9rature\u00a0\u00bb. Or, la prolongation des r\u00e9acteurs est au coeur de la strat\u00e9gie \u00e9nerg\u00e9tique fran\u00e7aise.<\/span><\/p>\n<p><span class=\"cf0\">\u00ab\u00a0La CFE \u00c9nergies demande que l&rsquo;\u00e9tude r\u00e9alis\u00e9e par EDF soit vers\u00e9e au d\u00e9bat public, publi\u00e9e sans d\u00e9lai et prise en compte dans l&rsquo;\u00e9laboration de la PPE3\u00a0\u00bb, la feuille de route \u00e9nerg\u00e9tique, \u00e9crit le secr\u00e9taire g\u00e9n\u00e9ral du syndicat, Alexandre Grillat, dans son courrier au ministre.<\/span><\/p>\n<p><span class=\"cf0\">\u00ab\u00a0La PPE3 ne peut ignorer l&rsquo;impact de ces sollicitations sur la maintenance, la disponibilit\u00e9 et la dur\u00e9e de vie des r\u00e9acteurs ni sur l&rsquo;\u00e9quilibre \u00e9conomique global du parc nucl\u00e9aire\u00a0\u00bb, insiste-t-il.<\/span><\/p>\n<\/div>\n<p><script>(function(d, s, id) {  var js, fjs = d.getElementsByTagName(s)[0];  if (d.getElementById(id)) return;  js = d.createElement(s); js.id = id;  js.src = \"\/\/connect.facebook.net\/fr_FR\/sdk.js#xfbml=1&version=v2.3\";  fjs.parentNode.insertBefore(js, fjs);}(document, \"script\", \"facebook-jssdk\"));<\/script><br \/>\n<br \/><br \/>\n<br \/><a href=\"https:\/\/www.francesoir.fr\/societe-economie\/strategie-energetique-le-premier-syndicat-d-edf-inquiet-pour-la-stabilite-du\" target=\"_blank\"\">Source link <\/a><\/p>\n","protected":false},"excerpt":{"rendered":"<p>La CFE Energies, premier syndicat d&rsquo;EDF, a interpell\u00e9 le gouvernement sur la future strat\u00e9gie \u00e9nerg\u00e9tique du pays, en attente de publication, craignant qu&rsquo;un d\u00e9veloppement trop important des \u00e9nergies renouvelables ne&hellip; <\/p>\n","protected":false},"author":1,"featured_media":22181,"comment_status":"open","ping_status":"open","sticky":false,"template":"","format":"standard","meta":{"footnotes":""},"categories":[1],"tags":[],"class_list":["post-22180","post","type-post","status-publish","format-standard","has-post-thumbnail","hentry","category-non-classe"],"_links":{"self":[{"href":"https:\/\/monde25.info\/index.php\/wp-json\/wp\/v2\/posts\/22180","targetHints":{"allow":["GET"]}}],"collection":[{"href":"https:\/\/monde25.info\/index.php\/wp-json\/wp\/v2\/posts"}],"about":[{"href":"https:\/\/monde25.info\/index.php\/wp-json\/wp\/v2\/types\/post"}],"author":[{"embeddable":true,"href":"https:\/\/monde25.info\/index.php\/wp-json\/wp\/v2\/users\/1"}],"replies":[{"embeddable":true,"href":"https:\/\/monde25.info\/index.php\/wp-json\/wp\/v2\/comments?post=22180"}],"version-history":[{"count":0,"href":"https:\/\/monde25.info\/index.php\/wp-json\/wp\/v2\/posts\/22180\/revisions"}],"wp:featuredmedia":[{"embeddable":true,"href":"https:\/\/monde25.info\/index.php\/wp-json\/wp\/v2\/media\/22181"}],"wp:attachment":[{"href":"https:\/\/monde25.info\/index.php\/wp-json\/wp\/v2\/media?parent=22180"}],"wp:term":[{"taxonomy":"category","embeddable":true,"href":"https:\/\/monde25.info\/index.php\/wp-json\/wp\/v2\/categories?post=22180"},{"taxonomy":"post_tag","embeddable":true,"href":"https:\/\/monde25.info\/index.php\/wp-json\/wp\/v2\/tags?post=22180"}],"curies":[{"name":"wp","href":"https:\/\/api.w.org\/{rel}","templated":true}]}}