{"id":22186,"date":"2026-01-10T00:49:42","date_gmt":"2026-01-09T23:49:42","guid":{"rendered":"https:\/\/monde25.info\/index.php\/2026\/01\/10\/les-1-les-plus-riches-ont-deja-epuise-leur-budget-carbone-2026\/"},"modified":"2026-01-10T00:49:42","modified_gmt":"2026-01-09T23:49:42","slug":"les-1-les-plus-riches-ont-deja-epuise-leur-budget-carbone-2026","status":"publish","type":"post","link":"https:\/\/monde25.info\/index.php\/2026\/01\/10\/les-1-les-plus-riches-ont-deja-epuise-leur-budget-carbone-2026\/","title":{"rendered":"Les 1\u00a0% les plus riches ont d\u00e9j\u00e0 \u00e9puis\u00e9 leur budget carbone 2026"},"content":{"rendered":"<p> <br \/>\n<br \/><img loading=\"lazy\" decoding=\"async\" src=\"https:\/\/reporterre.net\/local\/cache-vignettes\/L700xH467\/monacopasmonacoco-a80ba.jpg?1767999663\" class=\"spip_logo\" width=\"700\" height=\"467\" alt=\"\" \/><\/p>\n<p>Il n&rsquo;a fallu que dix jours pour qu&rsquo;ils explosent leur budget carbone. D&rsquo;apr\u00e8s une analyse publi\u00e9e par l&rsquo;organisation internationale Oxfam, le 10\u00a0janvier, les 1<small class=\"fine d-inline\">\u00a0<\/small>% des plus riches de la plan\u00e8te ont d\u00e9j\u00e0 consomm\u00e9 la totalit\u00e9 de leur budget carbone annuel. Autrement dit, ils ont d\u00e9j\u00e0 \u00e9mis plus de <span class=\"caps\">CO<\/span>\u2082 que le plafond individuel qui permettrait de respecter la limite de +1,5\u00a0\u00b0C de r\u00e9chauffement global par rapport \u00e0 l&rsquo;\u00e8re pr\u00e9industrielle. <br class=\"autobr\" \/><br \/>\nL&rsquo;organisation a proc\u00e9d\u00e9 \u00e0 ce calcul en se basant sur\u00a0(\u2026)<\/p>\n<p>                    <a target=\"_blank\" href=\"https:\/\/reporterre.net\/Les-1-les-plus-riches-ont-deja-epuise-leur-budget-carbone-2026?utm_source=RSS&amp;utm_medium=RSS\">Lire la suite<\/a><\/p>\n<p>                    &#8211;<br \/>\n                        <a target=\"_blank\" href=\"https:\/\/reporterre.net\/Breves-20\" rel=\"directory\">En bref<\/a><\/p>\n<p>                    \/<br \/>\n                        <a target=\"_blank\" href=\"https:\/\/reporterre.net\/Economie\" rel=\"tag\">\u00c9conomie<\/a><br \/>\n                    ,<br \/>\n                        <a target=\"_blank\" href=\"https:\/\/reporterre.net\/Pollutions\" rel=\"tag\">Pollutions<\/a><br \/>\n<br \/><br \/>\n<br \/><a href=\"https:\/\/reporterre.net\/Les-1-les-plus-riches-ont-deja-epuise-leur-budget-carbone-2026\" target=\"_blank\"\">Source link <\/a><\/p>\n","protected":false},"excerpt":{"rendered":"<p>Il n&rsquo;a fallu que dix jours pour qu&rsquo;ils explosent leur budget carbone. D&rsquo;apr\u00e8s une analyse publi\u00e9e par l&rsquo;organisation internationale Oxfam, le 10\u00a0janvier, les 1\u00a0% des plus riches de la plan\u00e8te&hellip; <\/p>\n","protected":false},"author":1,"featured_media":0,"comment_status":"open","ping_status":"open","sticky":false,"template":"","format":"standard","meta":{"footnotes":""},"categories":[1],"tags":[],"class_list":["post-22186","post","type-post","status-publish","format-standard","hentry","category-non-classe"],"_links":{"self":[{"href":"https:\/\/monde25.info\/index.php\/wp-json\/wp\/v2\/posts\/22186","targetHints":{"allow":["GET"]}}],"collection":[{"href":"https:\/\/monde25.info\/index.php\/wp-json\/wp\/v2\/posts"}],"about":[{"href":"https:\/\/monde25.info\/index.php\/wp-json\/wp\/v2\/types\/post"}],"author":[{"embeddable":true,"href":"https:\/\/monde25.info\/index.php\/wp-json\/wp\/v2\/users\/1"}],"replies":[{"embeddable":true,"href":"https:\/\/monde25.info\/index.php\/wp-json\/wp\/v2\/comments?post=22186"}],"version-history":[{"count":0,"href":"https:\/\/monde25.info\/index.php\/wp-json\/wp\/v2\/posts\/22186\/revisions"}],"wp:attachment":[{"href":"https:\/\/monde25.info\/index.php\/wp-json\/wp\/v2\/media?parent=22186"}],"wp:term":[{"taxonomy":"category","embeddable":true,"href":"https:\/\/monde25.info\/index.php\/wp-json\/wp\/v2\/categories?post=22186"},{"taxonomy":"post_tag","embeddable":true,"href":"https:\/\/monde25.info\/index.php\/wp-json\/wp\/v2\/tags?post=22186"}],"curies":[{"name":"wp","href":"https:\/\/api.w.org\/{rel}","templated":true}]}}