{"id":22189,"date":"2026-01-10T02:08:33","date_gmt":"2026-01-10T01:08:33","guid":{"rendered":"https:\/\/monde25.info\/index.php\/2026\/01\/10\/une-pme-corse-a-pris-tesla-de-vitesse-en-deposant-la-marque-cybercab\/"},"modified":"2026-01-10T02:08:33","modified_gmt":"2026-01-10T01:08:33","slug":"une-pme-corse-a-pris-tesla-de-vitesse-en-deposant-la-marque-cybercab","status":"publish","type":"post","link":"https:\/\/monde25.info\/index.php\/2026\/01\/10\/une-pme-corse-a-pris-tesla-de-vitesse-en-deposant-la-marque-cybercab\/","title":{"rendered":"Une PME corse a pris Tesla de vitesse en d\u00e9posant la marque \u00ab\u00a0Cybercab\u00a0\u00bb"},"content":{"rendered":"<p> <br \/>\n<\/p>\n<div>\n<p><strong>Le 10 octobre 2024, Elon Musk d\u00e9voilait en grande pompe le Cybercab, futur robot-taxi autonome cens\u00e9 r\u00e9volutionner la mobilit\u00e9 urbaine. Son nom n\u2019\u00e9tait pas encore prot\u00e9g\u00e9&#8230; Deux semaines plus tard, une petite entreprise bas\u00e9e \u00e0 Ajaccio d\u00e9posait la marque aux \u00c9tats-Unis, pla\u00e7ant Tesla dans une situation juridique inconfortable.<\/strong><\/p>\n<p>Le 28 octobre 2024, Ubilev, soci\u00e9t\u00e9 corse sp\u00e9cialis\u00e9e dans la distribution de boissons, d\u00e9pose la marque \u201cCybercab\u201d aupr\u00e8s de l\u2019office am\u00e9ricain des brevets et des marques. Tesla, pourtant \u00e0 l\u2019origine du nom, ne lancera sa propre d\u00e9marche qu\u2019en novembre. Si bien que la proc\u00e9dure du constructeur est gel\u00e9e jusqu\u2019\u00e0 l\u2019issue du dossier. L\u2019information, r\u00e9v\u00e9l\u00e9e par le m\u00e9dia sp\u00e9cialis\u00e9 am\u00e9ricain <em>Electrek <\/em>et relay\u00e9e par <em>France T\u00e9l\u00e9visions<\/em>, a rapidement fait le tour des cercles juridiques et industriels.<\/p>\n<p>Le fait est qu&rsquo;Ubilev n&rsquo;en est pas \u00e0 son coup d\u2019essai. La soci\u00e9t\u00e9 d\u00e9tient d\u00e9j\u00e0 plusieurs marques li\u00e9es \u00e0 l\u2019univers Tesla, dont \u201cTeslaquila\u201d, clin d\u2019\u0153il devenu actif juridique. <em>Electrek <\/em>\u00e9voque une man\u0153uvre r\u00e9fl\u00e9chie : \u00ab Une source proche du dossier a indiqu\u00e9 \u00e0 <em>Electrek <\/em>que Tesla et Ubilev sont en n\u00e9gociation \u00e0 ce sujet, mais qu\u2019aucun accord n\u2019a encore \u00e9t\u00e9 conclu. \u00bb Pendant ce temps, Tesla a d\u00e9j\u00e0 lanc\u00e9 la production de ses premiers robot-taxis dans son usine texane.<\/p>\n<p>Au-del\u00e0 de l\u2019anecdote, l\u2019affaire montre que l\u2019innovation ne prot\u00e8ge pas de l\u2019improvisation. \u00c0 l\u2019\u00e8re des annonces spectaculaires et des lancements mondialis\u00e9s, dont Musk est le sp\u00e9cialiste incontest\u00e9, un simple oubli administratif peut devenir un levier de n\u00e9gociation redoutable. Peut-\u00eatre en paiera-t-il les frais.<\/p>\n<\/div>\n<p><script>(function(d, s, id) {  var js, fjs = d.getElementsByTagName(s)[0];  if (d.getElementById(id)) return;  js = d.createElement(s); js.id = id;  js.src = \"\/\/connect.facebook.net\/fr_FR\/sdk.js#xfbml=1&version=v2.3\";  fjs.parentNode.insertBefore(js, fjs);}(document, \"script\", \"facebook-jssdk\"));<\/script><br \/>\n<br \/><br \/>\n<br \/><a href=\"https:\/\/www.francesoir.fr\/societe-faits-divers\/une-pme-corse-pris-tesla-de-vitesse-en-deposant-la-marque-cybercab\" target=\"_blank\"\">Source link <\/a><\/p>\n","protected":false},"excerpt":{"rendered":"<p>Le 10 octobre 2024, Elon Musk d\u00e9voilait en grande pompe le Cybercab, futur robot-taxi autonome cens\u00e9 r\u00e9volutionner la mobilit\u00e9 urbaine. Son nom n\u2019\u00e9tait pas encore prot\u00e9g\u00e9&#8230; Deux semaines plus tard,&hellip; <\/p>\n","protected":false},"author":1,"featured_media":0,"comment_status":"open","ping_status":"open","sticky":false,"template":"","format":"standard","meta":{"footnotes":""},"categories":[1],"tags":[],"class_list":["post-22189","post","type-post","status-publish","format-standard","hentry","category-non-classe"],"_links":{"self":[{"href":"https:\/\/monde25.info\/index.php\/wp-json\/wp\/v2\/posts\/22189","targetHints":{"allow":["GET"]}}],"collection":[{"href":"https:\/\/monde25.info\/index.php\/wp-json\/wp\/v2\/posts"}],"about":[{"href":"https:\/\/monde25.info\/index.php\/wp-json\/wp\/v2\/types\/post"}],"author":[{"embeddable":true,"href":"https:\/\/monde25.info\/index.php\/wp-json\/wp\/v2\/users\/1"}],"replies":[{"embeddable":true,"href":"https:\/\/monde25.info\/index.php\/wp-json\/wp\/v2\/comments?post=22189"}],"version-history":[{"count":0,"href":"https:\/\/monde25.info\/index.php\/wp-json\/wp\/v2\/posts\/22189\/revisions"}],"wp:attachment":[{"href":"https:\/\/monde25.info\/index.php\/wp-json\/wp\/v2\/media?parent=22189"}],"wp:term":[{"taxonomy":"category","embeddable":true,"href":"https:\/\/monde25.info\/index.php\/wp-json\/wp\/v2\/categories?post=22189"},{"taxonomy":"post_tag","embeddable":true,"href":"https:\/\/monde25.info\/index.php\/wp-json\/wp\/v2\/tags?post=22189"}],"curies":[{"name":"wp","href":"https:\/\/api.w.org\/{rel}","templated":true}]}}