{"id":2219,"date":"2024-12-15T04:00:41","date_gmt":"2024-12-15T03:00:41","guid":{"rendered":"https:\/\/monde25.info\/index.php\/2024\/12\/15\/dans-ce-village-on-vit-tous-en-tiny-houses\/"},"modified":"2024-12-15T04:00:41","modified_gmt":"2024-12-15T03:00:41","slug":"dans-ce-village-on-vit-tous-en-tiny-houses","status":"publish","type":"post","link":"https:\/\/monde25.info\/index.php\/2024\/12\/15\/dans-ce-village-on-vit-tous-en-tiny-houses\/","title":{"rendered":"Dans ce village, on vit tous en tiny houses"},"content":{"rendered":"<p> <br \/>\n<\/p>\n<div>\n<p class=\"indication_lieu\">Grand-Champ (Morbihan), reportage<\/p>\n<p>Il est 11\u00a0heures, en cette journ\u00e9e de\u00a0novembre, quand le transporteur p\u00e9n\u00e8tre dans le village <a target=\"_blank\" href=\"https:\/\/reporterre.net\/Caravanes-tiny-houses-En-Bretagne-on-teste-les-hameaux-legers\">de tiny houses<\/a> \u00e0 Grand-Champ, pour installer la minimaison d\u2019Emma, sur son emplacement de 200\u00a0m<sup class=\"typo_exposants\">2<\/sup>. Cette assistante maternelle de 31\u00a0ans est inqui\u00e8te\u00a0: <i>\u00ab<small class=\"fine d-inline\">\u00a0<\/small>J\u2019ai l\u2019impression que les chandelles [qui permettent de stabiliser la maison] ne sont pas de tr\u00e8s bonne qualit\u00e9.<small class=\"fine d-inline\">\u00a0<\/small>\u00bb<\/i> Antoine, un habitant, la rassure. Paysagiste et \u00e9ducateur en sport sant\u00e9 de 43\u00a0ans, il est venu l\u2019aider \u00e0 raccorder son logement en eau et en \u00e9lectricit\u00e9. Il faut compter deux heures trente de travail, selon lui. <i>\u00ab<small class=\"fine d-inline\">\u00a0<\/small>C\u2019est l\u2019entraide \u00e0 fond<small class=\"fine d-inline\">\u00a0<\/small>\u00bb<\/i>, dit ce p\u00e8re de famille, qui a pris l\u2019habitude de raccorder les habitats l\u00e9gers des nouveaux arrivants.\u00a0<\/p>\n<p>Antonin est aussi venu donner un coup de main \u00e0 sa nouvelle voisine. Emma a besoin de tuyaux pour son arriv\u00e9e d\u2019eau. <i>\u00ab<small class=\"fine d-inline\">\u00a0<\/small>Pas besoin de tout lui faire acheter, on en a, nous<small class=\"fine d-inline\">\u00a0<\/small>\u00bb<\/i>, dit le jeune homme de 27\u00a0ans, commercial chez Peugeot. Il ajoute, avec humour\u00a0: <i>\u00ab<small class=\"fine d-inline\">\u00a0<\/small>On est content qu\u2019elle arrive, elle nous cache du vis-\u00e0-vis.<small class=\"fine d-inline\">\u00a0<\/small>\u00bb<\/i><\/p>\n<p>Depuis ao\u00fbt dernier, vingt-et-une\u00a0tiny houses ont \u00e9t\u00e9 install\u00e9es sur cet ancien camping municipal de 8\u00a0000\u00a0m<sup class=\"typo_exposants\">2<\/sup>. Pour le moment, seules douze\u00a0sont habit\u00e9es. Port\u00e9 par Yves Bleunven, l\u2019ancien maire de Grand-Champ, d\u00e9sormais s\u00e9nateur, le projet a \u00e9t\u00e9 lanc\u00e9 en 2022 afin d\u2019offrir une alternative au march\u00e9 de l\u2019immobilier. Dans la commune, les prix des logements ont augment\u00e9 de 30<small class=\"fine d-inline\">\u00a0<\/small>%. <i>\u00ab<small class=\"fine d-inline\">\u00a0<\/small>On n\u2019arrive plus \u00e0 loger nos actifs<small class=\"fine d-inline\">\u00a0<\/small>\u00bb<\/i>, dit Christian Travert, directeur du p\u00f4le am\u00e9nagement.<\/p>\n<div class=\"spip_document_86864 spip_document spip_documents spip_document_image spip_documents_center spip_document_center spip_document_avec_legende\" data-legende-len=\"97\" data-legende-lenx=\"xx\">\n<figure class=\"spip_doc_inner\">\n      <picture><source type=\"image\/webp\" srcset=\"https:\/\/reporterre.net\/local\/cache-vignettes\/L1050xH700\/village_de_tiny-13-c9f42.jpg@.webp?1733327754\"><img decoding=\"async\" src=\"https:\/\/reporterre.net\/IMG\/jpg\/village_de_tiny-13.jpg\" width=\"1200\" height=\"800\" loading=\"lazy\" alt=\"\"\/><br \/>\n    <\/source><\/picture><figcaption class=\"spip_doc_legende\">\n<p>21 tiny houses ont \u00e9t\u00e9 install\u00e9es sur cet ancien camping municipal.<br \/>\n<i>\u00a9 Quentin Hulo \/ Reporterre<\/i><\/p>\n<\/figcaption><\/figure>\n<\/p><\/div>\n<p>L\u2019objectif\u00a0: louer \u00e0 un tarif abordable des emplacements \u00e0 des propri\u00e9taires de tiny, et des minimaisons en logement social, via le bailleur, Morbihan Habitat. <i>\u00ab<small class=\"fine d-inline\">\u00a0<\/small>On a eu beaucoup de demandes<small class=\"fine d-inline\">\u00a0<\/small>\u00bb<\/i>, dit le directeur. Mais le cahier des charges est strict. Seuls des actifs travaillant dans le bassin d\u2019emploi, \u00e0 moins de 100\u00a0kilom\u00e8tres de Grand-Champ, peuvent pr\u00e9tendre \u00e0 int\u00e9grer le village. <i>\u00ab<small class=\"fine d-inline\">\u00a0<\/small>On ne voulait pas de retrait\u00e9s ni de r\u00e9sidence secondaire.<small class=\"fine d-inline\">\u00a0<\/small>\u00bb<\/i>\u00a0<\/p>\n<p>En l\u2019espace de quatre mois, les propri\u00e9taires de la douzaine de tiny houses se sont presque tous install\u00e9s. La plupart des r\u00e9sidents ont fait le choix de ce nouveau mode de vie pour des raisons \u00e9conomiques et de bien-vivre ensemble, tout en essayant de tendre vers un habitat plus autonome et \u00e9cologique. Aujourd\u2019hui une vingtaine, avec des enfants, ils seront bient\u00f4t plus d\u2019une trentaine \u00e0 cohabiter.\u00a0<\/p>\n<h2 class=\"spip\">\u00ab<small class=\"fine d-inline\">\u00a0<\/small>On a besoin de quelque chose, on demande<small class=\"fine d-inline\">\u00a0<\/small>\u00bb<\/h2>\n<p>Le soir, sur la terrasse de Laura, un ap\u00e9ro d\u00e9gustation est improvis\u00e9. Cette maman d\u2019une petite fille de 6 ans s\u2019est s\u00e9par\u00e9e de son mari cet \u00e9t\u00e9. La trentenaire a rejoint le projet dans l\u2019espoir de cr\u00e9er un cocon d\u2019entraide\u00a0: <i>\u00ab<small class=\"fine d-inline\">\u00a0<\/small>Il y a un c\u00f4t\u00e9 rassurant dans ce village avec sa proximit\u00e9. On les voit par la fen\u00eatre, on a besoin de quelque chose, on demande. \u00c7a redonne foi en l\u2019humanit\u00e9.<small class=\"fine d-inline\">\u00a0<\/small>\u00bb<\/i><\/p>\n<p>Cette responsable administrative agricole, qui travaille encore pour le compte de son ex-mari, cherche un nouvel emploi. \u00c0 temps partiel pour le moment, avec un enfant \u00e0 charge en garde altern\u00e9e, elle n\u2019a pas le profil pour acheter ou louer dans cette commune de 6\u00a0000\u00a0habitants. <i>\u00ab<small class=\"fine d-inline\">\u00a0<\/small>Mon dossier ne passait pas. Ce n\u2019\u00e9tait pas possible d\u2019acheter un appartement neuf. Les prix commen\u00e7aient \u00e0 170\u00a0000\u00a0euros<small class=\"fine d-inline\">\u00a0<\/small>\u00bb<\/i>, explique-t-elle. Elle n\u2019envisage pas de quitter Grand-Champ.\u00a0<\/p>\n<div class=\"spip_document_86859 spip_document spip_documents spip_document_image spip_documents_center spip_document_center spip_document_avec_legende\" data-legende-len=\"141\" data-legende-lenx=\"xxx\">\n<figure class=\"spip_doc_inner\">\n      <picture><source type=\"image\/webp\" srcset=\"https:\/\/reporterre.net\/local\/cache-vignettes\/L1050xH700\/village_de_tiny-5-763d7.jpg@.webp?1733327754\"><img decoding=\"async\" src=\"https:\/\/reporterre.net\/IMG\/jpg\/village_de_tiny-5.jpg\" width=\"1200\" height=\"800\" loading=\"lazy\" alt=\"\"\/><br \/>\n    <\/source><\/picture><figcaption class=\"spip_doc_legende\">\n<p>\u00c0 l\u2019int\u00e9rieur, Laura pr\u00e9pare un chocolat chaud pour sa fille. Au-dessus d\u2019elles, un filet relie leurs chambres.<br \/>\n<i>\u00a9 Quentin Hulo \/ Reporterre<\/i><\/p>\n<\/figcaption><\/figure>\n<\/p><\/div>\n<p>En parall\u00e8le de ses recherches, elle s\u2019est int\u00e9ress\u00e9e au projet de tiny house. <i>\u00ab<small class=\"fine d-inline\">\u00a0<\/small>Il n\u2019y a pas de hasard. C\u2019est un mode de vie qui me parle, j\u2019ai v\u00e9cu dix\u00a0mois en van en Australie<\/i>, raconte-t-elle. <i>Et puis, j\u2019ai une sensibilit\u00e9 environnementale qui \u00e9volue. Je tends \u00e0 avancer vers plus de z\u00e9ro d\u00e9chet. J\u2019ai des toilettes s\u00e8ches comme la moiti\u00e9 des r\u00e9sidents.<small class=\"fine d-inline\">\u00a0<\/small>\u00bb<\/i>\u00a0<\/p>\n<p>Avec l\u2019aide de sa famille, Laura a donc achet\u00e9 son logement 46\u00a0000\u00a0euros, afin d\u2019\u00e9viter de prendre un cr\u00e9dit \u00e0 la consommation. Aujourd\u2019hui, elle paye 150\u00a0euros par mois pour les frais d\u2019occupation du terrain d\u00e9tenu par la mairie, et 30\u00a0euros pour les charges. Le bail est renouvelable tous les ans, pendant cinq\u00a0ans.<\/p>\n<div class=\"spip_document_86860 spip_document spip_documents spip_document_image spip_documents_center spip_document_center spip_document_avec_legende\" data-legende-len=\"192\" data-legende-lenx=\"xxx\">\n<figure class=\"spip_doc_inner\">\n      <picture><source type=\"image\/webp\" srcset=\"https:\/\/reporterre.net\/local\/cache-vignettes\/L1050xH700\/village_de_tiny-6-6e09c.jpg@.webp?1733327754\"><img decoding=\"async\" src=\"https:\/\/reporterre.net\/IMG\/jpg\/village_de_tiny-6.jpg\" width=\"1200\" height=\"800\" loading=\"lazy\" alt=\"\"\/><br \/>\n    <\/source><\/picture><figcaption class=\"spip_doc_legende\">\n<p>Laura\u00a0: \u00ab<small class=\"fine d-inline\">\u00a0<\/small><small class=\"fine d-inline\">\u00a0<\/small>Si un jour je peux avoir un appartement dans le bourg, je dirai non, car le c\u00f4t\u00e9 communaut\u00e9 me pla\u00eet ici, en plus de ce jardin sans limites pour Lola.<small class=\"fine d-inline\">\u00a0<\/small><small class=\"fine d-inline\">\u00a0<\/small>\u00bb<br \/>\n<i>\u00a9 Quentin Hulo \/ Reporterre<\/i><\/p>\n<\/figcaption><\/figure>\n<\/p><\/div>\n<h2 class=\"spip\">Fiert\u00e9 des enfants <\/h2>\n<p>Toujours sur la terrasse, Solenne, tr\u00e8s joviale, est \u00e0 l\u2019initiative de la d\u00e9gustation de bi\u00e8res. Elle est l\u2019une des derni\u00e8res \u00e0 s\u2019\u00eatre install\u00e9e dans le village et est soucieuse de bien s\u2019int\u00e9grer. Cette ancienne coordinatrice d\u2019assurance qualit\u00e9 en laboratoire pharmaceutique a d\u00e9cid\u00e9 de changer de vie \u00e0 40\u00a0ans. Apr\u00e8s son divorce en 2024, elle op\u00e9r\u00e9 une reconversion professionnelle et s\u2019est associ\u00e9e pour ouvrir la Microbrasserie Horla \u00e0 Grand-Champ.\u00a0<\/p>\n<p>\u00c0 la recherche d\u2019un logement apr\u00e8s sa s\u00e9paration, elle a d\u00e9couvert le projet municipal. Une \u00e9vidence pour elle\u00a0: <i>\u00ab<small class=\"fine d-inline\">\u00a0<\/small>J\u2019adore le c\u00f4t\u00e9 minimaliste des tiny. Je ne le suis pas du tout\u00a0: j\u2019accumule beaucoup. C\u2019est un vrai d\u00e9fi d\u2019en habiter une<\/i>, dit-elle en riant. <i>Mon style de vie avant \u00e9tait fonci\u00e8rement diff\u00e9rent. On avait une grosse voiture, du mobilier design\u2026 Je r\u00eave d\u2019avoir peu.<small class=\"fine d-inline\">\u00a0<\/small>\u00bb<\/i>\u00a0<\/p>\n<div class=\"spip_document_86857 spip_document spip_documents spip_document_image spip_documents_center spip_document_center spip_document_avec_legende\" data-legende-len=\"97\" data-legende-lenx=\"xx\">\n<figure class=\"spip_doc_inner\">\n      <picture><source type=\"image\/webp\" srcset=\"https:\/\/reporterre.net\/local\/cache-vignettes\/L1050xH700\/village_de_tiny-3-208cd.jpg@.webp?1733327755\"><img decoding=\"async\" src=\"https:\/\/reporterre.net\/IMG\/jpg\/village_de_tiny-3.jpg\" width=\"1200\" height=\"800\" loading=\"lazy\" alt=\"\"\/><br \/>\n    <\/source><\/picture><figcaption class=\"spip_doc_legende\">\n<p>Solenne est l\u2019une des derni\u00e8res \u00e0 s\u2019\u00eatre install\u00e9e dans le village.<br \/>\n<i>\u00a9 Quentin Hulo \/ Reporterre<\/i><\/p>\n<\/figcaption><\/figure>\n<\/p><\/div>\n<p>Implant\u00e9e dans un d\u00e9cor forestier, sa tiny et celles des autres sont relativement proches. <i>\u00ab<small class=\"fine d-inline\">\u00a0<\/small>J\u2019avais peur que cela soit une mauvaise chose, mais, en r\u00e9alit\u00e9, c\u2019est super agr\u00e9able. Si je m\u2019\u00e9tais retrouv\u00e9e seule au milieu d\u2019un champ, j\u2019aurais eu peur. \u00c7a me fait du bien d\u2019\u00eatre entour\u00e9e de personnes agr\u00e9ables sans \u00eatre envahissantes<small class=\"fine d-inline\">\u00a0<\/small>\u00bb<\/i>.\u00a0<\/p>\n<p>Dans le village, les enfants font aussi partie du quotidien. En tiny house et le plus souvent dehors, filles et gar\u00e7ons d\u00e9couvrent un terrain de jeu qui rassure leurs parents. <i>\u00ab<small class=\"fine d-inline\">\u00a0<\/small>C\u2019est g\u00e9nial de faire grandir des m\u00f4mes ici<small class=\"fine d-inline\">\u00a0<\/small>\u00bb<\/i>, se r\u00e9jouit Antoine. S\u00e9par\u00e9 de sa conjointe depuis peu, le quadrag\u00e9naire est p\u00e8re d\u2019une petite fille de 18\u00a0mois et d\u2019un adolescent de 15\u00a0ans, dont il a la garde une semaine sur deux.\u00a0<\/p>\n<div class=\"spip_document_86858 spip_document spip_documents spip_document_image spip_documents_center spip_document_center spip_document_avec_legende\" data-legende-len=\"124\" data-legende-lenx=\"xx\">\n<figure class=\"spip_doc_inner\">\n      <picture><source type=\"image\/webp\" srcset=\"https:\/\/reporterre.net\/local\/cache-vignettes\/L1050xH700\/village_de_tiny-4-44a0a.jpg@.webp?1733327755\"><img decoding=\"async\" src=\"https:\/\/reporterre.net\/IMG\/jpg\/village_de_tiny-4.jpg\" width=\"1200\" height=\"800\" loading=\"lazy\" alt=\"\"\/><br \/>\n    <\/source><\/picture><figcaption class=\"spip_doc_legende\">\n<p>Laura a achet\u00e9 sa tiny house 46 000 euros, pour \u00e9viter de prendre un cr\u00e9dit \u00e0 la consommation.<br \/>\n<i>\u00a9 Quentin Hulo \/ Reporterre<\/i><\/p>\n<\/figcaption><\/figure>\n<\/p><\/div>\n<p>Tr\u00e8s investi dans le collectif, il veut partager avec ses enfants ce nouveau mode de vie\u00a0: <i>\u00ab<small class=\"fine d-inline\">\u00a0<\/small>Je suis un papa hippocampe. J\u2019adore les avoir avec moi. Mia veut tout le temps \u00eatre dehors, voir des gens et leur sourire. Arthur est hyper content d\u2019\u00eatre au village. Il est fier de dire qu\u2019il vit en tiny.<small class=\"fine d-inline\">\u00a0<\/small>\u00bb<\/i><\/p>\n<p>Le paysagiste et \u00e9ducateur en sport sant\u00e9 veut leur transmettre ses valeurs \u00e9cologiques. Bricoleur exp\u00e9riment\u00e9, il a achet\u00e9 son logement d\u2019occasion \u00e0 Cholet et l\u2019a tract\u00e9 sans l\u2019aide d\u2019un transporteur jusqu\u2019\u00e0 Grand-Champ. <i>\u00ab<small class=\"fine d-inline\">\u00a0<\/small>\u00c7a ne servait \u00e0 rien d\u2019en faire construire une neuve, alors qu\u2019il y en a plein sur Leboncoin<small class=\"fine d-inline\">\u00a0<\/small>\u00bb<\/i>, dit-il, sa petite fille chahutant dans ses bras sous l\u2019\u0153il attentif de Ghost, le chien de la famille.\u00a0<\/p>\n<p>Cette vie en collectivit\u00e9, Yann veut aussi la transmettre \u00e0 son fils de 7\u00a0ans, Natha\u00ebl, m\u00eame s\u2019il avoue ne pas \u00eatre <i>\u00ab<small class=\"fine d-inline\">\u00a0<\/small>tr\u00e8s \u00e9colo<small class=\"fine d-inline\">\u00a0<\/small>\u00bb<\/i>. Apr\u00e8s la mort de sa femme, il y a deux ans, ce cog\u00e9rant d\u2019une soci\u00e9t\u00e9 de transports \u00e2g\u00e9 de 49\u00a0ans a voulu radicalement changer de vie pour \u00eatre plus pr\u00e9sent pour son fils\u00a0: <i>\u00ab<small class=\"fine d-inline\">\u00a0<\/small>Je suis son seul rep\u00e8re. Avant, j\u2019\u00e9tais \u00e0 100<small class=\"fine d-inline\">\u00a0<\/small>% dans le boulot. C\u2019est termin\u00e9 maintenant.<small class=\"fine d-inline\">\u00a0<\/small>\u00bb<\/i><\/p>\n<p>Dans le village, Natha\u00ebl peut aussi compter sur Lola, la fille de Laura, avec qui il s\u2019amuse r\u00e9guli\u00e8rement quand elle n\u2019est pas chez son p\u00e8re. <i>\u00ab<small class=\"fine d-inline\">\u00a0<\/small>J\u2019esp\u00e8re qu\u2019il y aura d\u2019autres enfants de son \u00e2ge<small class=\"fine d-inline\">\u00a0<\/small>\u00bb<\/i>, souhaite Yann, en faisant r\u00e9f\u00e9rence aux futurs arrivants.<\/p>\n<div class=\"spip_document_86861 spip_document spip_documents spip_document_image spip_documents_center spip_document_center spip_document_avec_legende\" data-legende-len=\"101\" data-legende-lenx=\"xx\">\n<figure class=\"spip_doc_inner\">\n      <picture><source type=\"image\/webp\" srcset=\"https:\/\/reporterre.net\/local\/cache-vignettes\/L1050xH700\/village_de_tiny-8-6a4b2.jpg@.webp?1733327755\"><img decoding=\"async\" src=\"https:\/\/reporterre.net\/IMG\/jpg\/village_de_tiny-8.jpg\" width=\"1200\" height=\"800\" loading=\"lazy\" alt=\"\"\/><br \/>\n    <\/source><\/picture><figcaption class=\"spip_doc_legende\">\n<p>Philippe et Audrey n\u2019en sont pas \u00e0 leur premier village de tiny houses.<br \/>\n<i>\u00a9 Quentin Hulo \/ Reporterre<\/i><\/p>\n<\/figcaption><\/figure>\n<\/p><\/div>\n<h2 class=\"spip\">Bient\u00f4t de nouveaux voisins<\/h2>\n<p>D\u00e9but\u00a02025, de nouveaux locataires emm\u00e9nageront dans dix minimaisons g\u00e9r\u00e9es par Morbihan Habitat. Une nouvelle \u00e9tape qui inqui\u00e8te certains habitants\u00a0: ces arrivants vont-ils choisir ce lieu par d\u00e9faut ou par choix<small class=\"fine d-inline\">\u00a0<\/small>?<\/p>\n<p>Laurie, arriv\u00e9e parmi les premi\u00e8res au village, avoue avoir <i>\u00ab<small class=\"fine d-inline\">\u00a0<\/small>une petite crainte<small class=\"fine d-inline\">\u00a0<\/small>\u00bb<\/i> quand il sera au complet. Cette charg\u00e9e de mission biod\u00e9chets aspire \u00e0 plus d\u2019intimit\u00e9 au quotidien\u00a0: <i>\u00ab<small class=\"fine d-inline\">\u00a0<\/small>Il faut qu\u2019on arrive \u00e0 avoir la m\u00eame id\u00e9e du projet avec tout le monde. Mais on est aussi press\u00e9s de les rencontrer. De d\u00e9couvrir le parcours de chacun.<small class=\"fine d-inline\">\u00a0<\/small>\u00bb<\/i> En attendant, les r\u00e9sidents doivent se constituer en association pour d\u00e9finir les r\u00e8gles permettant le bon fonctionnement et la bonne entente du groupe.\u00a0<\/p>\n<p>Philippe et Audrey, qui n\u2019en sont pas \u00e0 leur premier village de tiny, sont confiants\u00a0: <i>\u00ab<small class=\"fine d-inline\">\u00a0<\/small>On vit comme des voisins dans un lotissement. Des probl\u00e8mes de voisinage, \u00e7a peut arriver. Mais comme on est motiv\u00e9s par les m\u00eames choses, on sait se parler. L\u2019id\u00e9e, ce n\u2019est pas de vivre en communaut\u00e9. On vit c\u00f4te \u00e0 c\u00f4te avec des valeurs communes.<small class=\"fine d-inline\">\u00a0<\/small>\u00bb<\/i><\/p>\n<p><center><br \/>\n  <\/p>\n<p><\/center><\/p>\n<aside class=\"boite_encarts\">\n<div class=\"encart encart_gris noprint\">\n<p><strong>Il est de retour.<\/strong><\/p>\n<p>Dans quelques semaines, Donald Trump se r\u00e9-installera \u00e0 la Maison Blanche.<\/p>\n<p>Un milliardaire, pour qui le r\u00e9chauffement climatique est \u00ab<small class=\"fine d-inline\">\u00a0<\/small>un canular<small class=\"fine d-inline\">\u00a0<\/small>\u00bb, sera \u00e0 la t\u00eate de la plus grande puissance mondiale.<\/p>\n<p>Dans une d\u00e9cennie cruciale pour l\u2019\u00e9cologie, nous ne pouvons pas nous permettre de perdre plus de temps.<\/p>\n<p>La soci\u00e9t\u00e9 civile doit continuer de se soulever, de se mobiliser et de faire pression sur les puissants.<\/p>\n<p>Mais pour agir, il faut savoir.<\/p>\n<p><strong>Depuis 11 ans, nous publions des articles de qualit\u00e9 sur l\u2019\u00e9cologie, en acc\u00e8s libre et sans publicit\u00e9, pour tous.<\/strong><\/p>\n<p>Nous avons la conviction que l\u2019urgence \u00e9cologique est l\u2019enjeu majeur de notre \u00e9poque.<br class=\"autobr\"\/><br \/>\n Et comme plus de 2 millions de lectrices et lecteurs chaque mois, vous partagez sans doute cette conviction&#8230;<\/p>\n<p>Alors si vous en avez les moyens, sachez qu\u2019un don, m\u00eame d\u20191\u20ac, est un acte de soutien fort pour l\u2019\u00e9cologie et le journalisme ind\u00e9pendant.<br class=\"autobr\"\/><br \/>\n (Et \u00e7a vous prendra moins de temps que la lecture de ce texte).<\/p>\n<p><strong>Si vous le pouvez, choisissez un soutien mensuel. Merci.<\/strong><\/p>\n<p><a target=\"_blank\" href=\"https:\/\/reporterre.net\/dons\" class=\"bt_soutenir\">Je soutiens <i>Reporterre<\/i><\/a><\/p>\n<\/p><\/div>\n<div class=\"encart encart_vert noprint montre_1023\">\n<div class=\"infolettre-form-container noprint\">\n<p>Abonnez-vous \u00e0 la lettre d\u2019info de Reporterre<\/p>\n<\/div><\/div>\n<\/aside>\n<aside class=\"boite_apresarticle encart_note\">\n<h4>Apr\u00e8s cet article<\/h4>\n<p>      <a target=\"_blank\" href=\"https:\/\/reporterre.net\/Independantes-et-ecolos-ces-femmes-construisent-leur-propre-maison\" class=\"lien_article\">\n      <picture class=\"vignette_gauche\"><source type=\"image\/webp\" srcset=\"https:\/\/reporterre.net\/local\/cache-gd2\/c1\/fd5c1b13b6a9d86c3e492980187dbb.jpg@.webp?1730133669\"><img decoding=\"async\" src=\"https:\/\/reporterre.net\/local\/cache-gd2\/c1\/fd5c1b13b6a9d86c3e492980187dbb.jpg?1730133669\" width=\"450\" height=\"300\" alt=\"\" class=\"marge12\" loading=\"lazy\"\/><br \/>\n<\/source><\/picture>\n<p class=\"libelle\">\n<p>          Reportage \u2014<\/p>\n<p>      Alternatives\n    <\/p>\n<p class=\"titre pol20\">Ind\u00e9pendantes et \u00e9colos, ces femmes construisent leur propre maison<\/p>\n<p>      <\/a><br \/>\n    <\/aside>\n<aside class=\"boite_complement texte\">\n<p>      <!-- zone_forum --><br \/>\n          <\/aside>\n<aside class=\"boite_lireaussi noprint\">\n<\/aside>\n<aside class=\"colonne\">\n<div class=\"article_info cache_1023 noprint\">\n<p>    <span class=\"date\">14 d\u00e9cembre 2024  \u00e0 08h15<\/span><\/p>\n<p>    <span class=\"date_modif\">Mis \u00e0 jour le 14 d\u00e9cembre 2024 \u00e0 12h42<\/span>      <\/p>\n<p class=\"duree_lecture\">\n        Dur\u00e9e de lecture : 7 minutes\n      <\/p>\n<\/p><\/div>\n<div class=\"bloc_infolettre\">\n<div class=\"infolettre-form-container noprint\">\n<p>Abonnez-vous \u00e0 la lettre d\u2019info de Reporterre<\/p>\n<\/div><\/div>\n<\/aside><\/div>\n<p><br \/>\n<br \/><a href=\"https:\/\/reporterre.net\/Dans-ce-village-on-vit-tous-en-tiny-houses\" target=\"_blank\"\">Source link <\/a><\/p>\n","protected":false},"excerpt":{"rendered":"<p>Grand-Champ (Morbihan), reportage Il est 11\u00a0heures, en cette journ\u00e9e de\u00a0novembre, quand le transporteur p\u00e9n\u00e8tre dans le village de tiny houses \u00e0 Grand-Champ, pour installer la minimaison d\u2019Emma, sur son emplacement&hellip; <\/p>\n","protected":false},"author":1,"featured_media":2220,"comment_status":"open","ping_status":"open","sticky":false,"template":"","format":"standard","meta":{"footnotes":""},"categories":[1],"tags":[],"class_list":["post-2219","post","type-post","status-publish","format-standard","has-post-thumbnail","hentry","category-non-classe"],"_links":{"self":[{"href":"https:\/\/monde25.info\/index.php\/wp-json\/wp\/v2\/posts\/2219","targetHints":{"allow":["GET"]}}],"collection":[{"href":"https:\/\/monde25.info\/index.php\/wp-json\/wp\/v2\/posts"}],"about":[{"href":"https:\/\/monde25.info\/index.php\/wp-json\/wp\/v2\/types\/post"}],"author":[{"embeddable":true,"href":"https:\/\/monde25.info\/index.php\/wp-json\/wp\/v2\/users\/1"}],"replies":[{"embeddable":true,"href":"https:\/\/monde25.info\/index.php\/wp-json\/wp\/v2\/comments?post=2219"}],"version-history":[{"count":0,"href":"https:\/\/monde25.info\/index.php\/wp-json\/wp\/v2\/posts\/2219\/revisions"}],"wp:featuredmedia":[{"embeddable":true,"href":"https:\/\/monde25.info\/index.php\/wp-json\/wp\/v2\/media\/2220"}],"wp:attachment":[{"href":"https:\/\/monde25.info\/index.php\/wp-json\/wp\/v2\/media?parent=2219"}],"wp:term":[{"taxonomy":"category","embeddable":true,"href":"https:\/\/monde25.info\/index.php\/wp-json\/wp\/v2\/categories?post=2219"},{"taxonomy":"post_tag","embeddable":true,"href":"https:\/\/monde25.info\/index.php\/wp-json\/wp\/v2\/tags?post=2219"}],"curies":[{"name":"wp","href":"https:\/\/api.w.org\/{rel}","templated":true}]}}