{"id":22194,"date":"2026-01-10T04:05:02","date_gmt":"2026-01-10T03:05:02","guid":{"rendered":"https:\/\/monde25.info\/index.php\/2026\/01\/10\/psyches-debridees-pour-capitalisme-dechaine-par-frederic-lordon-sandra-lucbert-le-monde-diplomatique-janvier-2026\/"},"modified":"2026-01-10T04:05:02","modified_gmt":"2026-01-10T03:05:02","slug":"psyches-debridees-pour-capitalisme-dechaine-par-frederic-lordon-sandra-lucbert-le-monde-diplomatique-janvier-2026","status":"publish","type":"post","link":"https:\/\/monde25.info\/index.php\/2026\/01\/10\/psyches-debridees-pour-capitalisme-dechaine-par-frederic-lordon-sandra-lucbert-le-monde-diplomatique-janvier-2026\/","title":{"rendered":"Psych\u00e9s d\u00e9brid\u00e9es pour capitalisme d\u00e9cha\u00een\u00e9, par Fr\u00e9d\u00e9ric Lordon &#038; Sandra Lucbert (Le Monde diplomatique, janvier 2026)"},"content":{"rendered":"<p> <br \/>\n<\/p>\n<div>\n<p class=\"crayon article-surtitre-69186 surtitre\">De MM.\u00a0Trump et Macron aux gendarmes de Sainte-Soline<\/p>\n<div class=\"crayon article-chapo-69186 chapo\">\n<p>On apporte souvent au grand d\u00e9r\u00e8glement qui affecte la conduite des dominants des explications d\u2019ordre \u00e9conomique, sociologique ou politique. \u00c0 moins qu\u2019au contraire on le mette sur le compte de la \u00ab<small class=\"fine\">\u00a0<\/small>folie<small class=\"fine\">\u00a0<\/small>\u00bb individuelle. Dans leur livre \u00ab<small class=\"fine\">\u00a0<\/small>Pulsion<small class=\"fine\">\u00a0<\/small>\u00bb, le philosophe Fr\u00e9d\u00e9ric Lordon et l\u2019\u00e9crivaine Sandra Lucbert analysent l\u2019articulation entre structures du capital et structures psychiques, pareillement effr\u00e9n\u00e9es.<\/p>\n<\/div><\/div>\n<div couleurfade=\"e6e6e6\" couleurclaire=\"e4e5e6\" couleurpale=\"c1c8d6\" couleurmi=\"61646a\" couleurfoncee=\"484b50\" couleursombre=\"18191a\" couleurfond=\"4c4d4d\" couleurtexte=\"ffffff\">\n<div class=\"enapercu\">\n<figure class=\"spip_document_41500 spip_documents spip_documents_center xl\" style=\"width:890px;\">\n<div class=\"limage\">\n<p>\t\t\t<img loading=\"lazy\" decoding=\"async\" src=\"https:\/\/www.monde-diplomatique.fr\/\/local\/cache-vignettes\/L890xH625\/img022-63-2c74c.jpg?1766516627\" width=\"890\" height=\"625\" class=\"spip_logos\" alt=\"JPEG - 84.8\u00a0kio\"\/><\/p><\/div><figcaption>\n<p>Pierrick Naud. \u2014 \u00ab<small class=\"fine\">\u00a0<\/small>L\u2019Hypoth\u00e8se des doublures n\u00b0\u00a07<small class=\"fine\">\u00a0<\/small>\u00bb, 2023<\/p>\n<p>\u00a9 ADAGP, Paris, 2025 &#8211; Collection Mus\u00e9e de La Roche-sur-Yon &#8211; Galerie Modulab, Metz\n<\/p>\n<\/figcaption><\/figure>\n<p><span class=\"mot-lettrine\"><span class=\"lettrine\">F<\/span>aut<\/span>-il avoir du temps \u00e0 perdre pour s\u2019int\u00e9resser de nouveau \u00e0 la psychanalyse<small class=\"fine\">\u00a0<\/small>! Elle avait disparu des radars, nul ne s\u2019en plaignait vraiment. Longtemps consid\u00e9r\u00e9e comme une pens\u00e9e et une pratique de l\u2019\u00e9mancipation, elle avait r\u00e9ussi jusqu\u2019\u00e0 ce tour de force de se faire d\u00e9tester par la \u00ab<small class=\"fine\">\u00a0<\/small>gauche de l\u2019\u00e9mancipation<small class=\"fine\">\u00a0<\/small>\u00bb. Le fait est qu\u2019elle y avait mis du sien \u2014 d\u00e9rives sectaires, herm\u00e9tisme, et surtout\u00a0: passage par bataillons entiers du c\u00f4t\u00e9 des forces de l\u2019ordre symbolique, par exemple caution \u00ab<small class=\"fine\">\u00a0<\/small>scientifique<small class=\"fine\">\u00a0<\/small>\u00bb de la Manif pour tous et de son \u00ab<small class=\"fine\">\u00a0<\/small>Une famille, c\u2019est un papa, une maman<small class=\"fine\">\u00a0<\/small>\u00bb.<\/p>\n<p>Changement de climat\u00a0: voil\u00e0 que les cat\u00e9gories de la psychanalyse r\u00e9apparaissent, le discours de la gauche radicale s\u2019en repeuple, pour les trouver d\u2019int\u00e9r\u00eat dans la situation pr\u00e9sente ou pour les critiquer \u2014 signe, en tout cas, qu\u2019elles existent \u00e0 nouveau. Ce ne sont pas les auteurices du pr\u00e9sent texte qui s\u2019en plaindront\u00a0: leur intention \u00e9tait bien d\u2019y \u0153uvrer.<\/p>\n<p>La r\u00e9surgence ne va toutefois pas sans r\u00e9armer aussit\u00f4t ses pr\u00e9ventions-r\u00e9flexes\u00a0: \u00ab<small class=\"fine\">\u00a0<\/small>Il ne faut pas psychologiser.<small class=\"fine\">\u00a0<\/small>\u00bb On passera sur la confusion du psychologique et du psychique \u2014 pourtant s\u00e9par\u00e9s d\u2019un ab\u00eeme\u00a0\u2014, l\u2019intention \u00ab<small class=\"fine\">\u00a0<\/small>critique<small class=\"fine\">\u00a0<\/small>\u00bb est assez claire\u00a0: on se tromperait \u00e0 regarder seulement ce qui se passe \u00ab<small class=\"fine\">\u00a0<\/small>dans la t\u00eate des individus (de pouvoir)<small class=\"fine\">\u00a0<\/small>\u00bb. Si tel \u00e9tait le cas, on aurait bien raison de regimber. Le fait est d\u2019ailleurs que bon nombre des r\u00e9-usages contemporains donnent raison \u00e0 une m\u00e9fiance m\u00e9thodologique a priori bien fond\u00e9e\u00a0: on sait depuis \u00c9mile Durkheim qu\u2019on n\u2019explique pas le social par l\u2019individuel. On voit surtout l\u2019indigence des discours qui, pench\u00e9s sur les d\u00e9r\u00e8glements du monde, ne regardent que MM.\u00a0Donald Trump, Javier Milei ou Emmanuel Macron \u2014 et donnent pour toute explication\u00a0: \u00ab<small class=\"fine\">\u00a0<\/small>Il est fou.<small class=\"fine\">\u00a0<\/small>\u00bb<\/p>\n<p>Ou bien croient faire meilleure impression en balan\u00e7ant \u00ab<small class=\"fine\">\u00a0<\/small>de la pulsion<small class=\"fine\">\u00a0<\/small>\u00bb \u00e0 tout-va, n\u2019importe comment. En guise d\u2019explication du fascisme, nous apprenons ainsi qu\u2019il y a des \u00ab<small class=\"fine\">\u00a0<\/small>pulsions\u00a0(\u2026)<\/p>\n<\/p><\/div>\n<p>Taille de l\u2019article complet\u00a0:\u00a0<span>3\u00a0705<\/span>\u00a0mots.<\/p>\n<div class=\"promo_dispo_article\">\n<h2 class=\"avantbloc\">\n\tCet article est r\u00e9serv\u00e9 aux\u00a0abonn\u00e9s<\/p>\n<\/h2>\n<div class=\"abo_inst\">\n\t<strong>Lyc\u00e9es, biblioth\u00e8ques, administrations, entreprises,<\/strong><br \/>\n\tacc\u00e9dez \u00e0 la base de donn\u00e9es en ligne de tous les articles du <i>Monde diplomatique<\/i> de 1954 \u00e0 nos\u00a0jours.<br \/>\n\t<a target=\"_blank\" id=\"pw-institutions\" class=\"suivi\" href=\"https:\/\/www.monde-diplomatique.fr\/archives\/institutions\">Retrouvez cette\u00a0offre sp\u00e9cifique<\/a>.\n<\/div>\n<\/div><\/div>\n<div>\n<p class=\"nom\">Fr\u00e9d\u00e9ric Lordon <span class=\"et\">&amp;<\/span> <\/p>\n<p>\tSandra Lucbert<\/p>\n<p>\n\t\t\t\t\tRespectivement philosophe et auteure de litt\u00e9rature. Coauteurs de <i>Pulsion,<\/i> La D\u00e9couverte, Paris, 2025.<\/p>\n<\/p><\/div>\n<p><br \/>\n<br \/><a href=\"https:\/\/www.monde-diplomatique.fr\/2026\/01\/LORDON\/69186\" target=\"_blank\"\">Source link <\/a><\/p>\n","protected":false},"excerpt":{"rendered":"<p>De MM.\u00a0Trump et Macron aux gendarmes de Sainte-Soline On apporte souvent au grand d\u00e9r\u00e8glement qui affecte la conduite des dominants des explications d\u2019ordre \u00e9conomique, sociologique ou politique. \u00c0 moins qu\u2019au&hellip; <\/p>\n","protected":false},"author":1,"featured_media":22195,"comment_status":"open","ping_status":"open","sticky":false,"template":"","format":"standard","meta":{"footnotes":""},"categories":[1],"tags":[],"class_list":["post-22194","post","type-post","status-publish","format-standard","has-post-thumbnail","hentry","category-non-classe"],"_links":{"self":[{"href":"https:\/\/monde25.info\/index.php\/wp-json\/wp\/v2\/posts\/22194","targetHints":{"allow":["GET"]}}],"collection":[{"href":"https:\/\/monde25.info\/index.php\/wp-json\/wp\/v2\/posts"}],"about":[{"href":"https:\/\/monde25.info\/index.php\/wp-json\/wp\/v2\/types\/post"}],"author":[{"embeddable":true,"href":"https:\/\/monde25.info\/index.php\/wp-json\/wp\/v2\/users\/1"}],"replies":[{"embeddable":true,"href":"https:\/\/monde25.info\/index.php\/wp-json\/wp\/v2\/comments?post=22194"}],"version-history":[{"count":0,"href":"https:\/\/monde25.info\/index.php\/wp-json\/wp\/v2\/posts\/22194\/revisions"}],"wp:featuredmedia":[{"embeddable":true,"href":"https:\/\/monde25.info\/index.php\/wp-json\/wp\/v2\/media\/22195"}],"wp:attachment":[{"href":"https:\/\/monde25.info\/index.php\/wp-json\/wp\/v2\/media?parent=22194"}],"wp:term":[{"taxonomy":"category","embeddable":true,"href":"https:\/\/monde25.info\/index.php\/wp-json\/wp\/v2\/categories?post=22194"},{"taxonomy":"post_tag","embeddable":true,"href":"https:\/\/monde25.info\/index.php\/wp-json\/wp\/v2\/tags?post=22194"}],"curies":[{"name":"wp","href":"https:\/\/api.w.org\/{rel}","templated":true}]}}