{"id":22196,"date":"2026-01-10T04:50:17","date_gmt":"2026-01-10T03:50:17","guid":{"rendered":"https:\/\/monde25.info\/index.php\/2026\/01\/10\/goretti-en-pleine-tempete-la-radio-locale-maintient-le-lien\/"},"modified":"2026-01-10T04:50:17","modified_gmt":"2026-01-10T03:50:17","slug":"goretti-en-pleine-tempete-la-radio-locale-maintient-le-lien","status":"publish","type":"post","link":"https:\/\/monde25.info\/index.php\/2026\/01\/10\/goretti-en-pleine-tempete-la-radio-locale-maintient-le-lien\/","title":{"rendered":"Goretti\u00a0: en pleine temp\u00eate, la radio locale maintient le lien"},"content":{"rendered":"<p> <br \/>\n<br \/><img loading=\"lazy\" decoding=\"async\" src=\"https:\/\/reporterre.net\/local\/cache-vignettes\/L700xH467\/img_0120-053d5.jpg?1767974209\" class=\"spip_logo\" width=\"700\" height=\"467\" alt=\"\" \/><\/p>\n<p>La temp\u00eate Goretti a frapp\u00e9 la Normandie dans la nuit du 8 au 9\u00a0janvier. La radio publique locale Ici a lanc\u00e9 une \u00e9dition sp\u00e9ciale pour recueillir les t\u00e9moignages et informer sur les d\u00e9g\u00e2ts. Reporterre \u00e9tait dans les studios. <br class=\"autobr\" \/> \u00ab<small class=\"fine d-inline\">\u00a0<\/small>J&rsquo;ai peu dormi, mais je vous \u00e9coute. Un groupe \u00e9lectrog\u00e8ne me permet d&rsquo;avoir du courant<small class=\"fine d-inline\">\u00a0<\/small>\u00bb, confie une auditrice. Dans les locaux d&rsquo;Ici Normandie, l&rsquo;antenne locale de Radio France, l&rsquo;\u00e9quipe est sur le pont depuis 6\u00a0heures du matin pour informer les habitantes et\u00a0(\u2026)<\/p>\n<p>                    <a target=\"_blank\" href=\"https:\/\/reporterre.net\/Goretti-en-pleine-tempete-la-radio-locale-maintient-le-lien?utm_source=RSS&amp;utm_medium=RSS\">Lire la suite<\/a><\/p>\n<p>                    &#8211;<br \/>\n                        <a target=\"_blank\" href=\"https:\/\/reporterre.net\/Reportage\" rel=\"directory\">Reportage<\/a><\/p>\n<p>                    \/<br \/>\n                        <a target=\"_blank\" href=\"https:\/\/reporterre.net\/Climat-18\" rel=\"tag\">Climat <\/a><br \/>\n                    ,<br \/>\n                        <a target=\"_blank\" href=\"https:\/\/reporterre.net\/Medias\" rel=\"tag\">M\u00e9dias<\/a><br \/>\n<br \/><br \/>\n<br \/><a href=\"https:\/\/reporterre.net\/Goretti-en-pleine-tempete-la-radio-locale-maintient-le-lien\" target=\"_blank\"\">Source link <\/a><\/p>\n","protected":false},"excerpt":{"rendered":"<p>La temp\u00eate Goretti a frapp\u00e9 la Normandie dans la nuit du 8 au 9\u00a0janvier. La radio publique locale Ici a lanc\u00e9 une \u00e9dition sp\u00e9ciale pour recueillir les t\u00e9moignages et informer&hellip; <\/p>\n","protected":false},"author":1,"featured_media":0,"comment_status":"open","ping_status":"open","sticky":false,"template":"","format":"standard","meta":{"footnotes":""},"categories":[1],"tags":[],"class_list":["post-22196","post","type-post","status-publish","format-standard","hentry","category-non-classe"],"_links":{"self":[{"href":"https:\/\/monde25.info\/index.php\/wp-json\/wp\/v2\/posts\/22196","targetHints":{"allow":["GET"]}}],"collection":[{"href":"https:\/\/monde25.info\/index.php\/wp-json\/wp\/v2\/posts"}],"about":[{"href":"https:\/\/monde25.info\/index.php\/wp-json\/wp\/v2\/types\/post"}],"author":[{"embeddable":true,"href":"https:\/\/monde25.info\/index.php\/wp-json\/wp\/v2\/users\/1"}],"replies":[{"embeddable":true,"href":"https:\/\/monde25.info\/index.php\/wp-json\/wp\/v2\/comments?post=22196"}],"version-history":[{"count":0,"href":"https:\/\/monde25.info\/index.php\/wp-json\/wp\/v2\/posts\/22196\/revisions"}],"wp:attachment":[{"href":"https:\/\/monde25.info\/index.php\/wp-json\/wp\/v2\/media?parent=22196"}],"wp:term":[{"taxonomy":"category","embeddable":true,"href":"https:\/\/monde25.info\/index.php\/wp-json\/wp\/v2\/categories?post=22196"},{"taxonomy":"post_tag","embeddable":true,"href":"https:\/\/monde25.info\/index.php\/wp-json\/wp\/v2\/tags?post=22196"}],"curies":[{"name":"wp","href":"https:\/\/api.w.org\/{rel}","templated":true}]}}