{"id":22203,"date":"2026-01-10T08:52:39","date_gmt":"2026-01-10T07:52:39","guid":{"rendered":"https:\/\/monde25.info\/index.php\/2026\/01\/10\/france-la-vice-presidente-du-parlement-depose-une-proposition-de-resolution-pour-quitter-lotan\/"},"modified":"2026-01-10T08:52:39","modified_gmt":"2026-01-10T07:52:39","slug":"france-la-vice-presidente-du-parlement-depose-une-proposition-de-resolution-pour-quitter-lotan","status":"publish","type":"post","link":"https:\/\/monde25.info\/index.php\/2026\/01\/10\/france-la-vice-presidente-du-parlement-depose-une-proposition-de-resolution-pour-quitter-lotan\/","title":{"rendered":"France: la vice-pr\u00e9sidente du Parlement d\u00e9pose une proposition de r\u00e9solution pour quitter l\u2019OTAN"},"content":{"rendered":"<p> <br \/>\n<\/p>\n<div>\n<ol class=\"campaign-loop campaign-list\">\n<li id=\"campaign-482494\" class=\"post-482494 campaign type-campaign status-publish hentry campaign-has-goal campaign-has-achieved-goal campaign-has-end-date campaign-has-not-ended\">\n\t<a target=\"_blank\" href=\"https:\/\/reseauinternational.net\/campaigns\/campagne-de-dons-septembre-octobre-2025\/\"><\/p>\n<h3>Soutenez-nous<\/h3>\n<p>\t\t\t<\/a><\/p>\n<p>\n\tVotre soutien nous est indispensable pour continuer \u00e0 vous fournir le meilleur de l\u2019information internationale alternative. C\u2019est gr\u00e2ce \u00e0 vos dons que nous pourrons maintenir le cap pour une information plurielle et r\u00e9ellement alternative. Nous comptons sur vous.<\/p>\n<\/li>\n<\/ol>\n<p>par <strong>Observateur Continental<\/strong><\/p>\n<p>En raison des actions des \u00c9tats-Unis au Venezuela, notamment, Cl\u00e9mence Guett\u00e9, vice-pr\u00e9sidente Assembl\u00e9e nationale, d\u00e9put\u00e9e de Cr\u00e9teil, Choisy-le-Roi, Orly, responsable du programme La France insoumise, Co-pr\u00e9sidente Institut La Bo\u00e9tie, annonce d\u00e9poser une proposition de r\u00e9solution pour quitter l\u2019OTAN.\u00a0<\/p>\n<p>\u00ab<em>Plus que jamais, la question de la participation de la France \u00e0 l\u2019Organisation du Trait\u00e9 de l\u2019Atlantique Nord, alliance militaire dirig\u00e9e et au service des \u00c9tats-Unis, se pose. Je d\u00e9pose une proposition de r\u00e9solution pour la sortie planifi\u00e9e de l\u2019OTAN, en commen\u00e7ant par celle de son commandement int\u00e9gr\u00e9<\/em>\u00bb,\u00a0<a target=\"_blank\" href=\"https:\/\/x.com\/Clemence_Guette\/status\/2009309514273575050\" target=\"_blank\" rel=\"noreferrer noopener\">vient d\u2019annoncer<\/a>\u00a0Cl\u00e9mence Guett\u00e9, vice-pr\u00e9sidente Assembl\u00e9e nationale, d\u00e9put\u00e9e de Cr\u00e9teil, Choisy-le-Roi, Orly, responsable du programme La France insoumise,\u00a0Co-pr\u00e9sidente Institut La Bo\u00e9tie.\u00a0<\/p>\n<p>Elle a \u00e9crit avant les raisons: \u00ab<em>Les \u00c9tats-Unis de Trump kidnappent un chef d\u2019\u00c9tat au Venezuela. Les \u00c9tats-Unis de Trump soutiennent et appuient militairement un g\u00e9nocide en Palestine. Les \u00c9tats-Unis de Trump menacent le Groenland d\u2019une annexion arm\u00e9e\u00bb; \u00abLes \u00c9tats-Unis de Trump bombardent des peuples en violation totale du droit international<\/em>\u00bb.\u00a0<\/p>\n<p>\u00ab<em>En effet la France doit sortir du commandement int\u00e9gr\u00e9 de l\u2019OTAN puis de l\u2019OTAN. Nous devons \u00eatre non align\u00e9s. Notre dissuasion nucl\u00e9aire, notre diplomatie doivent \u00eatre au service de notre ind\u00e9pendance et rassembler une majorit\u00e9 de pays. La France m\u00e9rite mieux que d\u2019\u00eatre un larbin des Trump, Poutine ou Netanyahou qui bafouent le droit international<\/em>\u00bb,\u00a0<a target=\"_blank\" href=\"https:\/\/x.com\/gabrielamard\/status\/2009511201575776396\" target=\"_blank\" rel=\"noreferrer noopener\">rajoute<\/a>\u00a0Gabriel Amard, D\u00e9put\u00e9 du Rh\u00f4ne du Groupe La France Insoumise (LFI).\u00a0<\/p>\n<p>La France a \u00e9t\u00e9 \u00e0 l\u2019origine du trait\u00e9 de l\u2019Atlantique nord, qui a jet\u00e9 les bases de l\u2019OTAN. En 1966, la France, sur d\u00e9cision de Charles de Gaulle, alors pr\u00e9sident, s\u2019est retir\u00e9e du commandement militaire de l\u2019OTAN, ne conservant sa pr\u00e9sence que dans la structure politique de l\u2019organisation dans le contexte du conflit avec les \u00c9tats-Unis. Le quartier g\u00e9n\u00e9ral de l\u2019Alliance a alors \u00e9t\u00e9 transf\u00e9r\u00e9 de Paris \u00e0 Bruxelles, et les bases militaires am\u00e9ricaines sur le territoire fran\u00e7ais ont \u00e9t\u00e9 ferm\u00e9es. En 2009, sous la pr\u00e9sidence de Nicolas Sarkozy, Paris a enti\u00e8rement r\u00e9tabli son adh\u00e9sion \u00e0 l\u2019OTAN.\u00a0<\/p>\n<p>source : <a target=\"_blank\" href=\"https:\/\/www.observateur-continental.fr\/?module=news&amp;action=view&amp;id=7517\" target=\"_blank\" rel=\"noopener\" title=\"Observateur Continental\">Observateur Continental<\/a><\/p>\n<div class=\"sharedaddy sd-block sd-like jetpack-likes-widget-wrapper jetpack-likes-widget-unloaded\" id=\"like-post-wrapper-237719536-504956-6962045e8e24b\" data-src=\"https:\/\/widgets.wp.com\/likes\/?ver=15.2#blog_id=237719536&amp;post_id=504956&amp;origin=reseauinternational.net&amp;obj_id=237719536-504956-6962045e8e24b\" data-name=\"like-post-frame-237719536-504956-6962045e8e24b\" data-title=\"Aimer ou rebloguer\">\n<h3 class=\"sd-title\">J\u2019aime \u00e7a\u00a0:<\/h3>\n<p><span class=\"button\"><span>J\u2019aime<\/span><\/span> <span class=\"loading\">chargement\u2026<\/span><\/p>\n<p><span class=\"sd-text-color\"\/><a target=\"_blank\" class=\"sd-link-color\"\/><\/div>\n<p><meta itemscope=\"\" itemprop=\"mainEntityOfPage\" itemtype=\"https:\/\/schema.org\/WebPage\" itemid=\"https:\/\/reseauinternational.net\/france-la-vice-presidente-du-parlement-depose-une-proposition-de-resolution-pour-quitter-lotan\/\"\/><meta itemprop=\"headline\" content=\"France: la vice-pr\u00e9sidente du Parlement d\u00e9pose une proposition de r\u00e9solution pour quitter l\u2019OTAN\"\/><span style=\"display: none;\" itemprop=\"author\" itemscope=\"\" itemtype=\"https:\/\/schema.org\/Person\"><meta itemprop=\"name\" content=\"R\u00e9seau International\"\/><\/span><span style=\"display: none;\" itemprop=\"image\" itemscope=\"\" itemtype=\"https:\/\/schema.org\/ImageObject\"><meta itemprop=\"url\" content=\"https:\/\/i0.wp.com\/reseauinternational.net\/wp-content\/uploads\/2026\/01\/France-20260110.jpg?fit=800%2C467&amp;ssl=1\"\/><meta itemprop=\"width\" content=\"800\"\/><meta itemprop=\"height\" content=\"467\"\/><\/span><span style=\"display: none;\" itemprop=\"publisher\" itemscope=\"\" itemtype=\"https:\/\/schema.org\/Organization\"><span style=\"display: none;\" itemprop=\"logo\" itemscope=\"\" itemtype=\"https:\/\/schema.org\/ImageObject\"><meta itemprop=\"url\" content=\"https:\/\/reseauinternational.net\/wp-content\/uploads\/2022\/06\/Capture-de\u0301cran-2022-06-14-a\u0300-16.51.07.png\"\/><\/span><meta itemprop=\"name\" content=\"R\u00e9seau International\"\/><\/span><meta itemprop=\"datePublished\" content=\"2026-01-10T08:48:14+00:00\"\/><meta itemprop=\"dateModified\" content=\"2026-01-10T08:48:24+00:00\"\/><\/div>\n<p><br \/>\n<br \/><a href=\"https:\/\/reseauinternational.net\/france-la-vice-presidente-du-parlement-depose-une-proposition-de-resolution-pour-quitter-lotan\/\" target=\"_blank\"\">Source link <\/a><\/p>\n","protected":false},"excerpt":{"rendered":"<p>Soutenez-nous Votre soutien nous est indispensable pour continuer \u00e0 vous fournir le meilleur de l\u2019information internationale alternative. C\u2019est gr\u00e2ce \u00e0 vos dons que nous pourrons maintenir le cap pour une&hellip; <\/p>\n","protected":false},"author":1,"featured_media":22204,"comment_status":"open","ping_status":"open","sticky":false,"template":"","format":"standard","meta":{"footnotes":""},"categories":[1],"tags":[],"class_list":["post-22203","post","type-post","status-publish","format-standard","has-post-thumbnail","hentry","category-non-classe"],"_links":{"self":[{"href":"https:\/\/monde25.info\/index.php\/wp-json\/wp\/v2\/posts\/22203","targetHints":{"allow":["GET"]}}],"collection":[{"href":"https:\/\/monde25.info\/index.php\/wp-json\/wp\/v2\/posts"}],"about":[{"href":"https:\/\/monde25.info\/index.php\/wp-json\/wp\/v2\/types\/post"}],"author":[{"embeddable":true,"href":"https:\/\/monde25.info\/index.php\/wp-json\/wp\/v2\/users\/1"}],"replies":[{"embeddable":true,"href":"https:\/\/monde25.info\/index.php\/wp-json\/wp\/v2\/comments?post=22203"}],"version-history":[{"count":0,"href":"https:\/\/monde25.info\/index.php\/wp-json\/wp\/v2\/posts\/22203\/revisions"}],"wp:featuredmedia":[{"embeddable":true,"href":"https:\/\/monde25.info\/index.php\/wp-json\/wp\/v2\/media\/22204"}],"wp:attachment":[{"href":"https:\/\/monde25.info\/index.php\/wp-json\/wp\/v2\/media?parent=22203"}],"wp:term":[{"taxonomy":"category","embeddable":true,"href":"https:\/\/monde25.info\/index.php\/wp-json\/wp\/v2\/categories?post=22203"},{"taxonomy":"post_tag","embeddable":true,"href":"https:\/\/monde25.info\/index.php\/wp-json\/wp\/v2\/tags?post=22203"}],"curies":[{"name":"wp","href":"https:\/\/api.w.org\/{rel}","templated":true}]}}