{"id":22205,"date":"2026-01-10T09:56:09","date_gmt":"2026-01-10T08:56:09","guid":{"rendered":"https:\/\/monde25.info\/index.php\/2026\/01\/10\/mercosur-lunion-europeenne-donne-son-feu-vert-sans-la-france\/"},"modified":"2026-01-10T09:56:09","modified_gmt":"2026-01-10T08:56:09","slug":"mercosur-lunion-europeenne-donne-son-feu-vert-sans-la-france","status":"publish","type":"post","link":"https:\/\/monde25.info\/index.php\/2026\/01\/10\/mercosur-lunion-europeenne-donne-son-feu-vert-sans-la-france\/","title":{"rendered":"Mercosur : l&rsquo;Union europ\u00e9enne donne son feu vert, sans la France"},"content":{"rendered":"<p> <br \/>\n<\/p>\n<div>\n<p>Apr\u00e8s plus de vingt-cinq ans de n\u00e9gociations, l&rsquo;Union europ\u00e9enne a donn\u00e9 son feu vert \u00e0 l&rsquo;accord de libre-\u00e9change avec le Mercosur vendredi, malgr\u00e9 la col\u00e8re des agriculteurs et l&rsquo;opposition timide de la France.<\/p>\n<p>La pr\u00e9sidente de la Commission europ\u00e9enne, Ursula von der Leyen, a salu\u00e9 un \u00ab\u00a0accord historique\u00a0\u00bb avec l&rsquo;Am\u00e9rique latine, qu&rsquo;elle a \u00ab\u00a0h\u00e2te\u00a0\u00bb de parapher.<\/p>\n<p>Selon le gouvernement argentin, cette signature est pr\u00e9vue le 17 janvier au Paraguay.<\/p>\n<p>Ce trait\u00e9 entre l&rsquo;UE, l&rsquo;Argentine, le Br\u00e9sil, le Paraguay et l&rsquo;Uruguay cr\u00e9erait l&rsquo;une des plus grandes zones de libre-\u00e9change au monde, de plus de 700 millions de consommateurs.<\/p>\n<p>Sa ratification d\u00e9pend encore d&rsquo;un vote du Parlement europ\u00e9en, probablement en f\u00e9vrier ou en mars. Le scrutin pourrait \u00eatre serr\u00e9, alors que la contestation agricole s&rsquo;amplifie.<\/p>\n<p>Vendredi, des manifestations ont eu lieu en Pologne et en Italie et la mobilisation s&rsquo;est poursuivie en France.<\/p>\n<p>Une cinquantaine de tracteurs d&rsquo;agriculteurs fran\u00e7ais et allemands ont bloqu\u00e9 le Pont de l&rsquo;Europe reliant Strasbourg \u00e0 Kehl, de l&rsquo;autre c\u00f4t\u00e9 du Rhin.<\/p>\n<p>Deux autoroutes \u00e0 la fronti\u00e8re franco-belge \u00e9taient \u00e9galement bloqu\u00e9es, ainsi qu&rsquo;un d\u00e9p\u00f4t p\u00e9trolier dans le Nord de la France.<\/p>\n<p>Des agriculteurs et leurs tracteurs \u00e9taient aussi \u00e0 Paris pour d\u00e9noncer le Mercosur, le prix des engrais et la gestion gouvernementale de l&rsquo;\u00e9pizootie de dermatose nodulaire contagieuse (DNC) chez les bovins.<\/p>\n<p>\u00c0 Bruxelles vendredi, une majorit\u00e9 d&rsquo;\u00c9tats europ\u00e9ens a donn\u00e9 son aval \u00e0 cet accord avec le Mercosur, gr\u00e2ce au soutien d\u00e9cisif de l&rsquo;Italie.<\/p>\n<p>La cheffe du gouvernement italien Giorgia Meloni vante un \u00ab\u00a0\u00e9quilibre\u00a0\u00bb entre les b\u00e9n\u00e9fices pour les industriels et les \u00ab\u00a0garanties\u00a0\u00bb apport\u00e9es aux agriculteurs.<\/p>\n<p>En Allemagne, le chancelier Friedrich Merz a salu\u00e9 un \u00ab\u00a0signal fort\u00a0\u00bb, qui soulage l&rsquo;industrie automobile, d\u00e9boussol\u00e9e par les droits de douane des \u00c9tats-Unis et la concurrence chinoise.<\/p>\n<p>Comme la Hongrie, la Pologne, l&rsquo;Irlande et l&rsquo;Autriche, la France s&rsquo;est oppos\u00e9e \u00e0 cet accord \u00ab\u00a0d&rsquo;un autre \u00e2ge\u00a0\u00bb, n\u00e9goci\u00e9 depuis 1999. Elle compte poursuivre la bataille au Parlement europ\u00e9en et s&rsquo;alarme d&rsquo;une \u00e9ventuelle application du trait\u00e9 avant sa ratification \u00e0 Strasbourg.<\/p>\n<p>150 eurod\u00e9put\u00e9s, sur 720, ont en outre appel\u00e9 \u00e0 saisir la justice pour tenter de suspendre l&rsquo;accord.<\/p>\n<p>Pour ses d\u00e9tracteurs, ce trait\u00e9 va bousculer l&rsquo;agriculture europ\u00e9enne avec des produits moins chers et pas forc\u00e9ment respectueux des normes de l&rsquo;UE, faute de contr\u00f4les suffisants.<\/p>\n<p>Pour ses thurif\u00e9raires, il va permettre au contraire de relancer une \u00e9conomie europ\u00e9enne \u00e0 la peine, et de \u00ab\u00a0renforcer l&rsquo;autonomie strat\u00e9gique\u00a0\u00bb de l&rsquo;UE, s&rsquo;est f\u00e9licit\u00e9 le gouvernement espagnol.<\/p>\n<p>En supprimant une large part des droits de douane, cet accord favorise les exportations europ\u00e9ennes de voitures, de machines, de vins et de fromages.<\/p>\n<p>Dans le sens inverse, il facilite l&rsquo;entr\u00e9e en Europe de b\u0153uf, de volaille, sucre, riz, miel et soja sud-am\u00e9ricains, avec des quotas de produits d\u00e9tax\u00e9s qui inqui\u00e8tent les fili\u00e8res concern\u00e9es.<\/p>\n<p>Le retour de Donald Trump \u00e0 la Maison Blanche a donn\u00e9 un argument suppl\u00e9mentaire aux partisans de l&rsquo;accord. L&rsquo;Union europ\u00e9enne doit diversifier ses partenariats commerciaux, mart\u00e8le ainsi la Commission.<\/p>\n<p>C&rsquo;est un \u00ab\u00a0jour historique pour le multilat\u00e9ralisme\u00a0\u00bb, s&rsquo;est aussi r\u00e9joui le pr\u00e9sident br\u00e9silien Lula.<\/p>\n<p>Dans l&rsquo;espoir d&rsquo;amadouer les agriculteurs, Bruxelles a encha\u00een\u00e9 les concessions ces derniers mois, dont des garanties renforc\u00e9es pour les produits les plus sensibles.<\/p>\n<p>Sur ce volet, les Vingt-Sept se sont align\u00e9s vendredi sur la position mieux-disante du Parlement europ\u00e9en pour prot\u00e9ger les agriculteurs en cas de d\u00e9stabilisation du march\u00e9.<\/p>\n<p>Mais rien n&rsquo;y a fait, la col\u00e8re agricole est repartie de plus belle.<\/p>\n<p>En France, emp\u00eatr\u00e9e dans l&rsquo;instabilit\u00e9 politique, Emmanuel Macron a paru h\u00e9siter au sujet de ce trait\u00e9 avec le Mercosur, \u00ab\u00a0pas acceptable en l&rsquo;\u00e9tat\u00a0\u00bb.<\/p>\n<p>Mais la pression \u00e9tait trop forte, avec la menace de la droite de faire tomber le gouvernement en cas de soutien \u00e0 l&rsquo;accord.<\/p>\n<p>Et malgr\u00e9 le non d&rsquo;Emmanuel Macron au Mercosur, l&rsquo;extr\u00eame droite fran\u00e7aise a annonc\u00e9 deux motions de censure \u00e0 l&rsquo;Assembl\u00e9e nationale et au Parlement europ\u00e9en, aux faibles chances d&rsquo;aboutir. La gauche radicale a \u00e9galement annonc\u00e9 le d\u00e9p\u00f4t d&rsquo;une motion de censure \u00e0 l&rsquo;Assembl\u00e9e.<\/p>\n<p>L&rsquo;UE va aller signer un accord commercial\u00a0contre l&rsquo;avis de la premi\u00e8re puissance agricole europ\u00e9enne, une situation quasiment in\u00e9dite.<\/p>\n<p>Certes, Paris souligne avoir pes\u00e9 pour obtenir des gestes en faveur des agriculteurs. Mais c&rsquo;est \u00ab\u00a0un \u00e9chec diplomatique et tactique\u00a0\u00bb, cingle un ancien ministre fran\u00e7ais, anonymement.<\/p>\n<\/div>\n<p><script>(function(d, s, id) {  var js, fjs = d.getElementsByTagName(s)[0];  if (d.getElementById(id)) return;  js = d.createElement(s); js.id = id;  js.src = \"\/\/connect.facebook.net\/fr_FR\/sdk.js#xfbml=1&version=v2.3\";  fjs.parentNode.insertBefore(js, fjs);}(document, \"script\", \"facebook-jssdk\"));<\/script><br \/>\n<br \/><br \/>\n<br \/><a href=\"https:\/\/www.francesoir.fr\/politique-monde\/mercosur-l-union-europeenne-donne-son-feu-vert-sans-la-france\" target=\"_blank\"\">Source link <\/a><\/p>\n","protected":false},"excerpt":{"rendered":"<p>Apr\u00e8s plus de vingt-cinq ans de n\u00e9gociations, l&rsquo;Union europ\u00e9enne a donn\u00e9 son feu vert \u00e0 l&rsquo;accord de libre-\u00e9change avec le Mercosur vendredi, malgr\u00e9 la col\u00e8re des agriculteurs et l&rsquo;opposition timide&hellip; <\/p>\n","protected":false},"author":1,"featured_media":22206,"comment_status":"open","ping_status":"open","sticky":false,"template":"","format":"standard","meta":{"footnotes":""},"categories":[1],"tags":[],"class_list":["post-22205","post","type-post","status-publish","format-standard","has-post-thumbnail","hentry","category-non-classe"],"_links":{"self":[{"href":"https:\/\/monde25.info\/index.php\/wp-json\/wp\/v2\/posts\/22205","targetHints":{"allow":["GET"]}}],"collection":[{"href":"https:\/\/monde25.info\/index.php\/wp-json\/wp\/v2\/posts"}],"about":[{"href":"https:\/\/monde25.info\/index.php\/wp-json\/wp\/v2\/types\/post"}],"author":[{"embeddable":true,"href":"https:\/\/monde25.info\/index.php\/wp-json\/wp\/v2\/users\/1"}],"replies":[{"embeddable":true,"href":"https:\/\/monde25.info\/index.php\/wp-json\/wp\/v2\/comments?post=22205"}],"version-history":[{"count":0,"href":"https:\/\/monde25.info\/index.php\/wp-json\/wp\/v2\/posts\/22205\/revisions"}],"wp:featuredmedia":[{"embeddable":true,"href":"https:\/\/monde25.info\/index.php\/wp-json\/wp\/v2\/media\/22206"}],"wp:attachment":[{"href":"https:\/\/monde25.info\/index.php\/wp-json\/wp\/v2\/media?parent=22205"}],"wp:term":[{"taxonomy":"category","embeddable":true,"href":"https:\/\/monde25.info\/index.php\/wp-json\/wp\/v2\/categories?post=22205"},{"taxonomy":"post_tag","embeddable":true,"href":"https:\/\/monde25.info\/index.php\/wp-json\/wp\/v2\/tags?post=22205"}],"curies":[{"name":"wp","href":"https:\/\/api.w.org\/{rel}","templated":true}]}}